{"id":3169,"date":"2023-04-03T19:58:29","date_gmt":"2023-04-03T19:58:29","guid":{"rendered":"https:\/\/www2.unifap.br\/cambientais\/?p=3169"},"modified":"2023-04-03T19:58:44","modified_gmt":"2023-04-03T19:58:44","slug":"visita-tecnica-a-estacao-de-tratamento-de-efluentes-do-amapa-garden-shopping","status":"publish","type":"post","link":"http:\/\/www2.unifap.br\/cambientais\/2023\/04\/03\/visita-tecnica-a-estacao-de-tratamento-de-efluentes-do-amapa-garden-shopping\/","title":{"rendered":"Visita T\u00e9cnica a Esta\u00e7\u00e3o de Tratamento de Efluentes do Amap\u00e1 Garden Shopping"},"content":{"rendered":"\t\t<div data-elementor-type=\"wp-post\" data-elementor-id=\"3169\" class=\"elementor elementor-3169\">\n\t\t\t\t\t\t<section class=\"elementor-section elementor-top-section elementor-element elementor-element-5264a18 elementor-section-boxed elementor-section-height-default elementor-section-height-default\" data-id=\"5264a18\" data-element_type=\"section\" data-e-type=\"section\">\n\t\t\t\t\t\t<div class=\"elementor-container elementor-column-gap-default\">\n\t\t\t\t\t<div class=\"elementor-column elementor-col-100 elementor-top-column elementor-element elementor-element-201bb7a\" data-id=\"201bb7a\" data-element_type=\"column\" data-e-type=\"column\">\n\t\t\t<div class=\"elementor-widget-wrap elementor-element-populated\">\n\t\t\t\t\t\t<div class=\"elementor-element elementor-element-1d4d709 elementor-widget elementor-widget-text-editor\" data-id=\"1d4d709\" data-element_type=\"widget\" data-e-type=\"widget\" data-widget_type=\"text-editor.default\">\n\t\t\t\t<div class=\"elementor-widget-container\">\n\t\t\t\t\t\t\t\t\t<p><span style=\"color: #000000\">Os acad\u00eamicos do Curso de Bacharelado em Ci\u00eancias Ambientais participaram de uma visita t\u00e9cnica \u00e0 <strong>Esta\u00e7\u00e3o de Tratamento de Efluentes do Amap\u00e1 Garden Shoppin<\/strong>g. A visita t\u00e9cnica ocorreu nos dias 06\/02\/22 (turma 2020) e 18\/04\/22 (turma 2019) e faz parte das atividades desenvolvidas pela disciplina de <strong>Saneamento Ambiental I<\/strong>, ministrada pela Prof. Dra. <strong>Karina Valverde<\/strong>. Abaixo registros fotogr\u00e1ficos do momento da visita.<\/span><\/p><p><span style=\"color: #000000\"><strong>Turma de 2019<\/strong><\/span><\/p><p><a href=\"http:\/\/www2.unifap.br\/cambientais\/files\/2023\/04\/04.jpeg\"><img fetchpriority=\"high\" decoding=\"async\" class=\"alignnone size-medium wp-image-3171\" src=\"http:\/\/www2.unifap.br\/cambientais\/files\/2023\/04\/04-300x225.jpeg\" alt=\"\" width=\"300\" height=\"225\" srcset=\"http:\/\/www2.unifap.br\/cambientais\/files\/2023\/04\/04-300x225.jpeg 300w, http:\/\/www2.unifap.br\/cambientais\/files\/2023\/04\/04-768x576.jpeg 768w, http:\/\/www2.unifap.br\/cambientais\/files\/2023\/04\/04-150x113.jpeg 150w, http:\/\/www2.unifap.br\/cambientais\/files\/2023\/04\/04-200x150.jpeg 200w, http:\/\/www2.unifap.br\/cambientais\/files\/2023\/04\/04.jpeg 1024w\" sizes=\"(max-width: 300px) 100vw, 300px\" \/><\/a> <a href=\"http:\/\/www2.unifap.br\/cambientais\/files\/2023\/04\/44.jpeg\"><img decoding=\"async\" class=\"alignnone size-medium wp-image-3172\" src=\"http:\/\/www2.unifap.br\/cambientais\/files\/2023\/04\/44-300x225.jpeg\" alt=\"\" width=\"300\" height=\"225\" srcset=\"http:\/\/www2.unifap.br\/cambientais\/files\/2023\/04\/44-300x225.jpeg 300w, http:\/\/www2.unifap.br\/cambientais\/files\/2023\/04\/44-768x576.jpeg 768w, http:\/\/www2.unifap.br\/cambientais\/files\/2023\/04\/44-150x113.jpeg 150w, http:\/\/www2.unifap.br\/cambientais\/files\/2023\/04\/44-200x150.jpeg 200w, http:\/\/www2.unifap.br\/cambientais\/files\/2023\/04\/44.jpeg 1024w\" sizes=\"(max-width: 300px) 100vw, 300px\" \/><\/a><\/p><p><span style=\"color: #000000\"><strong>Turma de 2020<\/strong><\/span><\/p><p><a href=\"http:\/\/www2.unifap.br\/cambientais\/files\/2023\/04\/43.jpeg\"><img decoding=\"async\" class=\"alignnone size-medium wp-image-3173\" src=\"http:\/\/www2.unifap.br\/cambientais\/files\/2023\/04\/43-300x250.jpeg\" alt=\"\" width=\"300\" height=\"250\" srcset=\"http:\/\/www2.unifap.br\/cambientais\/files\/2023\/04\/43-300x250.jpeg 300w, http:\/\/www2.unifap.br\/cambientais\/files\/2023\/04\/43-768x641.jpeg 768w, http:\/\/www2.unifap.br\/cambientais\/files\/2023\/04\/43-150x125.jpeg 150w, http:\/\/www2.unifap.br\/cambientais\/files\/2023\/04\/43-180x150.jpeg 180w, http:\/\/www2.unifap.br\/cambientais\/files\/2023\/04\/43.jpeg 1024w\" sizes=\"(max-width: 300px) 100vw, 300px\" \/><\/a> <a href=\"http:\/\/www2.unifap.br\/cambientais\/files\/2023\/04\/21.jpeg\"><img loading=\"lazy\" decoding=\"async\" class=\"alignnone wp-image-3174\" src=\"http:\/\/www2.unifap.br\/cambientais\/files\/2023\/04\/21-300x225.jpeg\" alt=\"\" width=\"334\" height=\"251\" srcset=\"http:\/\/www2.unifap.br\/cambientais\/files\/2023\/04\/21-300x225.jpeg 300w, http:\/\/www2.unifap.br\/cambientais\/files\/2023\/04\/21-768x576.jpeg 768w, http:\/\/www2.unifap.br\/cambientais\/files\/2023\/04\/21-150x113.jpeg 150w, http:\/\/www2.unifap.br\/cambientais\/files\/2023\/04\/21-200x150.jpeg 200w, http:\/\/www2.unifap.br\/cambientais\/files\/2023\/04\/21.jpeg 1024w\" sizes=\"(max-width: 334px) 100vw, 334px\" \/><\/a><\/p>\t\t\t\t\t\t\t\t<\/div>\n\t\t\t\t<\/div>\n\t\t\t\t\t<\/div>\n\t\t<\/div>\n\t\t\t\t\t<\/div>\n\t\t<\/section>\n\t\t\t\t<section class=\"elementor-section elementor-top-section elementor-element elementor-element-262ff16 elementor-section-boxed elementor-section-height-default elementor-section-height-default\" data-id=\"262ff16\" data-element_type=\"section\" data-e-type=\"section\">\n\t\t\t\t\t\t<div class=\"elementor-container elementor-column-gap-default\">\n\t\t\t\t\t<div class=\"elementor-column elementor-col-100 elementor-top-column elementor-element elementor-element-e3b96cd\" data-id=\"e3b96cd\" data-element_type=\"column\" data-e-type=\"column\">\n\t\t\t<div class=\"elementor-widget-wrap elementor-element-populated\">\n\t\t\t\t\t\t<div class=\"elementor-element elementor-element-7347b88 elementor-widget-divider--view-line elementor-widget elementor-widget-divider\" data-id=\"7347b88\" data-element_type=\"widget\" data-e-type=\"widget\" data-widget_type=\"divider.default\">\n\t\t\t\t<div class=\"elementor-widget-container\">\n\t\t\t\t\t\t\t<div class=\"elementor-divider\">\n\t\t\t<span class=\"elementor-divider-separator\">\n\t\t\t\t\t\t<\/span>\n\t\t<\/div>\n\t\t\t\t\t\t<\/div>\n\t\t\t\t<\/div>\n\t\t\t\t\t<\/div>\n\t\t<\/div>\n\t\t\t\t\t<\/div>\n\t\t<\/section>\n\t\t\t\t<section class=\"elementor-section elementor-top-section elementor-element elementor-element-88ac752 elementor-section-boxed elementor-section-height-default elementor-section-height-default\" data-id=\"88ac752\" data-element_type=\"section\" data-e-type=\"section\">\n\t\t\t\t\t\t<div class=\"elementor-container elementor-column-gap-default\">\n\t\t\t\t\t<div class=\"elementor-column elementor-col-100 elementor-top-column elementor-element elementor-element-0b96ffe\" data-id=\"0b96ffe\" data-element_type=\"column\" data-e-type=\"column\">\n\t\t\t<div class=\"elementor-widget-wrap elementor-element-populated\">\n\t\t\t\t\t\t<div class=\"elementor-element elementor-element-b533771 elementor-button-info elementor-widget elementor-widget-button\" data-id=\"b533771\" data-element_type=\"widget\" data-e-type=\"widget\" data-widget_type=\"button.default\">\n\t\t\t\t<div class=\"elementor-widget-container\">\n\t\t\t\t\t\t\t\t\t<div class=\"elementor-button-wrapper\">\n\t\t\t\t\t<a class=\"elementor-button elementor-button-link elementor-size-sm\" href=\"https:\/\/www2.unifap.br\/cambientais\/\">\n\t\t\t\t\t\t<span class=\"elementor-button-content-wrapper\">\n\t\t\t\t\t\t<span class=\"elementor-button-icon\">\n\t\t\t\t<i aria-hidden=\"true\" class=\"fas fa-home\"><\/i>\t\t\t<\/span>\n\t\t\t\t\t\t\t\t\t<span class=\"elementor-button-text\">In\u00edcio<\/span>\n\t\t\t\t\t<\/span>\n\t\t\t\t\t<\/a>\n\t\t\t\t<\/div>\n\t\t\t\t\t\t\t\t<\/div>\n\t\t\t\t<\/div>\n\t\t\t\t\t<\/div>\n\t\t<\/div>\n\t\t\t\t\t<\/div>\n\t\t<\/section>\n\t\t\t\t<\/div>\n\t\t","protected":false},"excerpt":{"rendered":"<p>Os acad\u00eamicos do Curso de Bacharelado em Ci\u00eancias Ambientais participaram de uma visita t\u00e9cnica \u00e0 Esta\u00e7\u00e3o de Tratamento de Efluentes do Amap\u00e1 Garden Shopping. A visita t\u00e9cnica ocorreu nos dias 06\/02\/22 (turma 2020) e 18\/04\/22 (turma 2019) e faz parte das atividades desenvolvidas pela disciplina de Saneamento Ambiental I, ministrada \u2026 <a class=\"continue-reading-link\" href=\"http:\/\/www2.unifap.br\/cambientais\/2023\/04\/03\/visita-tecnica-a-estacao-de-tratamento-de-efluentes-do-amapa-garden-shopping\/\"> Continue Lendo <span class=\"meta-nav\">&rarr; <\/span><\/a><\/p>\n","protected":false},"author":3976,"featured_media":0,"comment_status":"open","ping_status":"open","sticky":false,"template":"","format":"standard","meta":{"inline_featured_image":false,"ngg_post_thumbnail":0,"footnotes":""},"categories":[1],"tags":[],"class_list":["post-3169","post","type-post","status-publish","format-standard","hentry","category-sem-categoria"],"_links":{"self":[{"href":"http:\/\/www2.unifap.br\/cambientais\/wp-json\/wp\/v2\/posts\/3169","targetHints":{"allow":["GET"]}}],"collection":[{"href":"http:\/\/www2.unifap.br\/cambientais\/wp-json\/wp\/v2\/posts"}],"about":[{"href":"http:\/\/www2.unifap.br\/cambientais\/wp-json\/wp\/v2\/types\/post"}],"author":[{"embeddable":true,"href":"http:\/\/www2.unifap.br\/cambientais\/wp-json\/wp\/v2\/users\/3976"}],"replies":[{"embeddable":true,"href":"http:\/\/www2.unifap.br\/cambientais\/wp-json\/wp\/v2\/comments?post=3169"}],"version-history":[{"count":4,"href":"http:\/\/www2.unifap.br\/cambientais\/wp-json\/wp\/v2\/posts\/3169\/revisions"}],"predecessor-version":[{"id":3177,"href":"http:\/\/www2.unifap.br\/cambientais\/wp-json\/wp\/v2\/posts\/3169\/revisions\/3177"}],"wp:attachment":[{"href":"http:\/\/www2.unifap.br\/cambientais\/wp-json\/wp\/v2\/media?parent=3169"}],"wp:term":[{"taxonomy":"category","embeddable":true,"href":"http:\/\/www2.unifap.br\/cambientais\/wp-json\/wp\/v2\/categories?post=3169"},{"taxonomy":"post_tag","embeddable":true,"href":"http:\/\/www2.unifap.br\/cambientais\/wp-json\/wp\/v2\/tags?post=3169"}],"curies":[{"name":"wp","href":"https:\/\/api.w.org\/{rel}","templated":true}]}}