{"id":3178,"date":"2023-04-03T20:00:57","date_gmt":"2023-04-03T20:00:57","guid":{"rendered":"https:\/\/www2.unifap.br\/cambientais\/?p=3178"},"modified":"2023-04-03T20:05:45","modified_gmt":"2023-04-03T20:05:45","slug":"visita-tecnica-ao-sistema-de-tratamento-e-reaproveitamento-de-agua-de-cultivo-de-organismos-aquaticos-embrapa-amapa","status":"publish","type":"post","link":"http:\/\/www2.unifap.br\/cambientais\/2023\/04\/03\/visita-tecnica-ao-sistema-de-tratamento-e-reaproveitamento-de-agua-de-cultivo-de-organismos-aquaticos-embrapa-amapa\/","title":{"rendered":"Visita T\u00e9cnica ao Sistema de tratamento e reaproveitamento de \u00e1gua de cultivo de organismos aqu\u00e1ticos &#8211; EMBRAPA\/AMAP\u00c1"},"content":{"rendered":"\t\t<div data-elementor-type=\"wp-post\" data-elementor-id=\"3178\" class=\"elementor elementor-3178\">\n\t\t\t\t\t\t<section class=\"elementor-section elementor-top-section elementor-element elementor-element-cfb2d49 elementor-section-boxed elementor-section-height-default elementor-section-height-default\" data-id=\"cfb2d49\" data-element_type=\"section\" data-e-type=\"section\">\n\t\t\t\t\t\t<div class=\"elementor-container elementor-column-gap-default\">\n\t\t\t\t\t<div class=\"elementor-column elementor-col-100 elementor-top-column elementor-element elementor-element-a8d51c8\" data-id=\"a8d51c8\" data-element_type=\"column\" data-e-type=\"column\">\n\t\t\t<div class=\"elementor-widget-wrap elementor-element-populated\">\n\t\t\t\t\t\t<div class=\"elementor-element elementor-element-d5acd82 elementor-widget elementor-widget-text-editor\" data-id=\"d5acd82\" data-element_type=\"widget\" data-e-type=\"widget\" data-widget_type=\"text-editor.default\">\n\t\t\t\t<div class=\"elementor-widget-container\">\n\t\t\t\t\t\t\t\t\t<p><span style=\"color: #000000\">Os acad\u00eamicos do Curso de Bacharelado em Ci\u00eancias Ambientais participaram de uma visita t\u00e9cnica \u00e0 EMBRAPA\/AMAP\u00c1 com o objetivo de conhecer o\u00a0 Sistema de tratamento e reaproveitamento de \u00e1gua de cultivo de organismos aqu\u00e1ticos. A visita t\u00e9cnica ocorreu nos dia 11\/03\/22, com alunos da turma de 2019 e faz parte das atividades desenvolvidas pela disciplina de <strong>Saneamento Ambiental I<\/strong>, ministrada pela Prof. Dra.\u00a0<strong>Karina Valverde<\/strong>. Abaixo registros fotogr\u00e1ficos do momento da visita.<\/span><\/p><p><a href=\"http:\/\/www2.unifap.br\/cambientais\/files\/2023\/04\/04-1.jpeg\"><img fetchpriority=\"high\" decoding=\"async\" class=\"alignnone size-medium wp-image-3180\" src=\"http:\/\/www2.unifap.br\/cambientais\/files\/2023\/04\/04-1-300x225.jpeg\" alt=\"\" width=\"300\" height=\"225\" srcset=\"http:\/\/www2.unifap.br\/cambientais\/files\/2023\/04\/04-1-300x225.jpeg 300w, http:\/\/www2.unifap.br\/cambientais\/files\/2023\/04\/04-1-768x576.jpeg 768w, http:\/\/www2.unifap.br\/cambientais\/files\/2023\/04\/04-1-150x113.jpeg 150w, http:\/\/www2.unifap.br\/cambientais\/files\/2023\/04\/04-1-200x150.jpeg 200w, http:\/\/www2.unifap.br\/cambientais\/files\/2023\/04\/04-1.jpeg 1024w\" sizes=\"(max-width: 300px) 100vw, 300px\" \/><\/a> <a href=\"http:\/\/www2.unifap.br\/cambientais\/files\/2023\/04\/03.jpeg\"><img decoding=\"async\" class=\"alignnone size-medium wp-image-3181\" src=\"http:\/\/www2.unifap.br\/cambientais\/files\/2023\/04\/03-300x225.jpeg\" alt=\"\" width=\"300\" height=\"225\" srcset=\"http:\/\/www2.unifap.br\/cambientais\/files\/2023\/04\/03-300x225.jpeg 300w, http:\/\/www2.unifap.br\/cambientais\/files\/2023\/04\/03-768x576.jpeg 768w, http:\/\/www2.unifap.br\/cambientais\/files\/2023\/04\/03-150x113.jpeg 150w, http:\/\/www2.unifap.br\/cambientais\/files\/2023\/04\/03-200x150.jpeg 200w, http:\/\/www2.unifap.br\/cambientais\/files\/2023\/04\/03.jpeg 1024w\" sizes=\"(max-width: 300px) 100vw, 300px\" \/><\/a> <a href=\"http:\/\/www2.unifap.br\/cambientais\/files\/2023\/04\/01.jpeg\"><img decoding=\"async\" class=\"alignnone size-medium wp-image-3182\" src=\"http:\/\/www2.unifap.br\/cambientais\/files\/2023\/04\/01-300x225.jpeg\" alt=\"\" width=\"300\" height=\"225\" srcset=\"http:\/\/www2.unifap.br\/cambientais\/files\/2023\/04\/01-300x225.jpeg 300w, http:\/\/www2.unifap.br\/cambientais\/files\/2023\/04\/01-768x576.jpeg 768w, http:\/\/www2.unifap.br\/cambientais\/files\/2023\/04\/01-150x113.jpeg 150w, http:\/\/www2.unifap.br\/cambientais\/files\/2023\/04\/01-200x150.jpeg 200w, http:\/\/www2.unifap.br\/cambientais\/files\/2023\/04\/01.jpeg 1024w\" sizes=\"(max-width: 300px) 100vw, 300px\" \/><\/a> <a href=\"http:\/\/www2.unifap.br\/cambientais\/files\/2023\/04\/06.jpeg\"><img loading=\"lazy\" decoding=\"async\" class=\"alignnone size-medium wp-image-3183\" src=\"http:\/\/www2.unifap.br\/cambientais\/files\/2023\/04\/06-300x225.jpeg\" alt=\"\" width=\"300\" height=\"225\" srcset=\"http:\/\/www2.unifap.br\/cambientais\/files\/2023\/04\/06-300x225.jpeg 300w, http:\/\/www2.unifap.br\/cambientais\/files\/2023\/04\/06-768x576.jpeg 768w, http:\/\/www2.unifap.br\/cambientais\/files\/2023\/04\/06-150x113.jpeg 150w, http:\/\/www2.unifap.br\/cambientais\/files\/2023\/04\/06-200x150.jpeg 200w, http:\/\/www2.unifap.br\/cambientais\/files\/2023\/04\/06.jpeg 1024w\" sizes=\"(max-width: 300px) 100vw, 300px\" \/><\/a><\/p>\t\t\t\t\t\t\t\t<\/div>\n\t\t\t\t<\/div>\n\t\t\t\t\t<\/div>\n\t\t<\/div>\n\t\t\t\t\t<\/div>\n\t\t<\/section>\n\t\t\t\t<section class=\"elementor-section elementor-top-section elementor-element elementor-element-441c7f5 elementor-section-boxed elementor-section-height-default elementor-section-height-default\" data-id=\"441c7f5\" data-element_type=\"section\" data-e-type=\"section\">\n\t\t\t\t\t\t<div class=\"elementor-container elementor-column-gap-default\">\n\t\t\t\t\t<div class=\"elementor-column elementor-col-100 elementor-top-column elementor-element elementor-element-8406a5f\" data-id=\"8406a5f\" data-element_type=\"column\" data-e-type=\"column\">\n\t\t\t<div class=\"elementor-widget-wrap elementor-element-populated\">\n\t\t\t\t\t\t<div class=\"elementor-element elementor-element-ca38b87 elementor-widget-divider--view-line elementor-widget elementor-widget-divider\" data-id=\"ca38b87\" data-element_type=\"widget\" data-e-type=\"widget\" data-widget_type=\"divider.default\">\n\t\t\t\t<div class=\"elementor-widget-container\">\n\t\t\t\t\t\t\t<div class=\"elementor-divider\">\n\t\t\t<span class=\"elementor-divider-separator\">\n\t\t\t\t\t\t<\/span>\n\t\t<\/div>\n\t\t\t\t\t\t<\/div>\n\t\t\t\t<\/div>\n\t\t\t\t\t<\/div>\n\t\t<\/div>\n\t\t\t\t\t<\/div>\n\t\t<\/section>\n\t\t\t\t<section class=\"elementor-section elementor-top-section elementor-element elementor-element-7949e43 elementor-section-boxed elementor-section-height-default elementor-section-height-default\" data-id=\"7949e43\" data-element_type=\"section\" data-e-type=\"section\">\n\t\t\t\t\t\t<div class=\"elementor-container elementor-column-gap-default\">\n\t\t\t\t\t<div class=\"elementor-column elementor-col-100 elementor-top-column elementor-element elementor-element-8ef84e7\" data-id=\"8ef84e7\" data-element_type=\"column\" data-e-type=\"column\">\n\t\t\t<div class=\"elementor-widget-wrap elementor-element-populated\">\n\t\t\t\t\t\t<div class=\"elementor-element elementor-element-a1aa652 elementor-button-info elementor-widget elementor-widget-button\" data-id=\"a1aa652\" data-element_type=\"widget\" data-e-type=\"widget\" data-widget_type=\"button.default\">\n\t\t\t\t<div class=\"elementor-widget-container\">\n\t\t\t\t\t\t\t\t\t<div class=\"elementor-button-wrapper\">\n\t\t\t\t\t<a class=\"elementor-button elementor-button-link elementor-size-sm\" href=\"https:\/\/www2.unifap.br\/cambientais\/\">\n\t\t\t\t\t\t<span class=\"elementor-button-content-wrapper\">\n\t\t\t\t\t\t<span class=\"elementor-button-icon\">\n\t\t\t\t<i aria-hidden=\"true\" class=\"fas fa-home\"><\/i>\t\t\t<\/span>\n\t\t\t\t\t\t\t\t\t<span class=\"elementor-button-text\">In\u00edcio<\/span>\n\t\t\t\t\t<\/span>\n\t\t\t\t\t<\/a>\n\t\t\t\t<\/div>\n\t\t\t\t\t\t\t\t<\/div>\n\t\t\t\t<\/div>\n\t\t\t\t\t<\/div>\n\t\t<\/div>\n\t\t\t\t\t<\/div>\n\t\t<\/section>\n\t\t\t\t<\/div>\n\t\t","protected":false},"excerpt":{"rendered":"<p>Os acad\u00eamicos do Curso de Bacharelado em Ci\u00eancias Ambientais participaram de uma visita t\u00e9cnica \u00e0 EMBRAPA\/AMAP\u00c1 com o objetivo de conhecer o\u00a0 Sistema de tratamento e reaproveitamento de \u00e1gua de cultivo de organismos aqu\u00e1ticos. A visita t\u00e9cnica ocorreu nos dia 11\/03\/22, com alunos da turma de 2019 e faz parte \u2026 <a class=\"continue-reading-link\" href=\"http:\/\/www2.unifap.br\/cambientais\/2023\/04\/03\/visita-tecnica-ao-sistema-de-tratamento-e-reaproveitamento-de-agua-de-cultivo-de-organismos-aquaticos-embrapa-amapa\/\"> Continue Lendo <span class=\"meta-nav\">&rarr; <\/span><\/a><\/p>\n","protected":false},"author":3976,"featured_media":0,"comment_status":"open","ping_status":"open","sticky":false,"template":"","format":"standard","meta":{"inline_featured_image":false,"ngg_post_thumbnail":0,"footnotes":""},"categories":[1],"tags":[],"class_list":["post-3178","post","type-post","status-publish","format-standard","hentry","category-sem-categoria"],"_links":{"self":[{"href":"http:\/\/www2.unifap.br\/cambientais\/wp-json\/wp\/v2\/posts\/3178","targetHints":{"allow":["GET"]}}],"collection":[{"href":"http:\/\/www2.unifap.br\/cambientais\/wp-json\/wp\/v2\/posts"}],"about":[{"href":"http:\/\/www2.unifap.br\/cambientais\/wp-json\/wp\/v2\/types\/post"}],"author":[{"embeddable":true,"href":"http:\/\/www2.unifap.br\/cambientais\/wp-json\/wp\/v2\/users\/3976"}],"replies":[{"embeddable":true,"href":"http:\/\/www2.unifap.br\/cambientais\/wp-json\/wp\/v2\/comments?post=3178"}],"version-history":[{"count":4,"href":"http:\/\/www2.unifap.br\/cambientais\/wp-json\/wp\/v2\/posts\/3178\/revisions"}],"predecessor-version":[{"id":3186,"href":"http:\/\/www2.unifap.br\/cambientais\/wp-json\/wp\/v2\/posts\/3178\/revisions\/3186"}],"wp:attachment":[{"href":"http:\/\/www2.unifap.br\/cambientais\/wp-json\/wp\/v2\/media?parent=3178"}],"wp:term":[{"taxonomy":"category","embeddable":true,"href":"http:\/\/www2.unifap.br\/cambientais\/wp-json\/wp\/v2\/categories?post=3178"},{"taxonomy":"post_tag","embeddable":true,"href":"http:\/\/www2.unifap.br\/cambientais\/wp-json\/wp\/v2\/tags?post=3178"}],"curies":[{"name":"wp","href":"https:\/\/api.w.org\/{rel}","templated":true}]}}