{"id":3187,"date":"2023-04-03T20:15:57","date_gmt":"2023-04-03T20:15:57","guid":{"rendered":"https:\/\/www2.unifap.br\/cambientais\/?p=3187"},"modified":"2023-04-03T20:17:43","modified_gmt":"2023-04-03T20:17:43","slug":"palestra-sobre-tratamento-de-agua","status":"publish","type":"post","link":"http:\/\/www2.unifap.br\/cambientais\/2023\/04\/03\/palestra-sobre-tratamento-de-agua\/","title":{"rendered":"Palestra sobre Tratamento de \u00c1gua"},"content":{"rendered":"\t\t<div data-elementor-type=\"wp-post\" data-elementor-id=\"3187\" class=\"elementor elementor-3187\">\n\t\t\t\t\t\t<section class=\"elementor-section elementor-top-section elementor-element elementor-element-9cecf15 elementor-section-boxed elementor-section-height-default elementor-section-height-default\" data-id=\"9cecf15\" data-element_type=\"section\" data-e-type=\"section\">\n\t\t\t\t\t\t<div class=\"elementor-container elementor-column-gap-default\">\n\t\t\t\t\t<div class=\"elementor-column elementor-col-100 elementor-top-column elementor-element elementor-element-24e6672\" data-id=\"24e6672\" data-element_type=\"column\" data-e-type=\"column\">\n\t\t\t<div class=\"elementor-widget-wrap elementor-element-populated\">\n\t\t\t\t\t\t<div class=\"elementor-element elementor-element-7a6c769 elementor-widget elementor-widget-text-editor\" data-id=\"7a6c769\" data-element_type=\"widget\" data-e-type=\"widget\" data-widget_type=\"text-editor.default\">\n\t\t\t\t<div class=\"elementor-widget-container\">\n\t\t\t\t\t\t\t\t\t<p><span style=\"color: #000000\">No dia 13\/03\/2023 os alunos da Turma 2020 participaram de uma palestra com a tem\u00e1tica <strong>&#8220;Tratamento de \u00c1gua &#8211; Ensaios em Jar Test&#8221;.<\/strong> A palestra foi proferida pela equipe de laborat\u00f3rio da Concession\u00e1ria de Saneamento do Amap\u00e1 (CSA). Ap\u00f3s a palestra, os alunos foram encaminhados ao Laborat\u00f3rio de Qu\u00edmica Ambiental (CCAMB\/UNIFAP) e puderam ver na pr\u00e1tica como s\u00e3o realizados os ensaios em Jar Test pela equipe da CSA. Esta atividade faz parte do cronograma da disciplina de <strong>Saneamento Ambiental I<\/strong>, ministrada pela Prof. Dra.\u00a0<strong>Karina Valverde<\/strong>. Abaixo registros fotogr\u00e1ficos da atividade.<\/span><\/p><p><a href=\"http:\/\/www2.unifap.br\/cambientais\/files\/2023\/04\/06-1.jpeg\"><img fetchpriority=\"high\" decoding=\"async\" class=\"alignnone size-medium wp-image-3189\" src=\"http:\/\/www2.unifap.br\/cambientais\/files\/2023\/04\/06-1-300x225.jpeg\" alt=\"\" width=\"300\" height=\"225\" srcset=\"http:\/\/www2.unifap.br\/cambientais\/files\/2023\/04\/06-1-300x225.jpeg 300w, http:\/\/www2.unifap.br\/cambientais\/files\/2023\/04\/06-1-768x576.jpeg 768w, http:\/\/www2.unifap.br\/cambientais\/files\/2023\/04\/06-1-150x113.jpeg 150w, http:\/\/www2.unifap.br\/cambientais\/files\/2023\/04\/06-1-200x150.jpeg 200w, http:\/\/www2.unifap.br\/cambientais\/files\/2023\/04\/06-1.jpeg 1024w\" sizes=\"(max-width: 300px) 100vw, 300px\" \/><\/a> <a href=\"http:\/\/www2.unifap.br\/cambientais\/files\/2023\/04\/18.jpeg\"><img decoding=\"async\" class=\"alignnone size-medium wp-image-3190\" src=\"http:\/\/www2.unifap.br\/cambientais\/files\/2023\/04\/18-300x267.jpeg\" alt=\"\" width=\"300\" height=\"267\" srcset=\"http:\/\/www2.unifap.br\/cambientais\/files\/2023\/04\/18-300x267.jpeg 300w, http:\/\/www2.unifap.br\/cambientais\/files\/2023\/04\/18-150x134.jpeg 150w, http:\/\/www2.unifap.br\/cambientais\/files\/2023\/04\/18-168x150.jpeg 168w, http:\/\/www2.unifap.br\/cambientais\/files\/2023\/04\/18.jpeg 767w\" sizes=\"(max-width: 300px) 100vw, 300px\" \/><\/a> <a href=\"http:\/\/www2.unifap.br\/cambientais\/files\/2023\/04\/16.jpeg\"><img decoding=\"async\" class=\"alignnone size-medium wp-image-3191\" src=\"http:\/\/www2.unifap.br\/cambientais\/files\/2023\/04\/16-300x228.jpeg\" alt=\"\" width=\"300\" height=\"228\" srcset=\"http:\/\/www2.unifap.br\/cambientais\/files\/2023\/04\/16-300x228.jpeg 300w, http:\/\/www2.unifap.br\/cambientais\/files\/2023\/04\/16-150x114.jpeg 150w, http:\/\/www2.unifap.br\/cambientais\/files\/2023\/04\/16-197x150.jpeg 197w, http:\/\/www2.unifap.br\/cambientais\/files\/2023\/04\/16.jpeg 680w\" sizes=\"(max-width: 300px) 100vw, 300px\" \/><\/a> <a href=\"http:\/\/www2.unifap.br\/cambientais\/files\/2023\/04\/11.jpeg\"><img loading=\"lazy\" decoding=\"async\" class=\"alignnone size-medium wp-image-3192\" src=\"http:\/\/www2.unifap.br\/cambientais\/files\/2023\/04\/11-300x175.jpeg\" alt=\"\" width=\"300\" height=\"175\" srcset=\"http:\/\/www2.unifap.br\/cambientais\/files\/2023\/04\/11-300x175.jpeg 300w, http:\/\/www2.unifap.br\/cambientais\/files\/2023\/04\/11-768x448.jpeg 768w, http:\/\/www2.unifap.br\/cambientais\/files\/2023\/04\/11-150x87.jpeg 150w, http:\/\/www2.unifap.br\/cambientais\/files\/2023\/04\/11-250x146.jpeg 250w, http:\/\/www2.unifap.br\/cambientais\/files\/2023\/04\/11.jpeg 1024w\" sizes=\"(max-width: 300px) 100vw, 300px\" \/><\/a> <a href=\"http:\/\/www2.unifap.br\/cambientais\/files\/2023\/04\/05.jpeg\"><img loading=\"lazy\" decoding=\"async\" class=\"alignnone size-medium wp-image-3193\" src=\"http:\/\/www2.unifap.br\/cambientais\/files\/2023\/04\/05-300x284.jpeg\" alt=\"\" width=\"300\" height=\"284\" srcset=\"http:\/\/www2.unifap.br\/cambientais\/files\/2023\/04\/05-300x284.jpeg 300w, http:\/\/www2.unifap.br\/cambientais\/files\/2023\/04\/05-150x142.jpeg 150w, http:\/\/www2.unifap.br\/cambientais\/files\/2023\/04\/05-159x150.jpeg 159w, http:\/\/www2.unifap.br\/cambientais\/files\/2023\/04\/05.jpeg 592w\" sizes=\"(max-width: 300px) 100vw, 300px\" \/><\/a> <a href=\"http:\/\/www2.unifap.br\/cambientais\/files\/2023\/04\/03-1.jpeg\"><img loading=\"lazy\" decoding=\"async\" class=\"alignnone size-medium wp-image-3194\" src=\"http:\/\/www2.unifap.br\/cambientais\/files\/2023\/04\/03-1-225x300.jpeg\" alt=\"\" width=\"225\" height=\"300\" srcset=\"http:\/\/www2.unifap.br\/cambientais\/files\/2023\/04\/03-1-225x300.jpeg 225w, http:\/\/www2.unifap.br\/cambientais\/files\/2023\/04\/03-1-113x150.jpeg 113w, http:\/\/www2.unifap.br\/cambientais\/files\/2023\/04\/03-1.jpeg 768w\" sizes=\"(max-width: 225px) 100vw, 225px\" \/><\/a> <a href=\"http:\/\/www2.unifap.br\/cambientais\/files\/2023\/04\/01-1.jpeg\"><img loading=\"lazy\" decoding=\"async\" class=\"alignnone size-medium wp-image-3195\" src=\"http:\/\/www2.unifap.br\/cambientais\/files\/2023\/04\/01-1-300x225.jpeg\" alt=\"\" width=\"300\" height=\"225\" srcset=\"http:\/\/www2.unifap.br\/cambientais\/files\/2023\/04\/01-1-300x225.jpeg 300w, http:\/\/www2.unifap.br\/cambientais\/files\/2023\/04\/01-1-768x576.jpeg 768w, http:\/\/www2.unifap.br\/cambientais\/files\/2023\/04\/01-1-150x113.jpeg 150w, http:\/\/www2.unifap.br\/cambientais\/files\/2023\/04\/01-1-200x150.jpeg 200w, http:\/\/www2.unifap.br\/cambientais\/files\/2023\/04\/01-1.jpeg 1024w\" sizes=\"(max-width: 300px) 100vw, 300px\" \/><\/a><\/p>\t\t\t\t\t\t\t\t<\/div>\n\t\t\t\t<\/div>\n\t\t\t\t\t<\/div>\n\t\t<\/div>\n\t\t\t\t\t<\/div>\n\t\t<\/section>\n\t\t\t\t<section class=\"elementor-section elementor-top-section elementor-element elementor-element-f9c92d0 elementor-section-boxed elementor-section-height-default elementor-section-height-default\" data-id=\"f9c92d0\" data-element_type=\"section\" data-e-type=\"section\">\n\t\t\t\t\t\t<div class=\"elementor-container elementor-column-gap-default\">\n\t\t\t\t\t<div class=\"elementor-column elementor-col-100 elementor-top-column elementor-element elementor-element-960fe74\" data-id=\"960fe74\" data-element_type=\"column\" data-e-type=\"column\">\n\t\t\t<div class=\"elementor-widget-wrap elementor-element-populated\">\n\t\t\t\t\t\t<div class=\"elementor-element elementor-element-26046dc elementor-widget-divider--view-line elementor-widget elementor-widget-divider\" data-id=\"26046dc\" data-element_type=\"widget\" data-e-type=\"widget\" data-widget_type=\"divider.default\">\n\t\t\t\t<div class=\"elementor-widget-container\">\n\t\t\t\t\t\t\t<div class=\"elementor-divider\">\n\t\t\t<span class=\"elementor-divider-separator\">\n\t\t\t\t\t\t<\/span>\n\t\t<\/div>\n\t\t\t\t\t\t<\/div>\n\t\t\t\t<\/div>\n\t\t\t\t\t<\/div>\n\t\t<\/div>\n\t\t\t\t\t<\/div>\n\t\t<\/section>\n\t\t\t\t<\/div>\n\t\t","protected":false},"excerpt":{"rendered":"<p>No dia 13\/03\/2023 os alunos da Turma 2020 participaram de uma palestra com a tem\u00e1tica &#8220;Tratamento de \u00c1gua &#8211; Ensaios em Jar Test&#8221;. A palestra foi proferida pela equipe de laborat\u00f3rio da Concession\u00e1ria de Saneamento do Amap\u00e1 (CSA). Ap\u00f3s a palestra, os alunos foram encaminhados ao Laborat\u00f3rio de Qu\u00edmica Ambiental \u2026 <a class=\"continue-reading-link\" href=\"http:\/\/www2.unifap.br\/cambientais\/2023\/04\/03\/palestra-sobre-tratamento-de-agua\/\"> Continue Lendo <span class=\"meta-nav\">&rarr; <\/span><\/a><\/p>\n","protected":false},"author":3976,"featured_media":0,"comment_status":"open","ping_status":"open","sticky":false,"template":"","format":"standard","meta":{"inline_featured_image":false,"ngg_post_thumbnail":0,"footnotes":""},"categories":[1],"tags":[],"class_list":["post-3187","post","type-post","status-publish","format-standard","hentry","category-sem-categoria"],"_links":{"self":[{"href":"http:\/\/www2.unifap.br\/cambientais\/wp-json\/wp\/v2\/posts\/3187","targetHints":{"allow":["GET"]}}],"collection":[{"href":"http:\/\/www2.unifap.br\/cambientais\/wp-json\/wp\/v2\/posts"}],"about":[{"href":"http:\/\/www2.unifap.br\/cambientais\/wp-json\/wp\/v2\/types\/post"}],"author":[{"embeddable":true,"href":"http:\/\/www2.unifap.br\/cambientais\/wp-json\/wp\/v2\/users\/3976"}],"replies":[{"embeddable":true,"href":"http:\/\/www2.unifap.br\/cambientais\/wp-json\/wp\/v2\/comments?post=3187"}],"version-history":[{"count":7,"href":"http:\/\/www2.unifap.br\/cambientais\/wp-json\/wp\/v2\/posts\/3187\/revisions"}],"predecessor-version":[{"id":3201,"href":"http:\/\/www2.unifap.br\/cambientais\/wp-json\/wp\/v2\/posts\/3187\/revisions\/3201"}],"wp:attachment":[{"href":"http:\/\/www2.unifap.br\/cambientais\/wp-json\/wp\/v2\/media?parent=3187"}],"wp:term":[{"taxonomy":"category","embeddable":true,"href":"http:\/\/www2.unifap.br\/cambientais\/wp-json\/wp\/v2\/categories?post=3187"},{"taxonomy":"post_tag","embeddable":true,"href":"http:\/\/www2.unifap.br\/cambientais\/wp-json\/wp\/v2\/tags?post=3187"}],"curies":[{"name":"wp","href":"https:\/\/api.w.org\/{rel}","templated":true}]}}