{"id":3238,"date":"2023-04-06T02:03:17","date_gmt":"2023-04-06T02:03:17","guid":{"rendered":"https:\/\/www2.unifap.br\/cambientais\/?p=3238"},"modified":"2023-04-06T17:16:33","modified_gmt":"2023-04-06T17:16:33","slug":"academicos-da-turma-de-2022-realizam-atividade-de-campo-na-via-expressa-comandante-annibal-barcellos-macapa-ap","status":"publish","type":"post","link":"http:\/\/www2.unifap.br\/cambientais\/2023\/04\/06\/academicos-da-turma-de-2022-realizam-atividade-de-campo-na-via-expressa-comandante-annibal-barcellos-macapa-ap\/","title":{"rendered":"Acad\u00eamicos da turma de 2022 realizam atividade de campo na Via Expressa Comandante Ann\u00edbal Barcellos, Macap\u00e1-AP"},"content":{"rendered":"\t\t<div data-elementor-type=\"wp-post\" data-elementor-id=\"3238\" class=\"elementor elementor-3238\">\n\t\t\t\t\t\t<section class=\"elementor-section elementor-top-section elementor-element elementor-element-aeb90b6 elementor-section-boxed elementor-section-height-default elementor-section-height-default\" data-id=\"aeb90b6\" data-element_type=\"section\" data-e-type=\"section\">\n\t\t\t\t\t\t<div class=\"elementor-container elementor-column-gap-default\">\n\t\t\t\t\t<div class=\"elementor-column elementor-col-100 elementor-top-column elementor-element elementor-element-663e2ff\" data-id=\"663e2ff\" data-element_type=\"column\" data-e-type=\"column\">\n\t\t\t<div class=\"elementor-widget-wrap elementor-element-populated\">\n\t\t\t\t\t\t<div class=\"elementor-element elementor-element-0212b66 elementor-widget elementor-widget-text-editor\" data-id=\"0212b66\" data-element_type=\"widget\" data-e-type=\"widget\" data-widget_type=\"text-editor.default\">\n\t\t\t\t<div class=\"elementor-widget-container\">\n\t\t\t\t\t\t\t\t\t<p><span style=\"color: #000000\">Os acad\u00eamicos da turma de 2022 do curso de Ci\u00eancias Ambientais realizaram atividade de campo na Via Expressa Comandante Ann\u00edbal Barcellos, recentemente inaugurada para melhorar a mobilidade da zona norte ao centro da cidade de Macap\u00e1. A atividade teve como objetivo compreender os impactos ambientais e sociais ocasionados pela constru\u00e7\u00e3o de rodovias e estradas, sobretudo, em regi\u00f5es de \u00e1reas de ressaca, como \u00e9 o caso da via expressa. Ap\u00f3s o levantamento de informa\u00e7\u00f5es em campo, os alunos foram encaminhados ao Laborat\u00f3rio de Saneamento Ambiental para uma atividade pr\u00e1tica sobre m\u00e9todos e t\u00e9cnicas de an\u00e1lise da qualidade da \u00e1gua, com base em amostras coletadas em campo. Al\u00e9m disso os alunos, ainda, levantaram informa\u00e7\u00f5es sobre a fauna e flora observadas no local. A atividade fez parte da disciplina de <strong><em>Pr\u00e1ticas Integradas em Ci\u00eancias Ambientais<\/em><\/strong>, sob a coordena\u00e7\u00e3o do Prof. Dr. Leonardo Magalh\u00e3es,\u00a0com a colabora\u00e7\u00e3o do Prof. Dr. Arialdo J\u00fanior e da Profa. Dra. Karina Valverde<\/span><\/p><p><span style=\"color: #000000\">Abaixo registros fotogr\u00e1ficos da atividade.<\/span><\/p><p><a href=\"http:\/\/www2.unifap.br\/cambientais\/files\/2023\/04\/WhatsApp-Image-2023-04-05-at-23.03.17-1.jpeg\"><img fetchpriority=\"high\" decoding=\"async\" class=\"alignnone size-medium wp-image-3241\" src=\"http:\/\/www2.unifap.br\/cambientais\/files\/2023\/04\/WhatsApp-Image-2023-04-05-at-23.03.17-1-300x225.jpeg\" alt=\"\" width=\"300\" height=\"225\" srcset=\"http:\/\/www2.unifap.br\/cambientais\/files\/2023\/04\/WhatsApp-Image-2023-04-05-at-23.03.17-1-300x225.jpeg 300w, http:\/\/www2.unifap.br\/cambientais\/files\/2023\/04\/WhatsApp-Image-2023-04-05-at-23.03.17-1-1024x768.jpeg 1024w, http:\/\/www2.unifap.br\/cambientais\/files\/2023\/04\/WhatsApp-Image-2023-04-05-at-23.03.17-1-768x576.jpeg 768w, http:\/\/www2.unifap.br\/cambientais\/files\/2023\/04\/WhatsApp-Image-2023-04-05-at-23.03.17-1-150x113.jpeg 150w, http:\/\/www2.unifap.br\/cambientais\/files\/2023\/04\/WhatsApp-Image-2023-04-05-at-23.03.17-1-200x150.jpeg 200w, http:\/\/www2.unifap.br\/cambientais\/files\/2023\/04\/WhatsApp-Image-2023-04-05-at-23.03.17-1.jpeg 1280w\" sizes=\"(max-width: 300px) 100vw, 300px\" \/><\/a> <a href=\"http:\/\/www2.unifap.br\/cambientais\/files\/2023\/04\/WhatsApp-Image-2023-04-05-at-23.03.17.jpeg\"><img decoding=\"async\" class=\"alignnone size-medium wp-image-3242\" src=\"http:\/\/www2.unifap.br\/cambientais\/files\/2023\/04\/WhatsApp-Image-2023-04-05-at-23.03.17-300x225.jpeg\" alt=\"\" width=\"300\" height=\"225\" srcset=\"http:\/\/www2.unifap.br\/cambientais\/files\/2023\/04\/WhatsApp-Image-2023-04-05-at-23.03.17-300x225.jpeg 300w, http:\/\/www2.unifap.br\/cambientais\/files\/2023\/04\/WhatsApp-Image-2023-04-05-at-23.03.17-1024x768.jpeg 1024w, http:\/\/www2.unifap.br\/cambientais\/files\/2023\/04\/WhatsApp-Image-2023-04-05-at-23.03.17-768x576.jpeg 768w, http:\/\/www2.unifap.br\/cambientais\/files\/2023\/04\/WhatsApp-Image-2023-04-05-at-23.03.17-150x113.jpeg 150w, http:\/\/www2.unifap.br\/cambientais\/files\/2023\/04\/WhatsApp-Image-2023-04-05-at-23.03.17-200x150.jpeg 200w, http:\/\/www2.unifap.br\/cambientais\/files\/2023\/04\/WhatsApp-Image-2023-04-05-at-23.03.17.jpeg 1280w\" sizes=\"(max-width: 300px) 100vw, 300px\" \/><\/a> <a href=\"http:\/\/www2.unifap.br\/cambientais\/files\/2023\/04\/WhatsApp-Image-2023-04-05-at-23.03.16.jpeg\"><img decoding=\"async\" class=\"alignnone size-medium wp-image-3243\" src=\"http:\/\/www2.unifap.br\/cambientais\/files\/2023\/04\/WhatsApp-Image-2023-04-05-at-23.03.16-300x225.jpeg\" alt=\"\" width=\"300\" height=\"225\" srcset=\"http:\/\/www2.unifap.br\/cambientais\/files\/2023\/04\/WhatsApp-Image-2023-04-05-at-23.03.16-300x225.jpeg 300w, http:\/\/www2.unifap.br\/cambientais\/files\/2023\/04\/WhatsApp-Image-2023-04-05-at-23.03.16-1024x768.jpeg 1024w, http:\/\/www2.unifap.br\/cambientais\/files\/2023\/04\/WhatsApp-Image-2023-04-05-at-23.03.16-768x576.jpeg 768w, http:\/\/www2.unifap.br\/cambientais\/files\/2023\/04\/WhatsApp-Image-2023-04-05-at-23.03.16-150x113.jpeg 150w, http:\/\/www2.unifap.br\/cambientais\/files\/2023\/04\/WhatsApp-Image-2023-04-05-at-23.03.16-200x150.jpeg 200w, http:\/\/www2.unifap.br\/cambientais\/files\/2023\/04\/WhatsApp-Image-2023-04-05-at-23.03.16.jpeg 1280w\" sizes=\"(max-width: 300px) 100vw, 300px\" \/><\/a><\/p><p>\u00a0<a href=\"http:\/\/www2.unifap.br\/cambientais\/files\/2023\/04\/WhatsApp-Image-2023-04-06-at-08.49.17.jpeg\"><img loading=\"lazy\" decoding=\"async\" class=\"alignnone size-medium wp-image-3256\" src=\"http:\/\/www2.unifap.br\/cambientais\/files\/2023\/04\/WhatsApp-Image-2023-04-06-at-08.49.17-300x225.jpeg\" alt=\"\" width=\"300\" height=\"225\" srcset=\"http:\/\/www2.unifap.br\/cambientais\/files\/2023\/04\/WhatsApp-Image-2023-04-06-at-08.49.17-300x225.jpeg 300w, http:\/\/www2.unifap.br\/cambientais\/files\/2023\/04\/WhatsApp-Image-2023-04-06-at-08.49.17-1024x768.jpeg 1024w, http:\/\/www2.unifap.br\/cambientais\/files\/2023\/04\/WhatsApp-Image-2023-04-06-at-08.49.17-768x576.jpeg 768w, http:\/\/www2.unifap.br\/cambientais\/files\/2023\/04\/WhatsApp-Image-2023-04-06-at-08.49.17-1536x1152.jpeg 1536w, http:\/\/www2.unifap.br\/cambientais\/files\/2023\/04\/WhatsApp-Image-2023-04-06-at-08.49.17-150x113.jpeg 150w, http:\/\/www2.unifap.br\/cambientais\/files\/2023\/04\/WhatsApp-Image-2023-04-06-at-08.49.17-200x150.jpeg 200w, http:\/\/www2.unifap.br\/cambientais\/files\/2023\/04\/WhatsApp-Image-2023-04-06-at-08.49.17.jpeg 1600w\" sizes=\"(max-width: 300px) 100vw, 300px\" \/><\/a> <a href=\"http:\/\/www2.unifap.br\/cambientais\/files\/2023\/04\/WhatsApp-Image-2023-04-06-at-08.49.17-1.jpeg\"><img loading=\"lazy\" decoding=\"async\" class=\"alignnone size-medium wp-image-3255\" src=\"http:\/\/www2.unifap.br\/cambientais\/files\/2023\/04\/WhatsApp-Image-2023-04-06-at-08.49.17-1-300x225.jpeg\" alt=\"\" width=\"300\" height=\"225\" srcset=\"http:\/\/www2.unifap.br\/cambientais\/files\/2023\/04\/WhatsApp-Image-2023-04-06-at-08.49.17-1-300x225.jpeg 300w, http:\/\/www2.unifap.br\/cambientais\/files\/2023\/04\/WhatsApp-Image-2023-04-06-at-08.49.17-1-1024x768.jpeg 1024w, http:\/\/www2.unifap.br\/cambientais\/files\/2023\/04\/WhatsApp-Image-2023-04-06-at-08.49.17-1-768x576.jpeg 768w, http:\/\/www2.unifap.br\/cambientais\/files\/2023\/04\/WhatsApp-Image-2023-04-06-at-08.49.17-1-1536x1152.jpeg 1536w, http:\/\/www2.unifap.br\/cambientais\/files\/2023\/04\/WhatsApp-Image-2023-04-06-at-08.49.17-1-150x113.jpeg 150w, http:\/\/www2.unifap.br\/cambientais\/files\/2023\/04\/WhatsApp-Image-2023-04-06-at-08.49.17-1-200x150.jpeg 200w, http:\/\/www2.unifap.br\/cambientais\/files\/2023\/04\/WhatsApp-Image-2023-04-06-at-08.49.17-1.jpeg 1600w\" sizes=\"(max-width: 300px) 100vw, 300px\" \/> <\/a><a href=\"http:\/\/www2.unifap.br\/cambientais\/files\/2023\/04\/WhatsApp-Image-2023-04-06-at-08.49.14.jpeg\"><img loading=\"lazy\" decoding=\"async\" class=\"alignnone size-medium wp-image-3257\" src=\"http:\/\/www2.unifap.br\/cambientais\/files\/2023\/04\/WhatsApp-Image-2023-04-06-at-08.49.14-300x225.jpeg\" alt=\"\" width=\"300\" height=\"225\" srcset=\"http:\/\/www2.unifap.br\/cambientais\/files\/2023\/04\/WhatsApp-Image-2023-04-06-at-08.49.14-300x225.jpeg 300w, http:\/\/www2.unifap.br\/cambientais\/files\/2023\/04\/WhatsApp-Image-2023-04-06-at-08.49.14-1024x768.jpeg 1024w, http:\/\/www2.unifap.br\/cambientais\/files\/2023\/04\/WhatsApp-Image-2023-04-06-at-08.49.14-768x576.jpeg 768w, http:\/\/www2.unifap.br\/cambientais\/files\/2023\/04\/WhatsApp-Image-2023-04-06-at-08.49.14-1536x1152.jpeg 1536w, http:\/\/www2.unifap.br\/cambientais\/files\/2023\/04\/WhatsApp-Image-2023-04-06-at-08.49.14-150x113.jpeg 150w, http:\/\/www2.unifap.br\/cambientais\/files\/2023\/04\/WhatsApp-Image-2023-04-06-at-08.49.14-200x150.jpeg 200w, http:\/\/www2.unifap.br\/cambientais\/files\/2023\/04\/WhatsApp-Image-2023-04-06-at-08.49.14.jpeg 1600w\" sizes=\"(max-width: 300px) 100vw, 300px\" \/><\/a> <a href=\"http:\/\/www2.unifap.br\/cambientais\/files\/2023\/04\/WhatsApp-Image-2023-04-06-at-08.49.15.jpeg\"><img loading=\"lazy\" decoding=\"async\" class=\"alignnone size-medium wp-image-3254\" src=\"http:\/\/www2.unifap.br\/cambientais\/files\/2023\/04\/WhatsApp-Image-2023-04-06-at-08.49.15-300x225.jpeg\" alt=\"\" width=\"300\" height=\"225\" srcset=\"http:\/\/www2.unifap.br\/cambientais\/files\/2023\/04\/WhatsApp-Image-2023-04-06-at-08.49.15-300x225.jpeg 300w, http:\/\/www2.unifap.br\/cambientais\/files\/2023\/04\/WhatsApp-Image-2023-04-06-at-08.49.15-1024x768.jpeg 1024w, http:\/\/www2.unifap.br\/cambientais\/files\/2023\/04\/WhatsApp-Image-2023-04-06-at-08.49.15-768x576.jpeg 768w, http:\/\/www2.unifap.br\/cambientais\/files\/2023\/04\/WhatsApp-Image-2023-04-06-at-08.49.15-1536x1152.jpeg 1536w, http:\/\/www2.unifap.br\/cambientais\/files\/2023\/04\/WhatsApp-Image-2023-04-06-at-08.49.15-150x113.jpeg 150w, http:\/\/www2.unifap.br\/cambientais\/files\/2023\/04\/WhatsApp-Image-2023-04-06-at-08.49.15-200x150.jpeg 200w, http:\/\/www2.unifap.br\/cambientais\/files\/2023\/04\/WhatsApp-Image-2023-04-06-at-08.49.15.jpeg 1600w\" sizes=\"(max-width: 300px) 100vw, 300px\" \/><\/a><\/p>\t\t\t\t\t\t\t\t<\/div>\n\t\t\t\t<\/div>\n\t\t\t\t\t<\/div>\n\t\t<\/div>\n\t\t\t\t\t<\/div>\n\t\t<\/section>\n\t\t\t\t<section class=\"elementor-section elementor-top-section elementor-element elementor-element-69b264d elementor-section-boxed elementor-section-height-default elementor-section-height-default\" data-id=\"69b264d\" data-element_type=\"section\" data-e-type=\"section\">\n\t\t\t\t\t\t<div class=\"elementor-container elementor-column-gap-default\">\n\t\t\t\t\t<div class=\"elementor-column elementor-col-100 elementor-top-column elementor-element elementor-element-5720d42\" data-id=\"5720d42\" data-element_type=\"column\" data-e-type=\"column\">\n\t\t\t<div class=\"elementor-widget-wrap elementor-element-populated\">\n\t\t\t\t\t\t<div class=\"elementor-element elementor-element-167e831 elementor-widget-divider--view-line elementor-widget elementor-widget-divider\" data-id=\"167e831\" data-element_type=\"widget\" data-e-type=\"widget\" data-widget_type=\"divider.default\">\n\t\t\t\t<div class=\"elementor-widget-container\">\n\t\t\t\t\t\t\t<div class=\"elementor-divider\">\n\t\t\t<span class=\"elementor-divider-separator\">\n\t\t\t\t\t\t<\/span>\n\t\t<\/div>\n\t\t\t\t\t\t<\/div>\n\t\t\t\t<\/div>\n\t\t\t\t\t<\/div>\n\t\t<\/div>\n\t\t\t\t\t<\/div>\n\t\t<\/section>\n\t\t\t\t<section class=\"elementor-section elementor-top-section elementor-element elementor-element-cf92364 elementor-section-boxed elementor-section-height-default elementor-section-height-default\" data-id=\"cf92364\" data-element_type=\"section\" data-e-type=\"section\">\n\t\t\t\t\t\t<div class=\"elementor-container elementor-column-gap-default\">\n\t\t\t\t\t<div class=\"elementor-column elementor-col-100 elementor-top-column elementor-element elementor-element-dd6b620\" data-id=\"dd6b620\" data-element_type=\"column\" data-e-type=\"column\">\n\t\t\t<div class=\"elementor-widget-wrap elementor-element-populated\">\n\t\t\t\t\t\t<div class=\"elementor-element elementor-element-a7cebbf elementor-widget elementor-widget-button\" data-id=\"a7cebbf\" data-element_type=\"widget\" data-e-type=\"widget\" data-widget_type=\"button.default\">\n\t\t\t\t<div class=\"elementor-widget-container\">\n\t\t\t\t\t\t\t\t\t<div class=\"elementor-button-wrapper\">\n\t\t\t\t\t<a class=\"elementor-button elementor-button-link elementor-size-sm\" href=\"https:\/\/www2.unifap.br\/cambientais\/\">\n\t\t\t\t\t\t<span class=\"elementor-button-content-wrapper\">\n\t\t\t\t\t\t<span class=\"elementor-button-icon\">\n\t\t\t\t<i aria-hidden=\"true\" class=\"fas fa-home\"><\/i>\t\t\t<\/span>\n\t\t\t\t\t\t\t\t\t<span class=\"elementor-button-text\">In\u00edcio<\/span>\n\t\t\t\t\t<\/span>\n\t\t\t\t\t<\/a>\n\t\t\t\t<\/div>\n\t\t\t\t\t\t\t\t<\/div>\n\t\t\t\t<\/div>\n\t\t\t\t\t<\/div>\n\t\t<\/div>\n\t\t\t\t\t<\/div>\n\t\t<\/section>\n\t\t\t\t<\/div>\n\t\t","protected":false},"excerpt":{"rendered":"<p>Os acad\u00eamicos da turma de 2022 do curso de Ci\u00eancias Ambientais realizaram atividade de campo na Via Expressa Comandante Ann\u00edbal Barcellos, recentemente inaugurada para melhorar a mobilidade da zona norte ao centro da cidade de Macap\u00e1. A atividade teve como objetivo compreender os impactos ambientais e sociais ocasionados pela constru\u00e7\u00e3o \u2026 <a class=\"continue-reading-link\" href=\"http:\/\/www2.unifap.br\/cambientais\/2023\/04\/06\/academicos-da-turma-de-2022-realizam-atividade-de-campo-na-via-expressa-comandante-annibal-barcellos-macapa-ap\/\"> Continue Lendo <span class=\"meta-nav\">&rarr; <\/span><\/a><\/p>\n","protected":false},"author":3976,"featured_media":0,"comment_status":"open","ping_status":"open","sticky":false,"template":"","format":"standard","meta":{"inline_featured_image":false,"ngg_post_thumbnail":0,"footnotes":""},"categories":[1],"tags":[],"class_list":["post-3238","post","type-post","status-publish","format-standard","hentry","category-sem-categoria"],"_links":{"self":[{"href":"http:\/\/www2.unifap.br\/cambientais\/wp-json\/wp\/v2\/posts\/3238","targetHints":{"allow":["GET"]}}],"collection":[{"href":"http:\/\/www2.unifap.br\/cambientais\/wp-json\/wp\/v2\/posts"}],"about":[{"href":"http:\/\/www2.unifap.br\/cambientais\/wp-json\/wp\/v2\/types\/post"}],"author":[{"embeddable":true,"href":"http:\/\/www2.unifap.br\/cambientais\/wp-json\/wp\/v2\/users\/3976"}],"replies":[{"embeddable":true,"href":"http:\/\/www2.unifap.br\/cambientais\/wp-json\/wp\/v2\/comments?post=3238"}],"version-history":[{"count":10,"href":"http:\/\/www2.unifap.br\/cambientais\/wp-json\/wp\/v2\/posts\/3238\/revisions"}],"predecessor-version":[{"id":3263,"href":"http:\/\/www2.unifap.br\/cambientais\/wp-json\/wp\/v2\/posts\/3238\/revisions\/3263"}],"wp:attachment":[{"href":"http:\/\/www2.unifap.br\/cambientais\/wp-json\/wp\/v2\/media?parent=3238"}],"wp:term":[{"taxonomy":"category","embeddable":true,"href":"http:\/\/www2.unifap.br\/cambientais\/wp-json\/wp\/v2\/categories?post=3238"},{"taxonomy":"post_tag","embeddable":true,"href":"http:\/\/www2.unifap.br\/cambientais\/wp-json\/wp\/v2\/tags?post=3238"}],"curies":[{"name":"wp","href":"https:\/\/api.w.org\/{rel}","templated":true}]}}