{"id":3294,"date":"2023-04-10T02:23:43","date_gmt":"2023-04-10T02:23:43","guid":{"rendered":"https:\/\/www2.unifap.br\/cambientais\/?p=3294"},"modified":"2023-04-10T02:32:30","modified_gmt":"2023-04-10T02:32:30","slug":"formulario-de-autoavaliacao-do-curso","status":"publish","type":"post","link":"http:\/\/www2.unifap.br\/cambientais\/2023\/04\/10\/formulario-de-autoavaliacao-do-curso\/","title":{"rendered":"Formul\u00e1rio de autoavalia\u00e7\u00e3o do curso"},"content":{"rendered":"\t\t<div data-elementor-type=\"wp-post\" data-elementor-id=\"3294\" class=\"elementor elementor-3294\">\n\t\t\t\t\t\t<section class=\"elementor-section elementor-top-section elementor-element elementor-element-d19b69e elementor-section-boxed elementor-section-height-default elementor-section-height-default\" data-id=\"d19b69e\" data-element_type=\"section\" data-e-type=\"section\">\n\t\t\t\t\t\t<div class=\"elementor-container elementor-column-gap-default\">\n\t\t\t\t\t<div class=\"elementor-column elementor-col-100 elementor-top-column elementor-element elementor-element-971f3e9\" data-id=\"971f3e9\" data-element_type=\"column\" data-e-type=\"column\">\n\t\t\t<div class=\"elementor-widget-wrap elementor-element-populated\">\n\t\t\t\t\t\t<div class=\"elementor-element elementor-element-6de8d2e elementor-widget elementor-widget-text-editor\" data-id=\"6de8d2e\" data-element_type=\"widget\" data-e-type=\"widget\" data-widget_type=\"text-editor.default\">\n\t\t\t\t<div class=\"elementor-widget-container\">\n\t\t\t\t\t\t\t\t\t<p><span style=\"color: #000000\">Prezado e prezada discente,\u00a0<\/span><\/p><p><span style=\"color: #000000\">Voc\u00ea est\u00e1 sendo convidado (a) a participar e contribuir com o processo de autoavalia\u00e7\u00e3o do Curso de Ci\u00eancias Ambientais.<\/span><\/p><p><span style=\"color: #000000\">A autoavalia\u00e7\u00e3o do curso est\u00e1 de acordo com a Resolu\u00e7\u00e3o N\u00ba 025\/2006 \u2013 CONSU da UNIFAP, que estabelece a Comiss\u00e3o Pr\u00f3pria de Avalia\u00e7\u00e3o (CPA), visando a elabora\u00e7\u00e3o de estrat\u00e9gias sobre o processo de avalia\u00e7\u00e3o interna. <\/span><\/p><p><span style=\"color: #000000\">Esta avalia\u00e7\u00e3o gera resultados importantes sobre a situa\u00e7\u00e3o do curso, bem como auxilia na tomada de decis\u00f5es pelo colegiado, N\u00facleo Docente Estruturante (NDE) e coordena\u00e7\u00e3o na busca de solu\u00e7\u00f5es e melhoria para a comunidade acad\u00eamica interna.<\/span><\/p><p><strong><em><span style=\"color: #000000\">Por isso contamos com a participa\u00e7\u00e3o de todos (as) discentes no preenchimento do formul\u00e1rio abaixo, de modo a contribuir, coletivamente, com a constru\u00e7\u00e3o cont\u00ednua e com o desenvolvimento do Curso de Bacharelado em Ci\u00eancias Ambientais da UNIFAP.<\/span><\/em><\/strong><\/p><p><strong><span style=\"color: #0000ff\"><a style=\"color: #0000ff\" href=\"https:\/\/docs.google.com\/forms\/d\/e\/1FAIpQLSfIOd4SPoGArQ5vmLZIWvWmTAiyO5wl1gjBusZ_59q1iutwuw\/viewform?usp=sf_link\">https:\/\/docs.google.com\/forms\/d\/e\/1FAIpQLSfIOd4SPoGArQ5vmLZIWvWmTAiyO5wl1gjBusZ_59q1iutwuw\/viewform?usp=sf_link<\/a><\/span><\/strong><\/p><p><span style=\"color: #000000\">A coordena\u00e7\u00e3o de curso agradece a colabora\u00e7\u00e3o de todos e todas.\u00a0<\/span><\/p><p><span style=\"color: #000000\">\u00a0<\/span><\/p>\t\t\t\t\t\t\t\t<\/div>\n\t\t\t\t<\/div>\n\t\t\t\t\t<\/div>\n\t\t<\/div>\n\t\t\t\t\t<\/div>\n\t\t<\/section>\n\t\t\t\t<section class=\"elementor-section elementor-top-section elementor-element elementor-element-aef9983 elementor-section-boxed elementor-section-height-default elementor-section-height-default\" data-id=\"aef9983\" data-element_type=\"section\" data-e-type=\"section\">\n\t\t\t\t\t\t<div class=\"elementor-container elementor-column-gap-default\">\n\t\t\t\t\t<div class=\"elementor-column elementor-col-100 elementor-top-column elementor-element elementor-element-39842ae\" data-id=\"39842ae\" data-element_type=\"column\" data-e-type=\"column\">\n\t\t\t<div class=\"elementor-widget-wrap elementor-element-populated\">\n\t\t\t\t\t\t<div class=\"elementor-element elementor-element-469521a elementor-widget-divider--view-line elementor-widget elementor-widget-divider\" data-id=\"469521a\" data-element_type=\"widget\" data-e-type=\"widget\" data-widget_type=\"divider.default\">\n\t\t\t\t<div class=\"elementor-widget-container\">\n\t\t\t\t\t\t\t<div class=\"elementor-divider\">\n\t\t\t<span class=\"elementor-divider-separator\">\n\t\t\t\t\t\t<\/span>\n\t\t<\/div>\n\t\t\t\t\t\t<\/div>\n\t\t\t\t<\/div>\n\t\t\t\t\t<\/div>\n\t\t<\/div>\n\t\t\t\t\t<\/div>\n\t\t<\/section>\n\t\t\t\t<section class=\"elementor-section elementor-top-section elementor-element elementor-element-2d8231f elementor-section-boxed elementor-section-height-default elementor-section-height-default\" data-id=\"2d8231f\" data-element_type=\"section\" data-e-type=\"section\">\n\t\t\t\t\t\t<div class=\"elementor-container elementor-column-gap-default\">\n\t\t\t\t\t<div class=\"elementor-column elementor-col-100 elementor-top-column elementor-element elementor-element-bd76cda\" data-id=\"bd76cda\" data-element_type=\"column\" data-e-type=\"column\">\n\t\t\t<div class=\"elementor-widget-wrap elementor-element-populated\">\n\t\t\t\t\t\t<div class=\"elementor-element elementor-element-ad4245e elementor-button-info elementor-widget elementor-widget-button\" data-id=\"ad4245e\" data-element_type=\"widget\" data-e-type=\"widget\" data-widget_type=\"button.default\">\n\t\t\t\t<div class=\"elementor-widget-container\">\n\t\t\t\t\t\t\t\t\t<div class=\"elementor-button-wrapper\">\n\t\t\t\t\t<a class=\"elementor-button elementor-button-link elementor-size-sm\" href=\"https:\/\/www2.unifap.br\/cambientais\/\">\n\t\t\t\t\t\t<span class=\"elementor-button-content-wrapper\">\n\t\t\t\t\t\t<span class=\"elementor-button-icon\">\n\t\t\t\t<i aria-hidden=\"true\" class=\"fas fa-home\"><\/i>\t\t\t<\/span>\n\t\t\t\t\t\t\t\t\t<span class=\"elementor-button-text\">In\u00edcio<\/span>\n\t\t\t\t\t<\/span>\n\t\t\t\t\t<\/a>\n\t\t\t\t<\/div>\n\t\t\t\t\t\t\t\t<\/div>\n\t\t\t\t<\/div>\n\t\t\t\t\t<\/div>\n\t\t<\/div>\n\t\t\t\t\t<\/div>\n\t\t<\/section>\n\t\t\t\t<\/div>\n\t\t","protected":false},"excerpt":{"rendered":"<p>Prezado e prezada discente,\u00a0 Voc\u00ea est\u00e1 sendo convidado (a) a participar e contribuir com o processo de autoavalia\u00e7\u00e3o do Curso de Ci\u00eancias Ambientais. A autoavalia\u00e7\u00e3o do curso est\u00e1 de acordo com a Resolu\u00e7\u00e3o N\u00ba 025\/2006 \u2013 CONSU da UNIFAP, que estabelece a Comiss\u00e3o Pr\u00f3pria de Avalia\u00e7\u00e3o (CPA), visando a elabora\u00e7\u00e3o \u2026 <a class=\"continue-reading-link\" href=\"http:\/\/www2.unifap.br\/cambientais\/2023\/04\/10\/formulario-de-autoavaliacao-do-curso\/\"> Continue Lendo <span class=\"meta-nav\">&rarr; <\/span><\/a><\/p>\n","protected":false},"author":3976,"featured_media":0,"comment_status":"open","ping_status":"open","sticky":false,"template":"","format":"standard","meta":{"inline_featured_image":false,"ngg_post_thumbnail":0,"footnotes":""},"categories":[1],"tags":[],"class_list":["post-3294","post","type-post","status-publish","format-standard","hentry","category-sem-categoria"],"_links":{"self":[{"href":"http:\/\/www2.unifap.br\/cambientais\/wp-json\/wp\/v2\/posts\/3294","targetHints":{"allow":["GET"]}}],"collection":[{"href":"http:\/\/www2.unifap.br\/cambientais\/wp-json\/wp\/v2\/posts"}],"about":[{"href":"http:\/\/www2.unifap.br\/cambientais\/wp-json\/wp\/v2\/types\/post"}],"author":[{"embeddable":true,"href":"http:\/\/www2.unifap.br\/cambientais\/wp-json\/wp\/v2\/users\/3976"}],"replies":[{"embeddable":true,"href":"http:\/\/www2.unifap.br\/cambientais\/wp-json\/wp\/v2\/comments?post=3294"}],"version-history":[{"count":3,"href":"http:\/\/www2.unifap.br\/cambientais\/wp-json\/wp\/v2\/posts\/3294\/revisions"}],"predecessor-version":[{"id":3298,"href":"http:\/\/www2.unifap.br\/cambientais\/wp-json\/wp\/v2\/posts\/3294\/revisions\/3298"}],"wp:attachment":[{"href":"http:\/\/www2.unifap.br\/cambientais\/wp-json\/wp\/v2\/media?parent=3294"}],"wp:term":[{"taxonomy":"category","embeddable":true,"href":"http:\/\/www2.unifap.br\/cambientais\/wp-json\/wp\/v2\/categories?post=3294"},{"taxonomy":"post_tag","embeddable":true,"href":"http:\/\/www2.unifap.br\/cambientais\/wp-json\/wp\/v2\/tags?post=3294"}],"curies":[{"name":"wp","href":"https:\/\/api.w.org\/{rel}","templated":true}]}}