{"id":3414,"date":"2023-04-21T22:39:07","date_gmt":"2023-04-21T22:39:07","guid":{"rendered":"https:\/\/www2.unifap.br\/cambientais\/?p=3414"},"modified":"2023-04-21T22:42:23","modified_gmt":"2023-04-21T22:42:23","slug":"ciclo-de-defesa-de-tccs-de-ciencias-ambientais-2022-2","status":"publish","type":"post","link":"http:\/\/www2.unifap.br\/cambientais\/2023\/04\/21\/ciclo-de-defesa-de-tccs-de-ciencias-ambientais-2022-2\/","title":{"rendered":"CICLO DE DEFESA DE TCCs DE CI\u00caNCIAS AMBIENTAIS 2022.2"},"content":{"rendered":"\t\t<div data-elementor-type=\"wp-post\" data-elementor-id=\"3414\" class=\"elementor elementor-3414\">\n\t\t\t\t\t\t<section class=\"elementor-section elementor-top-section elementor-element elementor-element-397ada8 elementor-section-boxed elementor-section-height-default elementor-section-height-default\" data-id=\"397ada8\" data-element_type=\"section\" data-e-type=\"section\">\n\t\t\t\t\t\t<div class=\"elementor-container elementor-column-gap-default\">\n\t\t\t\t\t<div class=\"elementor-column elementor-col-100 elementor-top-column elementor-element elementor-element-906d625\" data-id=\"906d625\" data-element_type=\"column\" data-e-type=\"column\">\n\t\t\t<div class=\"elementor-widget-wrap elementor-element-populated\">\n\t\t\t\t\t\t<div class=\"elementor-element elementor-element-dbfd855 elementor-widget elementor-widget-text-editor\" data-id=\"dbfd855\" data-element_type=\"widget\" data-e-type=\"widget\" data-widget_type=\"text-editor.default\">\n\t\t\t\t<div class=\"elementor-widget-container\">\n\t\t\t\t\t\t\t\t\t<p><span style=\"color: #000000\">O Colegiado do Curso de Ci\u00eancias Ambientais convida a comunidade acad\u00eamica e externa para prestigiar o <strong>Ciclo de defesa de Trabalhos de Conclus\u00e3o de Curso (TCC) das Ci\u00eancias Ambientais (2022.2)<\/strong>. As sess\u00f5es p\u00fablicas de defesa dos TCCs acontecer\u00e3o no per\u00edodo de <strong>24 a 28 de abril de 2023<\/strong>, no bloco de Ci\u00eancias Ambientais, conforme cronograma abaixo.\u00a0<\/span><\/p><p style=\"text-align: center\"><span style=\"color: #000000\"><strong>Ciclo de Defesa de TCC \u2013 24 a 28 de abril de 2023<\/strong><\/span><\/p><p style=\"text-align: center\"><span style=\"color: #ff0000\"><strong>Dia 24.04.2023<\/strong><\/span><\/p><p><span style=\"color: #000000\"><strong>Hora: <\/strong>08:30h (SALA 1)<\/span><\/p><p><span style=\"color: #000000\"><strong>Aluna<\/strong>: Hellen Cristina Calandrine Barreiros<\/span><\/p><p><span style=\"color: #000000\"><strong>T\u00edtulo do trabalho<\/strong>: Planejamento urbano no vi\u00e9s da arboriza\u00e7\u00e3o: um estudo de caso do loteamento Terra Nova Amap\u00e1<\/span><\/p><p><span style=\"color: #000000\"><strong>Orientadora<\/strong>: Profa. Dra. Karina Valverde; Coorientadora: Profa. Dra. Wegliane Apar\u00edcio<\/span><\/p><p><span style=\"color: #000000\"><strong>Banca examinadora<\/strong>: Profa. Dra. Helenilza Cunha e Profa. Dra. Julieta Bramorski<\/span><\/p><p>\u00a0<\/p><p><span style=\"color: #000000\"><strong>Hora<\/strong>: 10:30h (SALA 2)<\/span><\/p><p><span style=\"color: #000000\"><strong>Aluno:<\/strong> Gabriel do Nascimento Da Silva<\/span><\/p><p><span style=\"color: #000000\"><strong>T\u00edtulo do trabalho<\/strong>: Estudo das intera\u00e7\u00f5es hidrol\u00f3gicas de esp\u00e9cies arb\u00f3reas da savana amapaense<\/span><\/p><p><span style=\"color: #000000\"><strong>Orientadora: <\/strong>Profa. Dra. Julieta Bramorski<\/span><\/p><p><span style=\"color: #000000\"><strong>Banca examinadora<\/strong>: Prof. Dr. Marcelo Oliveira e Prof. Dr.\u00a0 Leonardo Magalh\u00e3es<\/span><\/p><p>\u00a0<\/p><p><span style=\"color: #000000\"><strong>Hora<\/strong>: 10:30h (SALA 3)<\/span><\/p><p><span style=\"color: #000000\"><strong>Aluna: <\/strong>Kely Cristina Pacheco<\/span><\/p><p><span style=\"color: #000000\"><strong>T\u00edtulo do trabalho<\/strong>: Caracteriza\u00e7\u00e3o f\u00edsico-qu\u00edmica e microbiol\u00f3gica da \u00e1gua em dois pontos de alagamentos da cidade de Macap\u00e1 (AP): Canal do Jandi\u00e1 e Canal das Pedrinhas<\/span><\/p><p><span style=\"color: #000000\"><strong>Orientadora: <\/strong>Profa. Dra. Karina Valverde<\/span><\/p><p><span style=\"color: #000000\"><strong>Banca examinadora: <\/strong>Profa. Dra. G\u00e9ssica dos Santos e Prof. Dr. Joel Diniz<\/span><\/p><p style=\"text-align: center\"><span style=\"color: #ff0000\"><strong>Dia 25.04.2023 <\/strong><\/span><\/p><p><span style=\"color: #000000\"><strong>Hora<\/strong>: 09:00h\u00a0 (Sala 1)<\/span><\/p><p><span style=\"color: #000000\"><strong>Aluno<\/strong>: Elian da Luz Ba\u00eda<\/span><\/p><p><span style=\"color: #000000\"><strong>T\u00edtulo<\/strong>: An\u00e1lise econ\u00f4mica do com\u00e9rcio do a\u00e7a\u00ed no munic\u00edpio de Macap\u00e1 no per\u00edodo de 2009-2018.<\/span><\/p><p><span style=\"color: #000000\"><strong>Orientadora<\/strong>: Profa. Dra. Cl\u00e1udia Chelala<\/span><\/p><p><span style=\"color: #000000\"><strong>Banca examinadora<\/strong>: Prof. Dr. Marcelo Oliveira e Prof. Me. Charles Chelala<\/span><\/p><p style=\"text-align: center\"><span style=\"color: #ff0000\"><strong>Dia 27.04.2023<\/strong><\/span><\/p><p><span style=\"color: #000000\"><strong>Hora<\/strong>: 09:00h (SALA 1)<\/span><\/p><p><span style=\"color: #000000\"><strong>Aluna: <\/strong>\u00a0Maisa Cardoso da Silva<\/span><\/p><p><span style=\"color: #000000\"><strong>T\u00edtulo do trabalho<\/strong>: Plantas medicinais no tratamento de infec\u00e7\u00f5es urin\u00e1rias no Estado do Amap\u00e1, Brasil: revis\u00e3o sistem\u00e1tica em estudos etnobot\u00e2nicos.<\/span><\/p><p><span style=\"color: #000000\"><strong>Orientadora: <\/strong>Profa. Dra. Alzira Oliveira<\/span><\/p><p><span style=\"color: #000000\"><strong>Banca examinadora: <\/strong>Profa. Dra. Helenilza Cunha e Prof. Dr. Leonardo Magalh\u00e3es<\/span><\/p><p><span style=\"color: #000000\"><strong>\u00a0<\/strong><\/span><\/p><p><span style=\"color: #000000\"><strong>Hora<\/strong>: 10:30h (Sala 2)<\/span><\/p><p><span style=\"color: #000000\"><strong>Aluna: <\/strong>Danyele da Silva Luz<\/span><\/p><p><span style=\"color: #000000\"><strong>T\u00edtulo do trabalho<\/strong>: As Plantas Medicinais como instrumento de Educa\u00e7\u00e3o Ambiental no contexto da Escola Estadual Jos\u00e9 do Patroc\u00ednio, distrito da Fazendinha, Macap\u00e1 (AP)<\/span><\/p><p><span style=\"color: #000000\"><strong>Orientadora: <\/strong>Profa. Dra. Alzira Oliveira<\/span><\/p><p><span style=\"color: #000000\"><strong>Banca examinadora: <\/strong>Prof. Dr. Marcelo Oliveira e Prof. Dr. Arialdo J\u00fanior<\/span><\/p><p>\u00a0<\/p><p><span style=\"color: #000000\"><strong>Hora<\/strong>: 14:00h (Sala 3)<\/span><\/p><p><span style=\"color: #000000\"><strong>Aluno<\/strong>: Tiago Rodrigues Pantoja<\/span><\/p><p><span style=\"color: #000000\"><strong>T\u00edtulo do trabalho<\/strong>: Esp\u00e9cies da fam\u00edlia Asteraceae como plantas medicinais em tratamento de doen\u00e7as respirat\u00f3rias no estado do Amap\u00e1, Amaz\u00f4nia, Brasil<\/span><\/p><p><span style=\"color: #000000\"><strong>Orientadora: <\/strong>Profa. Dra. Alzira Oliveira<\/span><\/p><p><span style=\"color: #000000\"><strong>Banca examinadora: <\/strong>Prof. Dr. Leonardo Magalh\u00e3es e Prof. Dr. Galdino Filho<\/span><\/p><p>\u00a0<\/p><p><span style=\"color: #000000\"><strong>Hora<\/strong>: 15:00h (Sala 3)<\/span><\/p><p><span style=\"color: #000000\"><strong>Aluna:<\/strong> Michelle Silva Santos<\/span><\/p><p><span style=\"color: #000000\"><strong>T\u00edtulo do trabalho<\/strong>: Plantas Medicinais usadas popularmente em tratamento de Diabetes Mellitus no estado do Amap\u00e1<\/span><\/p><p><span style=\"color: #000000\"><strong>Orientadora: <\/strong>Profa. Dra. Alzira Oliveira<\/span><\/p><p><span style=\"color: #000000\"><strong>Banca examinadora:<\/strong> Prof. Dr. Leonardo Magalh\u00e3es e Prof. Dr. Galdino Filho<\/span><\/p><p>\u00a0<\/p><p><span style=\"color: #000000\"><strong>Hora<\/strong>: 15:00h (Sala 2)<\/span><\/p><p><span style=\"color: #000000\"><strong>Aluno: <\/strong>Rodrigo Barbosa Lima<\/span><\/p><p><span style=\"color: #000000\"><strong>T\u00edtulo do trabalho<\/strong>: \u00cdndice de qualidade do ar do material particulado em suspens\u00e3o no munic\u00edpio de Macap\u00e1 &#8211; AP<\/span><\/p><p><span style=\"color: #000000\"><strong>Orientador: <\/strong>Prof. Dr. Moacir Veras; Coorientador: Prof. Dr. Marcelo Oliveira<\/span><\/p><p><span style=\"color: #000000\"><strong>Banca examinadora: <\/strong>Prof. Dr. Arialdo J\u00fanior e Profa. Ma. Bianca Cunha<\/span><\/p>\t\t\t\t\t\t\t\t<\/div>\n\t\t\t\t<\/div>\n\t\t\t\t\t<\/div>\n\t\t<\/div>\n\t\t\t\t\t<\/div>\n\t\t<\/section>\n\t\t\t\t<section class=\"elementor-section elementor-top-section elementor-element elementor-element-82e7ee8 elementor-section-boxed elementor-section-height-default elementor-section-height-default\" data-id=\"82e7ee8\" data-element_type=\"section\" data-e-type=\"section\">\n\t\t\t\t\t\t<div class=\"elementor-container elementor-column-gap-default\">\n\t\t\t\t\t<div class=\"elementor-column elementor-col-100 elementor-top-column elementor-element elementor-element-c1bebdb\" data-id=\"c1bebdb\" data-element_type=\"column\" data-e-type=\"column\">\n\t\t\t<div class=\"elementor-widget-wrap elementor-element-populated\">\n\t\t\t\t\t\t<div class=\"elementor-element elementor-element-d523d78 elementor-widget-divider--view-line elementor-widget elementor-widget-divider\" data-id=\"d523d78\" data-element_type=\"widget\" data-e-type=\"widget\" data-widget_type=\"divider.default\">\n\t\t\t\t<div class=\"elementor-widget-container\">\n\t\t\t\t\t\t\t<div class=\"elementor-divider\">\n\t\t\t<span class=\"elementor-divider-separator\">\n\t\t\t\t\t\t<\/span>\n\t\t<\/div>\n\t\t\t\t\t\t<\/div>\n\t\t\t\t<\/div>\n\t\t\t\t\t<\/div>\n\t\t<\/div>\n\t\t\t\t\t<\/div>\n\t\t<\/section>\n\t\t\t\t<section class=\"elementor-section elementor-top-section elementor-element elementor-element-328aadf elementor-section-boxed elementor-section-height-default elementor-section-height-default\" data-id=\"328aadf\" data-element_type=\"section\" data-e-type=\"section\">\n\t\t\t\t\t\t<div class=\"elementor-container elementor-column-gap-default\">\n\t\t\t\t\t<div class=\"elementor-column elementor-col-100 elementor-top-column elementor-element elementor-element-159fabe\" data-id=\"159fabe\" data-element_type=\"column\" data-e-type=\"column\">\n\t\t\t<div class=\"elementor-widget-wrap elementor-element-populated\">\n\t\t\t\t\t\t<div class=\"elementor-element elementor-element-ecc5cd3 elementor-widget elementor-widget-button\" data-id=\"ecc5cd3\" data-element_type=\"widget\" data-e-type=\"widget\" data-widget_type=\"button.default\">\n\t\t\t\t<div class=\"elementor-widget-container\">\n\t\t\t\t\t\t\t\t\t<div class=\"elementor-button-wrapper\">\n\t\t\t\t\t<a class=\"elementor-button elementor-button-link elementor-size-sm\" href=\"https:\/\/www2.unifap.br\/cambientais\/\">\n\t\t\t\t\t\t<span class=\"elementor-button-content-wrapper\">\n\t\t\t\t\t\t<span class=\"elementor-button-icon\">\n\t\t\t\t<i aria-hidden=\"true\" class=\"fas fa-home\"><\/i>\t\t\t<\/span>\n\t\t\t\t\t\t\t\t\t<span class=\"elementor-button-text\">In\u00edcio<\/span>\n\t\t\t\t\t<\/span>\n\t\t\t\t\t<\/a>\n\t\t\t\t<\/div>\n\t\t\t\t\t\t\t\t<\/div>\n\t\t\t\t<\/div>\n\t\t\t\t\t<\/div>\n\t\t<\/div>\n\t\t\t\t\t<\/div>\n\t\t<\/section>\n\t\t\t\t<\/div>\n\t\t","protected":false},"excerpt":{"rendered":"<p>O Colegiado do Curso de Ci\u00eancias Ambientais convida a comunidade acad\u00eamica e externa para prestigiar o Ciclo de defesa de Trabalhos de Conclus\u00e3o de Curso (TCC) das Ci\u00eancias Ambientais (2022.2). As sess\u00f5es p\u00fablicas de defesa dos TCCs acontecer\u00e3o no per\u00edodo de 24 a 28 de abril de 2023, no bloco \u2026 <a class=\"continue-reading-link\" href=\"http:\/\/www2.unifap.br\/cambientais\/2023\/04\/21\/ciclo-de-defesa-de-tccs-de-ciencias-ambientais-2022-2\/\"> Continue Lendo <span class=\"meta-nav\">&rarr; <\/span><\/a><\/p>\n","protected":false},"author":3976,"featured_media":0,"comment_status":"open","ping_status":"open","sticky":false,"template":"","format":"standard","meta":{"inline_featured_image":false,"ngg_post_thumbnail":0,"footnotes":""},"categories":[1],"tags":[],"class_list":["post-3414","post","type-post","status-publish","format-standard","hentry","category-sem-categoria"],"_links":{"self":[{"href":"http:\/\/www2.unifap.br\/cambientais\/wp-json\/wp\/v2\/posts\/3414","targetHints":{"allow":["GET"]}}],"collection":[{"href":"http:\/\/www2.unifap.br\/cambientais\/wp-json\/wp\/v2\/posts"}],"about":[{"href":"http:\/\/www2.unifap.br\/cambientais\/wp-json\/wp\/v2\/types\/post"}],"author":[{"embeddable":true,"href":"http:\/\/www2.unifap.br\/cambientais\/wp-json\/wp\/v2\/users\/3976"}],"replies":[{"embeddable":true,"href":"http:\/\/www2.unifap.br\/cambientais\/wp-json\/wp\/v2\/comments?post=3414"}],"version-history":[{"count":6,"href":"http:\/\/www2.unifap.br\/cambientais\/wp-json\/wp\/v2\/posts\/3414\/revisions"}],"predecessor-version":[{"id":3420,"href":"http:\/\/www2.unifap.br\/cambientais\/wp-json\/wp\/v2\/posts\/3414\/revisions\/3420"}],"wp:attachment":[{"href":"http:\/\/www2.unifap.br\/cambientais\/wp-json\/wp\/v2\/media?parent=3414"}],"wp:term":[{"taxonomy":"category","embeddable":true,"href":"http:\/\/www2.unifap.br\/cambientais\/wp-json\/wp\/v2\/categories?post=3414"},{"taxonomy":"post_tag","embeddable":true,"href":"http:\/\/www2.unifap.br\/cambientais\/wp-json\/wp\/v2\/tags?post=3414"}],"curies":[{"name":"wp","href":"https:\/\/api.w.org\/{rel}","templated":true}]}}