{"id":3426,"date":"2023-04-24T18:28:52","date_gmt":"2023-04-24T18:28:52","guid":{"rendered":"https:\/\/www2.unifap.br\/cambientais\/?p=3426"},"modified":"2023-04-24T18:36:24","modified_gmt":"2023-04-24T18:36:24","slug":"discentes-de-ciencias-ambientais-visitam-rppn-revecon","status":"publish","type":"post","link":"http:\/\/www2.unifap.br\/cambientais\/2023\/04\/24\/discentes-de-ciencias-ambientais-visitam-rppn-revecon\/","title":{"rendered":"Discentes de Ci\u00eancias Ambientais visitam RPPN REVECON"},"content":{"rendered":"\t\t<div data-elementor-type=\"wp-post\" data-elementor-id=\"3426\" class=\"elementor elementor-3426\">\n\t\t\t\t\t\t<section class=\"elementor-section elementor-top-section elementor-element elementor-element-a636fa5 elementor-section-boxed elementor-section-height-default elementor-section-height-default\" data-id=\"a636fa5\" data-element_type=\"section\" data-e-type=\"section\">\n\t\t\t\t\t\t<div class=\"elementor-container elementor-column-gap-default\">\n\t\t\t\t\t<div class=\"elementor-column elementor-col-100 elementor-top-column elementor-element elementor-element-3ea2367\" data-id=\"3ea2367\" data-element_type=\"column\" data-e-type=\"column\">\n\t\t\t<div class=\"elementor-widget-wrap elementor-element-populated\">\n\t\t\t\t\t\t<div class=\"elementor-element elementor-element-2fda210 elementor-widget elementor-widget-text-editor\" data-id=\"2fda210\" data-element_type=\"widget\" data-e-type=\"widget\" data-widget_type=\"text-editor.default\">\n\t\t\t\t<div class=\"elementor-widget-container\">\n\t\t\t\t\t\t\t\t\t<p>Discentes da\u00a0<strong><em>turma de 2021<\/em><\/strong> participaram, no dia 15\/04\/ 2023, de uma aula de campo na Reserva Particular do Patrim\u00f4nio Natural REVECOM &#8211; RPPN REVECOM, no municipio de Santana-AP. O objetivo da atividade foi conhecer o funcionamento de uma RPPN e a sua import\u00e2ncia para a conserva\u00e7\u00e3o e preserva\u00e7\u00e3o dos recursos naturais locais.\u00a0 A visita faz parte do cronograma da disciplina <strong>\u00c1reas Protegidas I<\/strong>, <span style=\"color: #000000\"><i>s<\/i><\/span>ob a coordena\u00e7\u00e3o do\u00a0<strong><em>Prof. Dr. Jos\u00e9 Leonardo Lima Magalh\u00e3es. <\/em><\/strong>Seguem registros fotogr\u00e1ficos da atividade.<\/p><p><a href=\"http:\/\/www2.unifap.br\/cambientais\/files\/2023\/04\/WhatsApp-Image-2023-04-15-at-12.00.13-1.jpeg\"><img fetchpriority=\"high\" decoding=\"async\" class=\"alignnone size-medium wp-image-3430\" src=\"http:\/\/www2.unifap.br\/cambientais\/files\/2023\/04\/WhatsApp-Image-2023-04-15-at-12.00.13-1-300x225.jpeg\" alt=\"\" width=\"300\" height=\"225\" srcset=\"http:\/\/www2.unifap.br\/cambientais\/files\/2023\/04\/WhatsApp-Image-2023-04-15-at-12.00.13-1-300x225.jpeg 300w, http:\/\/www2.unifap.br\/cambientais\/files\/2023\/04\/WhatsApp-Image-2023-04-15-at-12.00.13-1-1024x768.jpeg 1024w, http:\/\/www2.unifap.br\/cambientais\/files\/2023\/04\/WhatsApp-Image-2023-04-15-at-12.00.13-1-768x576.jpeg 768w, http:\/\/www2.unifap.br\/cambientais\/files\/2023\/04\/WhatsApp-Image-2023-04-15-at-12.00.13-1-1536x1152.jpeg 1536w, http:\/\/www2.unifap.br\/cambientais\/files\/2023\/04\/WhatsApp-Image-2023-04-15-at-12.00.13-1-150x113.jpeg 150w, http:\/\/www2.unifap.br\/cambientais\/files\/2023\/04\/WhatsApp-Image-2023-04-15-at-12.00.13-1-200x150.jpeg 200w, http:\/\/www2.unifap.br\/cambientais\/files\/2023\/04\/WhatsApp-Image-2023-04-15-at-12.00.13-1.jpeg 1600w\" sizes=\"(max-width: 300px) 100vw, 300px\" \/><\/a> <a href=\"http:\/\/www2.unifap.br\/cambientais\/files\/2023\/04\/WhatsApp-Image-2023-04-15-at-12.00.13.jpeg\"><img decoding=\"async\" class=\"alignnone size-medium wp-image-3431\" src=\"http:\/\/www2.unifap.br\/cambientais\/files\/2023\/04\/WhatsApp-Image-2023-04-15-at-12.00.13-300x225.jpeg\" alt=\"\" width=\"300\" height=\"225\" srcset=\"http:\/\/www2.unifap.br\/cambientais\/files\/2023\/04\/WhatsApp-Image-2023-04-15-at-12.00.13-300x225.jpeg 300w, http:\/\/www2.unifap.br\/cambientais\/files\/2023\/04\/WhatsApp-Image-2023-04-15-at-12.00.13-1024x768.jpeg 1024w, http:\/\/www2.unifap.br\/cambientais\/files\/2023\/04\/WhatsApp-Image-2023-04-15-at-12.00.13-768x576.jpeg 768w, http:\/\/www2.unifap.br\/cambientais\/files\/2023\/04\/WhatsApp-Image-2023-04-15-at-12.00.13-1536x1152.jpeg 1536w, http:\/\/www2.unifap.br\/cambientais\/files\/2023\/04\/WhatsApp-Image-2023-04-15-at-12.00.13-150x113.jpeg 150w, http:\/\/www2.unifap.br\/cambientais\/files\/2023\/04\/WhatsApp-Image-2023-04-15-at-12.00.13-200x150.jpeg 200w, http:\/\/www2.unifap.br\/cambientais\/files\/2023\/04\/WhatsApp-Image-2023-04-15-at-12.00.13.jpeg 1600w\" sizes=\"(max-width: 300px) 100vw, 300px\" \/><\/a><\/p><p><a href=\"http:\/\/www2.unifap.br\/cambientais\/files\/2023\/04\/WhatsApp-Image-2023-04-15-at-12.00.12-1.jpeg\"><img decoding=\"async\" class=\"alignnone size-medium wp-image-3432\" src=\"http:\/\/www2.unifap.br\/cambientais\/files\/2023\/04\/WhatsApp-Image-2023-04-15-at-12.00.12-1-225x300.jpeg\" alt=\"\" width=\"225\" height=\"300\" srcset=\"http:\/\/www2.unifap.br\/cambientais\/files\/2023\/04\/WhatsApp-Image-2023-04-15-at-12.00.12-1-225x300.jpeg 225w, http:\/\/www2.unifap.br\/cambientais\/files\/2023\/04\/WhatsApp-Image-2023-04-15-at-12.00.12-1-768x1024.jpeg 768w, http:\/\/www2.unifap.br\/cambientais\/files\/2023\/04\/WhatsApp-Image-2023-04-15-at-12.00.12-1-1152x1536.jpeg 1152w, http:\/\/www2.unifap.br\/cambientais\/files\/2023\/04\/WhatsApp-Image-2023-04-15-at-12.00.12-1-113x150.jpeg 113w, http:\/\/www2.unifap.br\/cambientais\/files\/2023\/04\/WhatsApp-Image-2023-04-15-at-12.00.12-1.jpeg 1200w\" sizes=\"(max-width: 225px) 100vw, 225px\" \/><\/a> <a href=\"http:\/\/www2.unifap.br\/cambientais\/files\/2023\/04\/WhatsApp-Image-2023-04-15-at-12.00.12.jpeg\"><img loading=\"lazy\" decoding=\"async\" class=\"alignnone  wp-image-3433\" src=\"http:\/\/www2.unifap.br\/cambientais\/files\/2023\/04\/WhatsApp-Image-2023-04-15-at-12.00.12-300x225.jpeg\" alt=\"\" width=\"382\" height=\"287\" srcset=\"http:\/\/www2.unifap.br\/cambientais\/files\/2023\/04\/WhatsApp-Image-2023-04-15-at-12.00.12-300x225.jpeg 300w, http:\/\/www2.unifap.br\/cambientais\/files\/2023\/04\/WhatsApp-Image-2023-04-15-at-12.00.12-1024x768.jpeg 1024w, http:\/\/www2.unifap.br\/cambientais\/files\/2023\/04\/WhatsApp-Image-2023-04-15-at-12.00.12-768x576.jpeg 768w, http:\/\/www2.unifap.br\/cambientais\/files\/2023\/04\/WhatsApp-Image-2023-04-15-at-12.00.12-1536x1152.jpeg 1536w, http:\/\/www2.unifap.br\/cambientais\/files\/2023\/04\/WhatsApp-Image-2023-04-15-at-12.00.12-150x113.jpeg 150w, http:\/\/www2.unifap.br\/cambientais\/files\/2023\/04\/WhatsApp-Image-2023-04-15-at-12.00.12-200x150.jpeg 200w, http:\/\/www2.unifap.br\/cambientais\/files\/2023\/04\/WhatsApp-Image-2023-04-15-at-12.00.12.jpeg 1600w\" sizes=\"(max-width: 382px) 100vw, 382px\" \/><\/a><\/p><p>\u00a0<\/p>\t\t\t\t\t\t\t\t<\/div>\n\t\t\t\t<\/div>\n\t\t\t\t\t<\/div>\n\t\t<\/div>\n\t\t\t\t\t<\/div>\n\t\t<\/section>\n\t\t\t\t<section class=\"elementor-section elementor-top-section elementor-element elementor-element-ed07e01 elementor-section-boxed elementor-section-height-default elementor-section-height-default\" data-id=\"ed07e01\" data-element_type=\"section\" data-e-type=\"section\">\n\t\t\t\t\t\t<div class=\"elementor-container elementor-column-gap-default\">\n\t\t\t\t\t<div class=\"elementor-column elementor-col-100 elementor-top-column elementor-element elementor-element-3438d3e\" data-id=\"3438d3e\" data-element_type=\"column\" data-e-type=\"column\">\n\t\t\t<div class=\"elementor-widget-wrap elementor-element-populated\">\n\t\t\t\t\t\t<div class=\"elementor-element elementor-element-a4015f2 elementor-widget-divider--view-line elementor-widget elementor-widget-divider\" data-id=\"a4015f2\" data-element_type=\"widget\" data-e-type=\"widget\" data-widget_type=\"divider.default\">\n\t\t\t\t<div class=\"elementor-widget-container\">\n\t\t\t\t\t\t\t<div class=\"elementor-divider\">\n\t\t\t<span class=\"elementor-divider-separator\">\n\t\t\t\t\t\t<\/span>\n\t\t<\/div>\n\t\t\t\t\t\t<\/div>\n\t\t\t\t<\/div>\n\t\t\t\t\t<\/div>\n\t\t<\/div>\n\t\t\t\t\t<\/div>\n\t\t<\/section>\n\t\t\t\t<section class=\"elementor-section elementor-top-section elementor-element elementor-element-60ff0ba elementor-section-boxed elementor-section-height-default elementor-section-height-default\" data-id=\"60ff0ba\" data-element_type=\"section\" data-e-type=\"section\">\n\t\t\t\t\t\t<div class=\"elementor-container elementor-column-gap-default\">\n\t\t\t\t\t<div class=\"elementor-column elementor-col-100 elementor-top-column elementor-element elementor-element-ecf1365\" data-id=\"ecf1365\" data-element_type=\"column\" data-e-type=\"column\">\n\t\t\t<div class=\"elementor-widget-wrap elementor-element-populated\">\n\t\t\t\t\t\t<div class=\"elementor-element elementor-element-d17e41f elementor-widget elementor-widget-button\" data-id=\"d17e41f\" data-element_type=\"widget\" data-e-type=\"widget\" data-widget_type=\"button.default\">\n\t\t\t\t<div class=\"elementor-widget-container\">\n\t\t\t\t\t\t\t\t\t<div class=\"elementor-button-wrapper\">\n\t\t\t\t\t<a class=\"elementor-button elementor-button-link elementor-size-sm\" href=\"https:\/\/www2.unifap.br\/cambientais\/\">\n\t\t\t\t\t\t<span class=\"elementor-button-content-wrapper\">\n\t\t\t\t\t\t<span class=\"elementor-button-icon\">\n\t\t\t\t<i aria-hidden=\"true\" class=\"fas fa-home\"><\/i>\t\t\t<\/span>\n\t\t\t\t\t\t\t\t\t<span class=\"elementor-button-text\">In\u00edcio<\/span>\n\t\t\t\t\t<\/span>\n\t\t\t\t\t<\/a>\n\t\t\t\t<\/div>\n\t\t\t\t\t\t\t\t<\/div>\n\t\t\t\t<\/div>\n\t\t\t\t\t<\/div>\n\t\t<\/div>\n\t\t\t\t\t<\/div>\n\t\t<\/section>\n\t\t\t\t<\/div>\n\t\t","protected":false},"excerpt":{"rendered":"<p>Discentes da\u00a0turma de 2021 participaram, no dia 15\/04\/ 2023, de uma aula de campo na Reserva Particular do Patrim\u00f4nio Natural REVECOM &#8211; RPPN REVECOM, no municipio de Santana-AP. O objetivo da atividade foi conhecer o funcionamento de uma RPPN e a sua import\u00e2ncia para a conserva\u00e7\u00e3o e preserva\u00e7\u00e3o dos recursos \u2026 <a class=\"continue-reading-link\" href=\"http:\/\/www2.unifap.br\/cambientais\/2023\/04\/24\/discentes-de-ciencias-ambientais-visitam-rppn-revecon\/\"> Continue Lendo <span class=\"meta-nav\">&rarr; <\/span><\/a><\/p>\n","protected":false},"author":3976,"featured_media":0,"comment_status":"open","ping_status":"open","sticky":false,"template":"","format":"standard","meta":{"inline_featured_image":false,"ngg_post_thumbnail":0,"footnotes":""},"categories":[1],"tags":[],"class_list":["post-3426","post","type-post","status-publish","format-standard","hentry","category-sem-categoria"],"_links":{"self":[{"href":"http:\/\/www2.unifap.br\/cambientais\/wp-json\/wp\/v2\/posts\/3426","targetHints":{"allow":["GET"]}}],"collection":[{"href":"http:\/\/www2.unifap.br\/cambientais\/wp-json\/wp\/v2\/posts"}],"about":[{"href":"http:\/\/www2.unifap.br\/cambientais\/wp-json\/wp\/v2\/types\/post"}],"author":[{"embeddable":true,"href":"http:\/\/www2.unifap.br\/cambientais\/wp-json\/wp\/v2\/users\/3976"}],"replies":[{"embeddable":true,"href":"http:\/\/www2.unifap.br\/cambientais\/wp-json\/wp\/v2\/comments?post=3426"}],"version-history":[{"count":5,"href":"http:\/\/www2.unifap.br\/cambientais\/wp-json\/wp\/v2\/posts\/3426\/revisions"}],"predecessor-version":[{"id":3436,"href":"http:\/\/www2.unifap.br\/cambientais\/wp-json\/wp\/v2\/posts\/3426\/revisions\/3436"}],"wp:attachment":[{"href":"http:\/\/www2.unifap.br\/cambientais\/wp-json\/wp\/v2\/media?parent=3426"}],"wp:term":[{"taxonomy":"category","embeddable":true,"href":"http:\/\/www2.unifap.br\/cambientais\/wp-json\/wp\/v2\/categories?post=3426"},{"taxonomy":"post_tag","embeddable":true,"href":"http:\/\/www2.unifap.br\/cambientais\/wp-json\/wp\/v2\/tags?post=3426"}],"curies":[{"name":"wp","href":"https:\/\/api.w.org\/{rel}","templated":true}]}}