{"id":3462,"date":"2023-04-28T19:23:07","date_gmt":"2023-04-28T19:23:07","guid":{"rendered":"https:\/\/www2.unifap.br\/cambientais\/?p=3462"},"modified":"2023-04-28T19:24:26","modified_gmt":"2023-04-28T19:24:26","slug":"novo-ppc-de-ciencias-ambientais-e-aprovado","status":"publish","type":"post","link":"http:\/\/www2.unifap.br\/cambientais\/2023\/04\/28\/novo-ppc-de-ciencias-ambientais-e-aprovado\/","title":{"rendered":"Novo PPC de Ci\u00eancias Ambientais \u00e9 aprovado"},"content":{"rendered":"\t\t<div data-elementor-type=\"wp-post\" data-elementor-id=\"3462\" class=\"elementor elementor-3462\">\n\t\t\t\t\t\t<section class=\"elementor-section elementor-top-section elementor-element elementor-element-003b6ac elementor-section-boxed elementor-section-height-default elementor-section-height-default\" data-id=\"003b6ac\" data-element_type=\"section\" data-e-type=\"section\">\n\t\t\t\t\t\t<div class=\"elementor-container elementor-column-gap-default\">\n\t\t\t\t\t<div class=\"elementor-column elementor-col-100 elementor-top-column elementor-element elementor-element-4fea2fe\" data-id=\"4fea2fe\" data-element_type=\"column\" data-e-type=\"column\">\n\t\t\t<div class=\"elementor-widget-wrap elementor-element-populated\">\n\t\t\t\t\t\t<div class=\"elementor-element elementor-element-8cd9b4b elementor-widget elementor-widget-text-editor\" data-id=\"8cd9b4b\" data-element_type=\"widget\" data-e-type=\"widget\" data-widget_type=\"text-editor.default\">\n\t\t\t\t<div class=\"elementor-widget-container\">\n\t\t\t\t\t\t\t\t\t<h2><span style=\"color: #000000\">A coordena\u00e7\u00e3o de curso informa a toda comunidade acad\u00eamica a aprova\u00e7\u00e3o do novo Projeto Pedag\u00f3gico do Curso (PPC) de Ci\u00eancias Ambientais da Universidade Federal do Amap\u00e1, por meio da<span style=\"color: #0000ff\"> <a style=\"color: #0000ff\" href=\"http:\/\/www2.unifap.br\/cambientais\/files\/2023\/04\/RES._9.2023_-_CONSU_-_Aprova2C_ad_referendum2C_o_novo_PP_do_Curso_de_Ciencias_Ambientais_assinado-1.pdf\">Resolu\u00e7\u00e3o N\u00ba 9\/2023 &#8211; CONSU.<\/a>\u00a0<\/span><\/span><\/h2><h2><span style=\"color: #000000\">Para conhecer o novo PPC acesse:<\/span> <a href=\"https:\/\/www2.unifap.br\/cambientais\/files\/2023\/04\/PPC_CienciasAmbientais_Aprovado_2023.pdf\"><span style=\"color: #0000ff\">https:\/\/www2.unifap.br\/cambientais\/files\/2023\/04\/PPC_CienciasAmbientais_Aprovado_2023.pdf<\/span><\/a><\/h2>\t\t\t\t\t\t\t\t<\/div>\n\t\t\t\t<\/div>\n\t\t\t\t\t<\/div>\n\t\t<\/div>\n\t\t\t\t\t<\/div>\n\t\t<\/section>\n\t\t\t\t<\/div>\n\t\t","protected":false},"excerpt":{"rendered":"<p>A coordena\u00e7\u00e3o de curso informa a toda comunidade acad\u00eamica a aprova\u00e7\u00e3o do novo Projeto Pedag\u00f3gico do Curso (PPC) de Ci\u00eancias Ambientais da Universidade Federal do Amap\u00e1, por meio da Resolu\u00e7\u00e3o N\u00ba 9\/2023 &#8211; CONSU.\u00a0 Para conhecer o novo PPC acesse: https:\/\/www2.unifap.br\/cambientais\/files\/2023\/04\/PPC_CienciasAmbientais_Aprovado_2023.pdf<\/p>\n","protected":false},"author":3976,"featured_media":0,"comment_status":"open","ping_status":"open","sticky":false,"template":"","format":"standard","meta":{"inline_featured_image":false,"ngg_post_thumbnail":0,"footnotes":""},"categories":[1],"tags":[],"class_list":["post-3462","post","type-post","status-publish","format-standard","hentry","category-sem-categoria"],"_links":{"self":[{"href":"http:\/\/www2.unifap.br\/cambientais\/wp-json\/wp\/v2\/posts\/3462","targetHints":{"allow":["GET"]}}],"collection":[{"href":"http:\/\/www2.unifap.br\/cambientais\/wp-json\/wp\/v2\/posts"}],"about":[{"href":"http:\/\/www2.unifap.br\/cambientais\/wp-json\/wp\/v2\/types\/post"}],"author":[{"embeddable":true,"href":"http:\/\/www2.unifap.br\/cambientais\/wp-json\/wp\/v2\/users\/3976"}],"replies":[{"embeddable":true,"href":"http:\/\/www2.unifap.br\/cambientais\/wp-json\/wp\/v2\/comments?post=3462"}],"version-history":[{"count":12,"href":"http:\/\/www2.unifap.br\/cambientais\/wp-json\/wp\/v2\/posts\/3462\/revisions"}],"predecessor-version":[{"id":3480,"href":"http:\/\/www2.unifap.br\/cambientais\/wp-json\/wp\/v2\/posts\/3462\/revisions\/3480"}],"wp:attachment":[{"href":"http:\/\/www2.unifap.br\/cambientais\/wp-json\/wp\/v2\/media?parent=3462"}],"wp:term":[{"taxonomy":"category","embeddable":true,"href":"http:\/\/www2.unifap.br\/cambientais\/wp-json\/wp\/v2\/categories?post=3462"},{"taxonomy":"post_tag","embeddable":true,"href":"http:\/\/www2.unifap.br\/cambientais\/wp-json\/wp\/v2\/tags?post=3462"}],"curies":[{"name":"wp","href":"https:\/\/api.w.org\/{rel}","templated":true}]}}