{"id":3495,"date":"2023-05-03T15:14:10","date_gmt":"2023-05-03T15:14:10","guid":{"rendered":"https:\/\/www2.unifap.br\/cambientais\/?p=3495"},"modified":"2023-05-03T15:19:46","modified_gmt":"2023-05-03T15:19:46","slug":"relatorio-de-autoavaliacao-do-curso","status":"publish","type":"post","link":"http:\/\/www2.unifap.br\/cambientais\/2023\/05\/03\/relatorio-de-autoavaliacao-do-curso\/","title":{"rendered":"Relat\u00f3rio de autoavalia\u00e7\u00e3o do curso"},"content":{"rendered":"\t\t<div data-elementor-type=\"wp-post\" data-elementor-id=\"3495\" class=\"elementor elementor-3495\">\n\t\t\t\t\t\t<section class=\"elementor-section elementor-top-section elementor-element elementor-element-0fc90e8 elementor-section-boxed elementor-section-height-default elementor-section-height-default\" data-id=\"0fc90e8\" data-element_type=\"section\" data-e-type=\"section\">\n\t\t\t\t\t\t<div class=\"elementor-container elementor-column-gap-default\">\n\t\t\t\t\t<div class=\"elementor-column elementor-col-100 elementor-top-column elementor-element elementor-element-030e3fb\" data-id=\"030e3fb\" data-element_type=\"column\" data-e-type=\"column\">\n\t\t\t<div class=\"elementor-widget-wrap elementor-element-populated\">\n\t\t\t\t\t\t<div class=\"elementor-element elementor-element-eac313b elementor-widget elementor-widget-text-editor\" data-id=\"eac313b\" data-element_type=\"widget\" data-e-type=\"widget\" data-widget_type=\"text-editor.default\">\n\t\t\t\t<div class=\"elementor-widget-container\">\n\t\t\t\t\t\t\t\t\t<h3><span style=\"color: #000000\">A coordena\u00e7\u00e3o do curso de Ci\u00eancias Ambientais divulga a toda a comunidade acad\u00eamica o relat\u00f3rio de AUTOAVALIA\u00c7A\u00d5 do curso de Ci\u00eancias Ambientais da UNIFAP. O processo de autoavalia\u00e7\u00e3o decorreu da elabora\u00e7\u00e3o de um diagn\u00f3stico situacional do curso, realizado pelo NDE. Este levantamento foi feito por meio da aplica\u00e7\u00e3o de formul\u00e1rio eletr\u00f4nico ao corpo discente, buscando identificar a percep\u00e7\u00e3o deste p\u00fablico em rela\u00e7\u00e3o ao funcionamento e gest\u00e3o do curso. O formul\u00e1rio buscou avaliar as suas diferentes dimens\u00f5es, como organiza\u00e7\u00e3o did\u00e1tico-pedag\u00f3gica, corpo docente, infraestrutura, documentos legais, dentre outros. Para acessar o relat\u00f3rio final de autoavalia\u00e7\u00e3o clique no link:<\/span><a href=\"http:\/\/www2.unifap.br\/cambientais\/files\/2023\/05\/Relatorio_de_autoavaliacao_do_curso_Abril2023.pdf\"><strong><span style=\"color: #0000ff\"> h<\/span><span style=\"color: #0000ff\">ttps:\/\/www2.unifap.br\/cambientais\/files\/2023\/05\/Relatorio_de_autoavaliacao_do_curso_Abril2023.docx-1.pdf<\/span><\/strong><\/a><\/h3>\t\t\t\t\t\t\t\t<\/div>\n\t\t\t\t<\/div>\n\t\t\t\t\t<\/div>\n\t\t<\/div>\n\t\t\t\t\t<\/div>\n\t\t<\/section>\n\t\t\t\t<\/div>\n\t\t","protected":false},"excerpt":{"rendered":"<p>A coordena\u00e7\u00e3o do curso de Ci\u00eancias Ambientais divulga a toda a comunidade acad\u00eamica o relat\u00f3rio de AUTOAVALIA\u00c7A\u00d5 do curso de Ci\u00eancias Ambientais da UNIFAP. O processo de autoavalia\u00e7\u00e3o decorreu da elabora\u00e7\u00e3o de um diagn\u00f3stico situacional do curso, realizado pelo NDE. Este levantamento foi feito por meio da aplica\u00e7\u00e3o de formul\u00e1rio \u2026 <a class=\"continue-reading-link\" href=\"http:\/\/www2.unifap.br\/cambientais\/2023\/05\/03\/relatorio-de-autoavaliacao-do-curso\/\"> Continue Lendo <span class=\"meta-nav\">&rarr; <\/span><\/a><\/p>\n","protected":false},"author":3976,"featured_media":0,"comment_status":"open","ping_status":"open","sticky":false,"template":"","format":"standard","meta":{"inline_featured_image":false,"ngg_post_thumbnail":0,"footnotes":""},"categories":[1],"tags":[],"class_list":["post-3495","post","type-post","status-publish","format-standard","hentry","category-sem-categoria"],"_links":{"self":[{"href":"http:\/\/www2.unifap.br\/cambientais\/wp-json\/wp\/v2\/posts\/3495","targetHints":{"allow":["GET"]}}],"collection":[{"href":"http:\/\/www2.unifap.br\/cambientais\/wp-json\/wp\/v2\/posts"}],"about":[{"href":"http:\/\/www2.unifap.br\/cambientais\/wp-json\/wp\/v2\/types\/post"}],"author":[{"embeddable":true,"href":"http:\/\/www2.unifap.br\/cambientais\/wp-json\/wp\/v2\/users\/3976"}],"replies":[{"embeddable":true,"href":"http:\/\/www2.unifap.br\/cambientais\/wp-json\/wp\/v2\/comments?post=3495"}],"version-history":[{"count":9,"href":"http:\/\/www2.unifap.br\/cambientais\/wp-json\/wp\/v2\/posts\/3495\/revisions"}],"predecessor-version":[{"id":3509,"href":"http:\/\/www2.unifap.br\/cambientais\/wp-json\/wp\/v2\/posts\/3495\/revisions\/3509"}],"wp:attachment":[{"href":"http:\/\/www2.unifap.br\/cambientais\/wp-json\/wp\/v2\/media?parent=3495"}],"wp:term":[{"taxonomy":"category","embeddable":true,"href":"http:\/\/www2.unifap.br\/cambientais\/wp-json\/wp\/v2\/categories?post=3495"},{"taxonomy":"post_tag","embeddable":true,"href":"http:\/\/www2.unifap.br\/cambientais\/wp-json\/wp\/v2\/tags?post=3495"}],"curies":[{"name":"wp","href":"https:\/\/api.w.org\/{rel}","templated":true}]}}