{"id":3531,"date":"2023-05-03T22:37:13","date_gmt":"2023-05-03T22:37:13","guid":{"rendered":"https:\/\/www2.unifap.br\/cambientais\/?p=3531"},"modified":"2023-05-03T22:47:18","modified_gmt":"2023-05-03T22:47:18","slug":"discentes-de-ciencias-ambientais-defendem-tcc","status":"publish","type":"post","link":"http:\/\/www2.unifap.br\/cambientais\/2023\/05\/03\/discentes-de-ciencias-ambientais-defendem-tcc\/","title":{"rendered":"Discentes de Ci\u00eancias Ambientais defendem TCC"},"content":{"rendered":"\t\t<div data-elementor-type=\"wp-post\" data-elementor-id=\"3531\" class=\"elementor elementor-3531\">\n\t\t\t\t\t\t<section class=\"elementor-section elementor-top-section elementor-element elementor-element-f308bbe elementor-section-boxed elementor-section-height-default elementor-section-height-default\" data-id=\"f308bbe\" data-element_type=\"section\" data-e-type=\"section\">\n\t\t\t\t\t\t<div class=\"elementor-container elementor-column-gap-default\">\n\t\t\t\t\t<div class=\"elementor-column elementor-col-100 elementor-top-column elementor-element elementor-element-9e4d893\" data-id=\"9e4d893\" data-element_type=\"column\" data-e-type=\"column\">\n\t\t\t<div class=\"elementor-widget-wrap elementor-element-populated\">\n\t\t\t\t\t\t<div class=\"elementor-element elementor-element-d967f16 elementor-widget elementor-widget-text-editor\" data-id=\"d967f16\" data-element_type=\"widget\" data-e-type=\"widget\" data-widget_type=\"text-editor.default\">\n\t\t\t\t<div class=\"elementor-widget-container\">\n\t\t\t\t\t\t\t\t\t<h4><span style=\"color: #000000\">Aconteceu, entre os dias 24 e 28 de abril de 2023, as sess\u00f5es p\u00fablicas de defesa dos TCCs de discentes do Curso Bacharelado em Ci\u00eancias Ambientais. Os trabalhos defendidos abrangeram as diferentes linhas de pesquisa que contemplam a \u00e1rea interdisciplinar das Ci\u00eancias Ambientais. A coordena\u00e7\u00e3o e o colegiado parabenizam todos os alunos e alunas pela defesa de seus respectivos trabalhos de conclus\u00e3o de curso.<\/span><\/h4>\t\t\t\t\t\t\t\t<\/div>\n\t\t\t\t<\/div>\n\t\t\t\t\t<\/div>\n\t\t<\/div>\n\t\t\t\t\t<\/div>\n\t\t<\/section>\n\t\t\t\t<section class=\"elementor-section elementor-top-section elementor-element elementor-element-140948c elementor-section-boxed elementor-section-height-default elementor-section-height-default\" data-id=\"140948c\" data-element_type=\"section\" data-e-type=\"section\">\n\t\t\t\t\t\t<div class=\"elementor-container elementor-column-gap-default\">\n\t\t\t\t\t<div class=\"elementor-column elementor-col-100 elementor-top-column elementor-element elementor-element-60b5041\" data-id=\"60b5041\" data-element_type=\"column\" data-e-type=\"column\">\n\t\t\t<div class=\"elementor-widget-wrap elementor-element-populated\">\n\t\t\t\t\t\t<div class=\"elementor-element elementor-element-fdac1c5 elementor-widget elementor-widget-image\" data-id=\"fdac1c5\" data-element_type=\"widget\" data-e-type=\"widget\" data-widget_type=\"image.default\">\n\t\t\t\t<div class=\"elementor-widget-container\">\n\t\t\t\t\t\t\t\t\t\t\t\t\t\t\t<img fetchpriority=\"high\" decoding=\"async\" width=\"800\" height=\"450\" src=\"http:\/\/www2.unifap.br\/cambientais\/files\/2023\/05\/Defesa-Kelly-1024x576.jpg\" class=\"attachment-large size-large wp-image-3541\" alt=\"\" srcset=\"http:\/\/www2.unifap.br\/cambientais\/files\/2023\/05\/Defesa-Kelly-1024x576.jpg 1024w, http:\/\/www2.unifap.br\/cambientais\/files\/2023\/05\/Defesa-Kelly-300x169.jpg 300w, http:\/\/www2.unifap.br\/cambientais\/files\/2023\/05\/Defesa-Kelly-768x432.jpg 768w, http:\/\/www2.unifap.br\/cambientais\/files\/2023\/05\/Defesa-Kelly-150x84.jpg 150w, http:\/\/www2.unifap.br\/cambientais\/files\/2023\/05\/Defesa-Kelly-250x141.jpg 250w, http:\/\/www2.unifap.br\/cambientais\/files\/2023\/05\/Defesa-Kelly.jpg 1280w\" sizes=\"(max-width: 800px) 100vw, 800px\" \/>\t\t\t\t\t\t\t\t\t\t\t\t\t\t\t<\/div>\n\t\t\t\t<\/div>\n\t\t\t\t\t<\/div>\n\t\t<\/div>\n\t\t\t\t\t<\/div>\n\t\t<\/section>\n\t\t\t\t<section class=\"elementor-section elementor-top-section elementor-element elementor-element-8f5766a elementor-section-boxed elementor-section-height-default elementor-section-height-default\" data-id=\"8f5766a\" data-element_type=\"section\" data-e-type=\"section\">\n\t\t\t\t\t\t<div class=\"elementor-container elementor-column-gap-default\">\n\t\t\t\t\t<div class=\"elementor-column elementor-col-100 elementor-top-column elementor-element elementor-element-f1072e5\" data-id=\"f1072e5\" data-element_type=\"column\" data-e-type=\"column\">\n\t\t\t<div class=\"elementor-widget-wrap elementor-element-populated\">\n\t\t\t\t\t\t<div class=\"elementor-element elementor-element-8e4f491 elementor-widget elementor-widget-image\" data-id=\"8e4f491\" data-element_type=\"widget\" data-e-type=\"widget\" data-widget_type=\"image.default\">\n\t\t\t\t<div class=\"elementor-widget-container\">\n\t\t\t\t\t\t\t\t\t\t\t\t\t\t\t<img decoding=\"async\" width=\"800\" height=\"450\" src=\"http:\/\/www2.unifap.br\/cambientais\/files\/2023\/05\/defesa-hellen-1024x576.jpg\" class=\"attachment-large size-large wp-image-3540\" alt=\"\" srcset=\"http:\/\/www2.unifap.br\/cambientais\/files\/2023\/05\/defesa-hellen-1024x576.jpg 1024w, http:\/\/www2.unifap.br\/cambientais\/files\/2023\/05\/defesa-hellen-300x169.jpg 300w, http:\/\/www2.unifap.br\/cambientais\/files\/2023\/05\/defesa-hellen-768x432.jpg 768w, http:\/\/www2.unifap.br\/cambientais\/files\/2023\/05\/defesa-hellen-150x84.jpg 150w, http:\/\/www2.unifap.br\/cambientais\/files\/2023\/05\/defesa-hellen-250x141.jpg 250w, http:\/\/www2.unifap.br\/cambientais\/files\/2023\/05\/defesa-hellen.jpg 1280w\" sizes=\"(max-width: 800px) 100vw, 800px\" \/>\t\t\t\t\t\t\t\t\t\t\t\t\t\t\t<\/div>\n\t\t\t\t<\/div>\n\t\t\t\t\t<\/div>\n\t\t<\/div>\n\t\t\t\t\t<\/div>\n\t\t<\/section>\n\t\t\t\t<section class=\"elementor-section elementor-top-section elementor-element elementor-element-8776047 elementor-section-boxed elementor-section-height-default elementor-section-height-default\" data-id=\"8776047\" data-element_type=\"section\" data-e-type=\"section\">\n\t\t\t\t\t\t<div class=\"elementor-container elementor-column-gap-default\">\n\t\t\t\t\t<div class=\"elementor-column elementor-col-100 elementor-top-column elementor-element elementor-element-b445b1e\" data-id=\"b445b1e\" data-element_type=\"column\" data-e-type=\"column\">\n\t\t\t<div class=\"elementor-widget-wrap elementor-element-populated\">\n\t\t\t\t\t\t<div class=\"elementor-element elementor-element-6711ae0 elementor-widget elementor-widget-image\" data-id=\"6711ae0\" data-element_type=\"widget\" data-e-type=\"widget\" data-widget_type=\"image.default\">\n\t\t\t\t<div class=\"elementor-widget-container\">\n\t\t\t\t\t\t\t\t\t\t\t\t\t\t\t<img decoding=\"async\" width=\"800\" height=\"450\" src=\"http:\/\/www2.unifap.br\/cambientais\/files\/2023\/05\/elian-defesa-1024x576.jpg\" class=\"attachment-large size-large wp-image-3539\" alt=\"\" srcset=\"http:\/\/www2.unifap.br\/cambientais\/files\/2023\/05\/elian-defesa-1024x576.jpg 1024w, http:\/\/www2.unifap.br\/cambientais\/files\/2023\/05\/elian-defesa-300x169.jpg 300w, http:\/\/www2.unifap.br\/cambientais\/files\/2023\/05\/elian-defesa-768x432.jpg 768w, http:\/\/www2.unifap.br\/cambientais\/files\/2023\/05\/elian-defesa-150x84.jpg 150w, http:\/\/www2.unifap.br\/cambientais\/files\/2023\/05\/elian-defesa-250x141.jpg 250w, http:\/\/www2.unifap.br\/cambientais\/files\/2023\/05\/elian-defesa.jpg 1280w\" sizes=\"(max-width: 800px) 100vw, 800px\" \/>\t\t\t\t\t\t\t\t\t\t\t\t\t\t\t<\/div>\n\t\t\t\t<\/div>\n\t\t\t\t\t<\/div>\n\t\t<\/div>\n\t\t\t\t\t<\/div>\n\t\t<\/section>\n\t\t\t\t<section class=\"elementor-section elementor-top-section elementor-element elementor-element-c44ca63 elementor-section-boxed elementor-section-height-default elementor-section-height-default\" data-id=\"c44ca63\" data-element_type=\"section\" data-e-type=\"section\">\n\t\t\t\t\t\t<div class=\"elementor-container elementor-column-gap-default\">\n\t\t\t\t\t<div class=\"elementor-column elementor-col-100 elementor-top-column elementor-element elementor-element-65b137e\" data-id=\"65b137e\" data-element_type=\"column\" data-e-type=\"column\">\n\t\t\t<div class=\"elementor-widget-wrap elementor-element-populated\">\n\t\t\t\t\t\t<div class=\"elementor-element elementor-element-ee5e2b5 elementor-widget elementor-widget-image\" data-id=\"ee5e2b5\" data-element_type=\"widget\" data-e-type=\"widget\" data-widget_type=\"image.default\">\n\t\t\t\t<div class=\"elementor-widget-container\">\n\t\t\t\t\t\t\t\t\t\t\t\t\t\t\t<img loading=\"lazy\" decoding=\"async\" width=\"800\" height=\"450\" src=\"http:\/\/www2.unifap.br\/cambientais\/files\/2023\/05\/DEFESA-DANNY-1024x576.jpg\" class=\"attachment-large size-large wp-image-3538\" alt=\"\" srcset=\"http:\/\/www2.unifap.br\/cambientais\/files\/2023\/05\/DEFESA-DANNY-1024x576.jpg 1024w, http:\/\/www2.unifap.br\/cambientais\/files\/2023\/05\/DEFESA-DANNY-300x169.jpg 300w, http:\/\/www2.unifap.br\/cambientais\/files\/2023\/05\/DEFESA-DANNY-768x432.jpg 768w, http:\/\/www2.unifap.br\/cambientais\/files\/2023\/05\/DEFESA-DANNY-150x84.jpg 150w, http:\/\/www2.unifap.br\/cambientais\/files\/2023\/05\/DEFESA-DANNY-250x141.jpg 250w, http:\/\/www2.unifap.br\/cambientais\/files\/2023\/05\/DEFESA-DANNY.jpg 1280w\" sizes=\"(max-width: 800px) 100vw, 800px\" \/>\t\t\t\t\t\t\t\t\t\t\t\t\t\t\t<\/div>\n\t\t\t\t<\/div>\n\t\t\t\t\t<\/div>\n\t\t<\/div>\n\t\t\t\t\t<\/div>\n\t\t<\/section>\n\t\t\t\t<section class=\"elementor-section elementor-top-section elementor-element elementor-element-66c25c8 elementor-section-boxed elementor-section-height-default elementor-section-height-default\" data-id=\"66c25c8\" data-element_type=\"section\" data-e-type=\"section\">\n\t\t\t\t\t\t<div class=\"elementor-container elementor-column-gap-default\">\n\t\t\t\t\t<div class=\"elementor-column elementor-col-100 elementor-top-column elementor-element elementor-element-934d245\" data-id=\"934d245\" data-element_type=\"column\" data-e-type=\"column\">\n\t\t\t<div class=\"elementor-widget-wrap elementor-element-populated\">\n\t\t\t\t\t\t<div class=\"elementor-element elementor-element-5f2f862 elementor-widget elementor-widget-image\" data-id=\"5f2f862\" data-element_type=\"widget\" data-e-type=\"widget\" data-widget_type=\"image.default\">\n\t\t\t\t<div class=\"elementor-widget-container\">\n\t\t\t\t\t\t\t\t\t\t\t\t\t\t\t<img loading=\"lazy\" decoding=\"async\" width=\"800\" height=\"450\" src=\"http:\/\/www2.unifap.br\/cambientais\/files\/2023\/05\/DEFESA-GABRIEL-1024x576.jpg\" class=\"attachment-large size-large wp-image-3537\" alt=\"\" srcset=\"http:\/\/www2.unifap.br\/cambientais\/files\/2023\/05\/DEFESA-GABRIEL-1024x576.jpg 1024w, http:\/\/www2.unifap.br\/cambientais\/files\/2023\/05\/DEFESA-GABRIEL-300x169.jpg 300w, http:\/\/www2.unifap.br\/cambientais\/files\/2023\/05\/DEFESA-GABRIEL-768x432.jpg 768w, http:\/\/www2.unifap.br\/cambientais\/files\/2023\/05\/DEFESA-GABRIEL-150x84.jpg 150w, http:\/\/www2.unifap.br\/cambientais\/files\/2023\/05\/DEFESA-GABRIEL-250x141.jpg 250w, http:\/\/www2.unifap.br\/cambientais\/files\/2023\/05\/DEFESA-GABRIEL.jpg 1280w\" sizes=\"(max-width: 800px) 100vw, 800px\" \/>\t\t\t\t\t\t\t\t\t\t\t\t\t\t\t<\/div>\n\t\t\t\t<\/div>\n\t\t\t\t\t<\/div>\n\t\t<\/div>\n\t\t\t\t\t<\/div>\n\t\t<\/section>\n\t\t\t\t<section class=\"elementor-section elementor-top-section elementor-element elementor-element-2fe9e03 elementor-section-boxed elementor-section-height-default elementor-section-height-default\" data-id=\"2fe9e03\" data-element_type=\"section\" data-e-type=\"section\">\n\t\t\t\t\t\t<div class=\"elementor-container elementor-column-gap-default\">\n\t\t\t\t\t<div class=\"elementor-column elementor-col-100 elementor-top-column elementor-element elementor-element-e061885\" data-id=\"e061885\" data-element_type=\"column\" data-e-type=\"column\">\n\t\t\t<div class=\"elementor-widget-wrap elementor-element-populated\">\n\t\t\t\t\t\t<div class=\"elementor-element elementor-element-9bd03b2 elementor-widget elementor-widget-image\" data-id=\"9bd03b2\" data-element_type=\"widget\" data-e-type=\"widget\" data-widget_type=\"image.default\">\n\t\t\t\t<div class=\"elementor-widget-container\">\n\t\t\t\t\t\t\t\t\t\t\t\t\t\t\t<img loading=\"lazy\" decoding=\"async\" width=\"800\" height=\"450\" src=\"http:\/\/www2.unifap.br\/cambientais\/files\/2023\/05\/Defesa-gessy-1024x576.jpg\" class=\"attachment-large size-large wp-image-3536\" alt=\"\" srcset=\"http:\/\/www2.unifap.br\/cambientais\/files\/2023\/05\/Defesa-gessy-1024x576.jpg 1024w, http:\/\/www2.unifap.br\/cambientais\/files\/2023\/05\/Defesa-gessy-300x169.jpg 300w, http:\/\/www2.unifap.br\/cambientais\/files\/2023\/05\/Defesa-gessy-768x432.jpg 768w, http:\/\/www2.unifap.br\/cambientais\/files\/2023\/05\/Defesa-gessy-150x84.jpg 150w, http:\/\/www2.unifap.br\/cambientais\/files\/2023\/05\/Defesa-gessy-250x141.jpg 250w, http:\/\/www2.unifap.br\/cambientais\/files\/2023\/05\/Defesa-gessy.jpg 1280w\" sizes=\"(max-width: 800px) 100vw, 800px\" \/>\t\t\t\t\t\t\t\t\t\t\t\t\t\t\t<\/div>\n\t\t\t\t<\/div>\n\t\t\t\t\t<\/div>\n\t\t<\/div>\n\t\t\t\t\t<\/div>\n\t\t<\/section>\n\t\t\t\t<section class=\"elementor-section elementor-top-section elementor-element elementor-element-52e72a1 elementor-section-boxed elementor-section-height-default elementor-section-height-default\" data-id=\"52e72a1\" data-element_type=\"section\" data-e-type=\"section\">\n\t\t\t\t\t\t<div class=\"elementor-container elementor-column-gap-default\">\n\t\t\t\t\t<div class=\"elementor-column elementor-col-100 elementor-top-column elementor-element elementor-element-d06f8ee\" data-id=\"d06f8ee\" data-element_type=\"column\" data-e-type=\"column\">\n\t\t\t<div class=\"elementor-widget-wrap elementor-element-populated\">\n\t\t\t\t\t\t<div class=\"elementor-element elementor-element-6e4afb9 elementor-widget elementor-widget-image\" data-id=\"6e4afb9\" data-element_type=\"widget\" data-e-type=\"widget\" data-widget_type=\"image.default\">\n\t\t\t\t<div class=\"elementor-widget-container\">\n\t\t\t\t\t\t\t\t\t\t\t\t\t\t\t<img loading=\"lazy\" decoding=\"async\" width=\"800\" height=\"463\" src=\"http:\/\/www2.unifap.br\/cambientais\/files\/2023\/05\/TIAGO-defesa-2-1024x592.jpg\" class=\"attachment-large size-large wp-image-3535\" alt=\"\" srcset=\"http:\/\/www2.unifap.br\/cambientais\/files\/2023\/05\/TIAGO-defesa-2-1024x592.jpg 1024w, http:\/\/www2.unifap.br\/cambientais\/files\/2023\/05\/TIAGO-defesa-2-300x174.jpg 300w, http:\/\/www2.unifap.br\/cambientais\/files\/2023\/05\/TIAGO-defesa-2-768x444.jpg 768w, http:\/\/www2.unifap.br\/cambientais\/files\/2023\/05\/TIAGO-defesa-2-150x87.jpg 150w, http:\/\/www2.unifap.br\/cambientais\/files\/2023\/05\/TIAGO-defesa-2-250x145.jpg 250w, http:\/\/www2.unifap.br\/cambientais\/files\/2023\/05\/TIAGO-defesa-2.jpg 1241w\" sizes=\"(max-width: 800px) 100vw, 800px\" \/>\t\t\t\t\t\t\t\t\t\t\t\t\t\t\t<\/div>\n\t\t\t\t<\/div>\n\t\t\t\t\t<\/div>\n\t\t<\/div>\n\t\t\t\t\t<\/div>\n\t\t<\/section>\n\t\t\t\t<section class=\"elementor-section elementor-top-section elementor-element elementor-element-22bc8ad elementor-section-boxed elementor-section-height-default elementor-section-height-default\" data-id=\"22bc8ad\" data-element_type=\"section\" data-e-type=\"section\">\n\t\t\t\t\t\t<div class=\"elementor-container elementor-column-gap-default\">\n\t\t\t\t\t<div class=\"elementor-column elementor-col-100 elementor-top-column elementor-element elementor-element-912171e\" data-id=\"912171e\" data-element_type=\"column\" data-e-type=\"column\">\n\t\t\t<div class=\"elementor-widget-wrap elementor-element-populated\">\n\t\t\t\t\t\t<div class=\"elementor-element elementor-element-d81f68d elementor-widget elementor-widget-image\" data-id=\"d81f68d\" data-element_type=\"widget\" data-e-type=\"widget\" data-widget_type=\"image.default\">\n\t\t\t\t<div class=\"elementor-widget-container\">\n\t\t\t\t\t\t\t\t\t\t\t\t\t\t\t<img loading=\"lazy\" decoding=\"async\" width=\"800\" height=\"596\" src=\"http:\/\/www2.unifap.br\/cambientais\/files\/2023\/05\/DEFESA-MICHELLE-3.jpg\" class=\"attachment-large size-large wp-image-3534\" alt=\"\" srcset=\"http:\/\/www2.unifap.br\/cambientais\/files\/2023\/05\/DEFESA-MICHELLE-3.jpg 962w, http:\/\/www2.unifap.br\/cambientais\/files\/2023\/05\/DEFESA-MICHELLE-3-300x224.jpg 300w, http:\/\/www2.unifap.br\/cambientais\/files\/2023\/05\/DEFESA-MICHELLE-3-768x572.jpg 768w, http:\/\/www2.unifap.br\/cambientais\/files\/2023\/05\/DEFESA-MICHELLE-3-150x112.jpg 150w, http:\/\/www2.unifap.br\/cambientais\/files\/2023\/05\/DEFESA-MICHELLE-3-201x150.jpg 201w\" sizes=\"(max-width: 800px) 100vw, 800px\" \/>\t\t\t\t\t\t\t\t\t\t\t\t\t\t\t<\/div>\n\t\t\t\t<\/div>\n\t\t\t\t\t<\/div>\n\t\t<\/div>\n\t\t\t\t\t<\/div>\n\t\t<\/section>\n\t\t\t\t<section class=\"elementor-section elementor-top-section elementor-element elementor-element-38b5935 elementor-section-boxed elementor-section-height-default elementor-section-height-default\" data-id=\"38b5935\" data-element_type=\"section\" data-e-type=\"section\">\n\t\t\t\t\t\t<div class=\"elementor-container elementor-column-gap-default\">\n\t\t\t\t\t<div class=\"elementor-column elementor-col-100 elementor-top-column elementor-element elementor-element-d2a710f\" data-id=\"d2a710f\" data-element_type=\"column\" data-e-type=\"column\">\n\t\t\t<div class=\"elementor-widget-wrap elementor-element-populated\">\n\t\t\t\t\t\t<div class=\"elementor-element elementor-element-812c7b8 elementor-widget elementor-widget-image\" data-id=\"812c7b8\" data-element_type=\"widget\" data-e-type=\"widget\" data-widget_type=\"image.default\">\n\t\t\t\t<div class=\"elementor-widget-container\">\n\t\t\t\t\t\t\t\t\t\t\t\t\t\t\t<img loading=\"lazy\" decoding=\"async\" width=\"800\" height=\"597\" src=\"http:\/\/www2.unifap.br\/cambientais\/files\/2023\/05\/DEFESA-RODRIGO-2.jpg\" class=\"attachment-large size-large wp-image-3533\" alt=\"\" srcset=\"http:\/\/www2.unifap.br\/cambientais\/files\/2023\/05\/DEFESA-RODRIGO-2.jpg 957w, http:\/\/www2.unifap.br\/cambientais\/files\/2023\/05\/DEFESA-RODRIGO-2-300x224.jpg 300w, http:\/\/www2.unifap.br\/cambientais\/files\/2023\/05\/DEFESA-RODRIGO-2-768x573.jpg 768w, http:\/\/www2.unifap.br\/cambientais\/files\/2023\/05\/DEFESA-RODRIGO-2-150x112.jpg 150w, http:\/\/www2.unifap.br\/cambientais\/files\/2023\/05\/DEFESA-RODRIGO-2-201x150.jpg 201w\" sizes=\"(max-width: 800px) 100vw, 800px\" \/>\t\t\t\t\t\t\t\t\t\t\t\t\t\t\t<\/div>\n\t\t\t\t<\/div>\n\t\t\t\t\t<\/div>\n\t\t<\/div>\n\t\t\t\t\t<\/div>\n\t\t<\/section>\n\t\t\t\t<section class=\"elementor-section elementor-top-section elementor-element elementor-element-67a1b48 elementor-section-boxed elementor-section-height-default elementor-section-height-default\" data-id=\"67a1b48\" data-element_type=\"section\" data-e-type=\"section\">\n\t\t\t\t\t\t<div class=\"elementor-container elementor-column-gap-default\">\n\t\t\t\t\t<div class=\"elementor-column elementor-col-100 elementor-top-column elementor-element elementor-element-f016c67\" data-id=\"f016c67\" data-element_type=\"column\" data-e-type=\"column\">\n\t\t\t<div class=\"elementor-widget-wrap elementor-element-populated\">\n\t\t\t\t\t\t<div class=\"elementor-element elementor-element-87a2afc elementor-widget elementor-widget-image\" data-id=\"87a2afc\" data-element_type=\"widget\" data-e-type=\"widget\" data-widget_type=\"image.default\">\n\t\t\t\t<div class=\"elementor-widget-container\">\n\t\t\t\t\t\t\t\t\t\t\t\t\t\t\t<img loading=\"lazy\" decoding=\"async\" width=\"800\" height=\"590\" src=\"http:\/\/www2.unifap.br\/cambientais\/files\/2023\/05\/defesa-maysa-2.jpg\" class=\"attachment-large size-large wp-image-3532\" alt=\"\" srcset=\"http:\/\/www2.unifap.br\/cambientais\/files\/2023\/05\/defesa-maysa-2.jpg 852w, http:\/\/www2.unifap.br\/cambientais\/files\/2023\/05\/defesa-maysa-2-300x221.jpg 300w, http:\/\/www2.unifap.br\/cambientais\/files\/2023\/05\/defesa-maysa-2-768x566.jpg 768w, http:\/\/www2.unifap.br\/cambientais\/files\/2023\/05\/defesa-maysa-2-150x111.jpg 150w, http:\/\/www2.unifap.br\/cambientais\/files\/2023\/05\/defesa-maysa-2-204x150.jpg 204w\" sizes=\"(max-width: 800px) 100vw, 800px\" \/>\t\t\t\t\t\t\t\t\t\t\t\t\t\t\t<\/div>\n\t\t\t\t<\/div>\n\t\t\t\t\t<\/div>\n\t\t<\/div>\n\t\t\t\t\t<\/div>\n\t\t<\/section>\n\t\t\t\t<\/div>\n\t\t","protected":false},"excerpt":{"rendered":"<p>Aconteceu, entre os dias 24 e 28 de abril de 2023, as sess\u00f5es p\u00fablicas de defesa dos TCCs de discentes do Curso Bacharelado em Ci\u00eancias Ambientais. Os trabalhos defendidos abrangeram as diferentes linhas de pesquisa que contemplam a \u00e1rea interdisciplinar das Ci\u00eancias Ambientais. A coordena\u00e7\u00e3o e o colegiado parabenizam todos \u2026 <a class=\"continue-reading-link\" href=\"http:\/\/www2.unifap.br\/cambientais\/2023\/05\/03\/discentes-de-ciencias-ambientais-defendem-tcc\/\"> Continue Lendo <span class=\"meta-nav\">&rarr; <\/span><\/a><\/p>\n","protected":false},"author":3976,"featured_media":0,"comment_status":"open","ping_status":"open","sticky":false,"template":"","format":"standard","meta":{"inline_featured_image":false,"ngg_post_thumbnail":0,"footnotes":""},"categories":[1],"tags":[],"class_list":["post-3531","post","type-post","status-publish","format-standard","hentry","category-sem-categoria"],"_links":{"self":[{"href":"http:\/\/www2.unifap.br\/cambientais\/wp-json\/wp\/v2\/posts\/3531","targetHints":{"allow":["GET"]}}],"collection":[{"href":"http:\/\/www2.unifap.br\/cambientais\/wp-json\/wp\/v2\/posts"}],"about":[{"href":"http:\/\/www2.unifap.br\/cambientais\/wp-json\/wp\/v2\/types\/post"}],"author":[{"embeddable":true,"href":"http:\/\/www2.unifap.br\/cambientais\/wp-json\/wp\/v2\/users\/3976"}],"replies":[{"embeddable":true,"href":"http:\/\/www2.unifap.br\/cambientais\/wp-json\/wp\/v2\/comments?post=3531"}],"version-history":[{"count":18,"href":"http:\/\/www2.unifap.br\/cambientais\/wp-json\/wp\/v2\/posts\/3531\/revisions"}],"predecessor-version":[{"id":3560,"href":"http:\/\/www2.unifap.br\/cambientais\/wp-json\/wp\/v2\/posts\/3531\/revisions\/3560"}],"wp:attachment":[{"href":"http:\/\/www2.unifap.br\/cambientais\/wp-json\/wp\/v2\/media?parent=3531"}],"wp:term":[{"taxonomy":"category","embeddable":true,"href":"http:\/\/www2.unifap.br\/cambientais\/wp-json\/wp\/v2\/categories?post=3531"},{"taxonomy":"post_tag","embeddable":true,"href":"http:\/\/www2.unifap.br\/cambientais\/wp-json\/wp\/v2\/tags?post=3531"}],"curies":[{"name":"wp","href":"https:\/\/api.w.org\/{rel}","templated":true}]}}