{"id":3580,"date":"2023-05-12T18:07:33","date_gmt":"2023-05-12T18:07:33","guid":{"rendered":"https:\/\/www2.unifap.br\/cambientais\/?p=3580"},"modified":"2023-05-12T18:12:04","modified_gmt":"2023-05-12T18:12:04","slug":"periodo-de-matricula-no-semestre-2023-1-e-quadro-de-horarios","status":"publish","type":"post","link":"http:\/\/www2.unifap.br\/cambientais\/2023\/05\/12\/periodo-de-matricula-no-semestre-2023-1-e-quadro-de-horarios\/","title":{"rendered":"Per\u00edodo de Matr\u00edcula no Semestre 2023.1 e Quadro de Hor\u00e1rios"},"content":{"rendered":"\t\t<div data-elementor-type=\"wp-post\" data-elementor-id=\"3580\" class=\"elementor elementor-3580\">\n\t\t\t\t\t\t<section class=\"elementor-section elementor-top-section elementor-element elementor-element-c9a27e0 elementor-section-boxed elementor-section-height-default elementor-section-height-default\" data-id=\"c9a27e0\" data-element_type=\"section\" data-e-type=\"section\">\n\t\t\t\t\t\t<div class=\"elementor-container elementor-column-gap-default\">\n\t\t\t\t\t<div class=\"elementor-column elementor-col-100 elementor-top-column elementor-element elementor-element-063a45d\" data-id=\"063a45d\" data-element_type=\"column\" data-e-type=\"column\">\n\t\t\t<div class=\"elementor-widget-wrap elementor-element-populated\">\n\t\t\t\t\t\t<div class=\"elementor-element elementor-element-cad5310 elementor-widget elementor-widget-text-editor\" data-id=\"cad5310\" data-element_type=\"widget\" data-e-type=\"widget\" data-widget_type=\"text-editor.default\">\n\t\t\t\t<div class=\"elementor-widget-container\">\n\t\t\t\t\t\t\t\t\t<h4>A Coordena\u00e7\u00e3o do Curso de Bacharelado em Ci\u00eancias Ambientais informa que o <strong>per\u00edodo de matr\u00edcula para o semestre letivo 2023.1 ser\u00e1 entre os dias 22 e 28\/05\/2023, via SIGAA<\/strong>, conforme calend\u00e1rio acad\u00eamico aprovado pelo CONSU\/UNIFAP e publicado por meio da <span style=\"color: #0000ff\"><a style=\"color: #0000ff\" href=\"http:\/\/www2.unifap.br\/cambientais\/files\/2023\/05\/RES._7.2023_-_CONSU_-_Aprova_o_Calendrio_Acadmico_2023_-_aplicado__Graduao_.pdf\">RESOLU\u00c7\u00c3O N. 7, DE 23 DE MAR\u00c7O DE 2023. <\/a><\/span><\/h4><h4>Os <strong>ajustes de matr\u00edculas ser\u00e3o feitos, SOMENTE<\/strong>, <strong>entre os dias 01 e 03\/06\/2023<\/strong>, mediante requerimento discente encaminhado \u00e0 coordena\u00e7\u00e3o do curso com devida justificativa e documentos comprobat\u00f3rios (se for o caso). <span style=\"color: #ff0000\"><strong>Solicitamos aos discentes que salvem o comprovante de matr\u00edcula do SIGAA, uma vez que \u00e9 obrigat\u00f3ria a sua apresenta\u00e7\u00e3o para qualquer ajuste junto ao DERCA<\/strong><em><strong>.\u00a0 <\/strong><\/em><\/span><\/h4><h4>O semestre letivo 2023.1 iniciar\u00e1 no dia <strong>19\/06\/2023<\/strong>, com t\u00e9rmino previsto para o dia<span style=\"color: #000000\"> <strong>18\/10\/2023<\/strong>. <\/span><\/h4><h4>Para acessar o quadro de hor\u00e1rios e disciplinas ofertadas no semestre letivo 2023.1, clique aqui &#8211; <span style=\"color: #0000ff\"><a style=\"color: #0000ff\" href=\"http:\/\/www2.unifap.br\/cambientais\/files\/2023\/05\/Horario-2023.1.pdf\">Quadro de Hor\u00e1rios 2023.1<\/a><\/span><\/h4><h4>Boa matr\u00edcula!<\/h4>\t\t\t\t\t\t\t\t<\/div>\n\t\t\t\t<\/div>\n\t\t\t\t\t<\/div>\n\t\t<\/div>\n\t\t\t\t\t<\/div>\n\t\t<\/section>\n\t\t\t\t<\/div>\n\t\t","protected":false},"excerpt":{"rendered":"<p>A Coordena\u00e7\u00e3o do Curso de Bacharelado em Ci\u00eancias Ambientais informa que o per\u00edodo de matr\u00edcula para o semestre letivo 2023.1 ser\u00e1 entre os dias 22 e 28\/05\/2023, via SIGAA, conforme calend\u00e1rio acad\u00eamico aprovado pelo CONSU\/UNIFAP e publicado por meio da RESOLU\u00c7\u00c3O N. 7, DE 23 DE MAR\u00c7O DE 2023. Os \u2026 <a class=\"continue-reading-link\" href=\"http:\/\/www2.unifap.br\/cambientais\/2023\/05\/12\/periodo-de-matricula-no-semestre-2023-1-e-quadro-de-horarios\/\"> Continue Lendo <span class=\"meta-nav\">&rarr; <\/span><\/a><\/p>\n","protected":false},"author":3976,"featured_media":0,"comment_status":"open","ping_status":"open","sticky":false,"template":"","format":"standard","meta":{"inline_featured_image":false,"ngg_post_thumbnail":0,"footnotes":""},"categories":[1],"tags":[],"class_list":["post-3580","post","type-post","status-publish","format-standard","hentry","category-sem-categoria"],"_links":{"self":[{"href":"http:\/\/www2.unifap.br\/cambientais\/wp-json\/wp\/v2\/posts\/3580","targetHints":{"allow":["GET"]}}],"collection":[{"href":"http:\/\/www2.unifap.br\/cambientais\/wp-json\/wp\/v2\/posts"}],"about":[{"href":"http:\/\/www2.unifap.br\/cambientais\/wp-json\/wp\/v2\/types\/post"}],"author":[{"embeddable":true,"href":"http:\/\/www2.unifap.br\/cambientais\/wp-json\/wp\/v2\/users\/3976"}],"replies":[{"embeddable":true,"href":"http:\/\/www2.unifap.br\/cambientais\/wp-json\/wp\/v2\/comments?post=3580"}],"version-history":[{"count":6,"href":"http:\/\/www2.unifap.br\/cambientais\/wp-json\/wp\/v2\/posts\/3580\/revisions"}],"predecessor-version":[{"id":3588,"href":"http:\/\/www2.unifap.br\/cambientais\/wp-json\/wp\/v2\/posts\/3580\/revisions\/3588"}],"wp:attachment":[{"href":"http:\/\/www2.unifap.br\/cambientais\/wp-json\/wp\/v2\/media?parent=3580"}],"wp:term":[{"taxonomy":"category","embeddable":true,"href":"http:\/\/www2.unifap.br\/cambientais\/wp-json\/wp\/v2\/categories?post=3580"},{"taxonomy":"post_tag","embeddable":true,"href":"http:\/\/www2.unifap.br\/cambientais\/wp-json\/wp\/v2\/tags?post=3580"}],"curies":[{"name":"wp","href":"https:\/\/api.w.org\/{rel}","templated":true}]}}