{"id":3598,"date":"2023-06-16T18:48:38","date_gmt":"2023-06-16T18:48:38","guid":{"rendered":"https:\/\/www2.unifap.br\/cambientais\/?p=3598"},"modified":"2023-06-16T18:57:23","modified_gmt":"2023-06-16T18:57:23","slug":"semana-do-calouro-de-ciencias-ambientais-2023","status":"publish","type":"post","link":"http:\/\/www2.unifap.br\/cambientais\/2023\/06\/16\/semana-do-calouro-de-ciencias-ambientais-2023\/","title":{"rendered":"Semana do Calouro de Ci\u00eancias Ambientais 2023"},"content":{"rendered":"\t\t<div data-elementor-type=\"wp-post\" data-elementor-id=\"3598\" class=\"elementor elementor-3598\">\n\t\t\t\t\t\t<section class=\"elementor-section elementor-top-section elementor-element elementor-element-df7421c elementor-section-boxed elementor-section-height-default elementor-section-height-default\" data-id=\"df7421c\" data-element_type=\"section\" data-e-type=\"section\">\n\t\t\t\t\t\t<div class=\"elementor-container elementor-column-gap-default\">\n\t\t\t\t\t<div class=\"elementor-column elementor-col-100 elementor-top-column elementor-element elementor-element-b503328\" data-id=\"b503328\" data-element_type=\"column\" data-e-type=\"column\">\n\t\t\t<div class=\"elementor-widget-wrap elementor-element-populated\">\n\t\t\t\t\t\t<div class=\"elementor-element elementor-element-e78aa7a elementor-widget elementor-widget-text-editor\" data-id=\"e78aa7a\" data-element_type=\"widget\" data-e-type=\"widget\" data-widget_type=\"text-editor.default\">\n\t\t\t\t<div class=\"elementor-widget-container\">\n\t\t\t\t\t\t\t\t\t<h2><span style=\"color: #000000\">O colegiado do Curso de Ci\u00eancias Ambientais da Universidade Federal do Amap\u00e1 convida seus alunos(as) calouros(as) e veteranos(as) a participarem das atividades da Semana do Calouro 2023 que acontecer\u00e1 entre os dias 19 e 23 de junho de 2023.\u00a0<\/span><\/h2><div><span style=\"font-family: 'arial narrow', sans-serif;font-size: large;color: #000000\"><i><b>Programa\u00e7\u00e3o Semana do Calouro de Ci\u00eancias Ambientais 2023<\/b><\/i><br \/><\/span><\/div><div><span style=\"font-family: 'arial narrow', sans-serif;font-size: large;color: #000000\"><i><b>\u00a0<\/b><\/i><\/span><\/div><div><span style=\"font-family: 'arial narrow', sans-serif;font-size: large;color: #000000\"><b>19\/06 (Segunda-feira)<\/b><br \/>14h30 \u2013 15h30: Apresenta\u00e7\u00e3o do curso, t\u00e9cnicos e professores; CACIAMB; \u00a0 \u00a0 \u00a0 \u00a0 \u00a0 \u00a0 \u00a0 \u00a0 \u00a0 \u00a0 \u00a0 \u00a0\u00a0<\/span><\/div><div><p><span style=\"font-family: 'arial narrow', sans-serif;font-size: large;color: #000000\">15h30-16h30: Palestra &#8211; Os Objetivos do Desenvolvimento Sustent\u00e1vel nos munic\u00edpios do Estado do Amap\u00e1: aplica\u00e7\u00f5es e reflex\u00f5es<br \/>Local: Bloco de Ci\u00eancias Ambientais<\/span><\/p><p><span style=\"color: #000000\"><b>20\/06 (Ter\u00e7a-feira)<\/b><\/span><br \/><span style=\"color: #000000\">14h00 \u2013 18h00: Programa\u00e7\u00e3o coordenada pelo Diret\u00f3rio Central de Estudantes (DCE), Centros Acad\u00eamicos (CA) e Atl\u00e9ticas;<\/span><br \/><span style=\"color: #000000\">Local: Audit\u00f3rio Multiuso da UNIFAP<\/span><\/p><p><span style=\"color: #000000\"><b>21\/06 (Quarta-feira)<\/b><\/span><br \/><span style=\"color: #000000\">14h30-16h00: Conhecendo a Atl\u00e9tica Tit\u00e2nica<\/span><br \/><span style=\"color: #000000\">16h00-18h00: Caminhada dos calouros<\/span><br \/><span style=\"color: #000000\">Local: Bloco de Ci\u00eancias Ambientais<\/span><\/p><p><span style=\"color: #000000\"><b>22\/06 (Quinta-feira)<\/b><\/span><br \/><span style=\"color: #000000\">14h30-16h00: Palestra com o N\u00facleo de Acessibilidade e Inclus\u00e3o (NAI\/UNIFAP)<\/span><br \/><span style=\"color: #000000\">Local: Bloco de Ci\u00eancias Ambientais<\/span><\/p><p><span style=\"color: #000000\"><b>23\/06 (Sexta-feira)<\/b><\/span><br \/><span style=\"color: #000000\">14h30-16h00: Gincana das Ci\u00eancias Ambientais e encerramento<\/span><\/p><\/div><div>\u00a0<\/div><h2><span style=\"color: #000000\">Contamos com a participa\u00e7\u00e3o de todos e todas!<\/span><\/h2><p><a href=\"http:\/\/www2.unifap.br\/cambientais\/files\/2023\/06\/Programacao_Semana-do-Calouro-2023.jpeg\"><img fetchpriority=\"high\" decoding=\"async\" class=\"alignnone size-medium wp-image-3599\" src=\"http:\/\/www2.unifap.br\/cambientais\/files\/2023\/06\/Programacao_Semana-do-Calouro-2023-169x300.jpeg\" alt=\"\" width=\"169\" height=\"300\" srcset=\"http:\/\/www2.unifap.br\/cambientais\/files\/2023\/06\/Programacao_Semana-do-Calouro-2023-169x300.jpeg 169w, http:\/\/www2.unifap.br\/cambientais\/files\/2023\/06\/Programacao_Semana-do-Calouro-2023-576x1024.jpeg 576w, http:\/\/www2.unifap.br\/cambientais\/files\/2023\/06\/Programacao_Semana-do-Calouro-2023-768x1365.jpeg 768w, http:\/\/www2.unifap.br\/cambientais\/files\/2023\/06\/Programacao_Semana-do-Calouro-2023-864x1536.jpeg 864w, http:\/\/www2.unifap.br\/cambientais\/files\/2023\/06\/Programacao_Semana-do-Calouro-2023-84x150.jpeg 84w, http:\/\/www2.unifap.br\/cambientais\/files\/2023\/06\/Programacao_Semana-do-Calouro-2023.jpeg 900w\" sizes=\"(max-width: 169px) 100vw, 169px\" \/><\/a><\/p>\t\t\t\t\t\t\t\t<\/div>\n\t\t\t\t<\/div>\n\t\t\t\t\t<\/div>\n\t\t<\/div>\n\t\t\t\t\t<\/div>\n\t\t<\/section>\n\t\t\t\t<section class=\"elementor-section elementor-top-section elementor-element elementor-element-43ae7b5 elementor-section-boxed elementor-section-height-default elementor-section-height-default\" data-id=\"43ae7b5\" data-element_type=\"section\" data-e-type=\"section\">\n\t\t\t\t\t\t<div class=\"elementor-container elementor-column-gap-default\">\n\t\t\t\t\t<div class=\"elementor-column elementor-col-100 elementor-top-column elementor-element elementor-element-7a67e63\" data-id=\"7a67e63\" data-element_type=\"column\" data-e-type=\"column\">\n\t\t\t<div class=\"elementor-widget-wrap elementor-element-populated\">\n\t\t\t\t\t\t<div class=\"elementor-element elementor-element-44420b4 elementor-widget-divider--view-line elementor-widget elementor-widget-divider\" data-id=\"44420b4\" data-element_type=\"widget\" data-e-type=\"widget\" data-widget_type=\"divider.default\">\n\t\t\t\t<div class=\"elementor-widget-container\">\n\t\t\t\t\t\t\t<div class=\"elementor-divider\">\n\t\t\t<span class=\"elementor-divider-separator\">\n\t\t\t\t\t\t<\/span>\n\t\t<\/div>\n\t\t\t\t\t\t<\/div>\n\t\t\t\t<\/div>\n\t\t\t\t\t<\/div>\n\t\t<\/div>\n\t\t\t\t\t<\/div>\n\t\t<\/section>\n\t\t\t\t<section class=\"elementor-section elementor-top-section elementor-element elementor-element-18bed37 elementor-section-boxed elementor-section-height-default elementor-section-height-default\" data-id=\"18bed37\" data-element_type=\"section\" data-e-type=\"section\">\n\t\t\t\t\t\t<div class=\"elementor-container elementor-column-gap-default\">\n\t\t\t\t\t<div class=\"elementor-column elementor-col-100 elementor-top-column elementor-element elementor-element-3c9e6be\" data-id=\"3c9e6be\" data-element_type=\"column\" data-e-type=\"column\">\n\t\t\t<div class=\"elementor-widget-wrap elementor-element-populated\">\n\t\t\t\t\t\t<div class=\"elementor-element elementor-element-a8f7404 elementor-widget elementor-widget-button\" data-id=\"a8f7404\" data-element_type=\"widget\" data-e-type=\"widget\" data-widget_type=\"button.default\">\n\t\t\t\t<div class=\"elementor-widget-container\">\n\t\t\t\t\t\t\t\t\t<div class=\"elementor-button-wrapper\">\n\t\t\t\t\t<a class=\"elementor-button elementor-button-link elementor-size-sm\" href=\"https:\/\/www2.unifap.br\/cambientais\/\">\n\t\t\t\t\t\t<span class=\"elementor-button-content-wrapper\">\n\t\t\t\t\t\t<span class=\"elementor-button-icon\">\n\t\t\t\t<i aria-hidden=\"true\" class=\"fas fa-home\"><\/i>\t\t\t<\/span>\n\t\t\t\t\t\t\t\t\t<span class=\"elementor-button-text\">In\u00edcio<\/span>\n\t\t\t\t\t<\/span>\n\t\t\t\t\t<\/a>\n\t\t\t\t<\/div>\n\t\t\t\t\t\t\t\t<\/div>\n\t\t\t\t<\/div>\n\t\t\t\t\t<\/div>\n\t\t<\/div>\n\t\t\t\t\t<\/div>\n\t\t<\/section>\n\t\t\t\t<\/div>\n\t\t","protected":false},"excerpt":{"rendered":"<p>O colegiado do Curso de Ci\u00eancias Ambientais da Universidade Federal do Amap\u00e1 convida seus alunos(as) calouros(as) e veteranos(as) a participarem das atividades da Semana do Calouro 2023 que acontecer\u00e1 entre os dias 19 e 23 de junho de 2023.\u00a0 Programa\u00e7\u00e3o Semana do Calouro de Ci\u00eancias Ambientais 2023\u00a019\/06 (Segunda-feira)14h30 \u2013 15h30: \u2026 <a class=\"continue-reading-link\" href=\"http:\/\/www2.unifap.br\/cambientais\/2023\/06\/16\/semana-do-calouro-de-ciencias-ambientais-2023\/\"> Continue Lendo <span class=\"meta-nav\">&rarr; <\/span><\/a><\/p>\n","protected":false},"author":3976,"featured_media":0,"comment_status":"open","ping_status":"open","sticky":false,"template":"","format":"standard","meta":{"inline_featured_image":false,"ngg_post_thumbnail":0,"footnotes":""},"categories":[1],"tags":[],"class_list":["post-3598","post","type-post","status-publish","format-standard","hentry","category-sem-categoria"],"_links":{"self":[{"href":"http:\/\/www2.unifap.br\/cambientais\/wp-json\/wp\/v2\/posts\/3598","targetHints":{"allow":["GET"]}}],"collection":[{"href":"http:\/\/www2.unifap.br\/cambientais\/wp-json\/wp\/v2\/posts"}],"about":[{"href":"http:\/\/www2.unifap.br\/cambientais\/wp-json\/wp\/v2\/types\/post"}],"author":[{"embeddable":true,"href":"http:\/\/www2.unifap.br\/cambientais\/wp-json\/wp\/v2\/users\/3976"}],"replies":[{"embeddable":true,"href":"http:\/\/www2.unifap.br\/cambientais\/wp-json\/wp\/v2\/comments?post=3598"}],"version-history":[{"count":9,"href":"http:\/\/www2.unifap.br\/cambientais\/wp-json\/wp\/v2\/posts\/3598\/revisions"}],"predecessor-version":[{"id":3608,"href":"http:\/\/www2.unifap.br\/cambientais\/wp-json\/wp\/v2\/posts\/3598\/revisions\/3608"}],"wp:attachment":[{"href":"http:\/\/www2.unifap.br\/cambientais\/wp-json\/wp\/v2\/media?parent=3598"}],"wp:term":[{"taxonomy":"category","embeddable":true,"href":"http:\/\/www2.unifap.br\/cambientais\/wp-json\/wp\/v2\/categories?post=3598"},{"taxonomy":"post_tag","embeddable":true,"href":"http:\/\/www2.unifap.br\/cambientais\/wp-json\/wp\/v2\/tags?post=3598"}],"curies":[{"name":"wp","href":"https:\/\/api.w.org\/{rel}","templated":true}]}}