{"id":3702,"date":"2023-09-25T13:54:55","date_gmt":"2023-09-25T13:54:55","guid":{"rendered":"https:\/\/www2.unifap.br\/cambientais\/?p=3702"},"modified":"2023-09-25T14:02:54","modified_gmt":"2023-09-25T14:02:54","slug":"ii-virada-cientifica-ciencias-ambientais-unifap","status":"publish","type":"post","link":"http:\/\/www2.unifap.br\/cambientais\/2023\/09\/25\/ii-virada-cientifica-ciencias-ambientais-unifap\/","title":{"rendered":"II Virada Cient\u00edfica &#8211; Ci\u00eancias Ambientais UNIFAP"},"content":{"rendered":"\t\t<div data-elementor-type=\"wp-post\" data-elementor-id=\"3702\" class=\"elementor elementor-3702\">\n\t\t\t\t\t\t<section class=\"elementor-section elementor-top-section elementor-element elementor-element-48fc0f5 elementor-section-boxed elementor-section-height-default elementor-section-height-default\" data-id=\"48fc0f5\" data-element_type=\"section\" data-e-type=\"section\">\n\t\t\t\t\t\t<div class=\"elementor-container elementor-column-gap-default\">\n\t\t\t\t\t<div class=\"elementor-column elementor-col-100 elementor-top-column elementor-element elementor-element-631704d\" data-id=\"631704d\" data-element_type=\"column\" data-e-type=\"column\">\n\t\t\t<div class=\"elementor-widget-wrap elementor-element-populated\">\n\t\t\t\t\t\t<div class=\"elementor-element elementor-element-8f1d67a elementor-widget elementor-widget-image\" data-id=\"8f1d67a\" data-element_type=\"widget\" data-e-type=\"widget\" data-widget_type=\"image.default\">\n\t\t\t\t<div class=\"elementor-widget-container\">\n\t\t\t\t\t\t\t\t\t\t\t\t\t\t\t<img fetchpriority=\"high\" decoding=\"async\" width=\"800\" height=\"800\" src=\"http:\/\/www2.unifap.br\/cambientais\/files\/2023\/09\/Imagem-do-WhatsApp-de-2023-09-25-as-10.37.50_37378485-1024x1024.jpg\" class=\"attachment-large size-large wp-image-3703\" alt=\"\" srcset=\"http:\/\/www2.unifap.br\/cambientais\/files\/2023\/09\/Imagem-do-WhatsApp-de-2023-09-25-as-10.37.50_37378485-1024x1024.jpg 1024w, http:\/\/www2.unifap.br\/cambientais\/files\/2023\/09\/Imagem-do-WhatsApp-de-2023-09-25-as-10.37.50_37378485-300x300.jpg 300w, http:\/\/www2.unifap.br\/cambientais\/files\/2023\/09\/Imagem-do-WhatsApp-de-2023-09-25-as-10.37.50_37378485-150x150.jpg 150w, http:\/\/www2.unifap.br\/cambientais\/files\/2023\/09\/Imagem-do-WhatsApp-de-2023-09-25-as-10.37.50_37378485-768x768.jpg 768w, http:\/\/www2.unifap.br\/cambientais\/files\/2023\/09\/Imagem-do-WhatsApp-de-2023-09-25-as-10.37.50_37378485-1536x1536.jpg 1536w, http:\/\/www2.unifap.br\/cambientais\/files\/2023\/09\/Imagem-do-WhatsApp-de-2023-09-25-as-10.37.50_37378485.jpg 1563w\" sizes=\"(max-width: 800px) 100vw, 800px\" \/>\t\t\t\t\t\t\t\t\t\t\t\t\t\t\t<\/div>\n\t\t\t\t<\/div>\n\t\t\t\t<div class=\"elementor-element elementor-element-c5d9e2b elementor-widget elementor-widget-text-editor\" data-id=\"c5d9e2b\" data-element_type=\"widget\" data-e-type=\"widget\" data-widget_type=\"text-editor.default\">\n\t\t\t\t<div class=\"elementor-widget-container\">\n\t\t\t\t\t\t\t\t\t<p>A II Virada Cient\u00edfica de Ci\u00eancias Ambientais ocorrer\u00e1 de<strong> 26 a 29 de setembro de 2023 das 14-18h<\/strong>, de forma presencial, no bloco de Ci\u00eancias Ambientais, na Universidade Federal do Amap\u00e1 &#8211; UNIFAP.<\/p><p>O evento contar\u00e1 com palestras e mesas redondas, bem como apresenta\u00e7\u00f5es de trabalho de estudantes de gradua\u00e7\u00e3o, nas dimens\u00f5es ensino, pesquisa e extens\u00e3o, por meio de apresenta\u00e7\u00f5es orais e p\u00f4steres.<\/p><p>A II Virada Cient\u00edfica de Ci\u00eancias Ambientais contar\u00e1 com dois minicursos ministrados por docentes do colegiado. S\u00e3o eles:<\/p><p>\u2022 Ci\u00eancia Cidad\u00e3 e Educa\u00e7\u00e3o Ambiental (Dr. Jos\u00e9 Leonardo Lima Magalh\u00e3es)<br \/>\u2022 Plano de Gerenciamento de Res\u00edduos S\u00f3lidos &#8211; PGRA (Profa. Dra. Gessica Zila Batista dos Santos)<\/p><p>O evento ir\u00e1<em> promover o interc\u00e2mbio cient\u00edfico, cultural e o fortalecimento das rela\u00e7\u00f5es entre a comunidade acad\u00eamica e o curso de Ci\u00eancias Ambientais<\/em>. Al\u00e9m de uma excelente alternativa para que os alunos se atualizem sobre as \u00e1reas profissionais que podem seguir dentro daquele curso.<\/p><p>Os objetivos da II Virada Cient\u00edfica de Ci\u00eancias Ambientais s\u00e3o:<\/p><p>\u2022 Incentivar o interesse dos alunos pela pesquisa cient\u00edfica e pela produ\u00e7\u00e3o de conhecimento;<br \/>\u2022 Divulgar os trabalhos acad\u00eamicos realizados por alunos e professores do curso;<br \/>\u2022 Promover o debate e a reflex\u00e3o sobre tema relev\u00e2ncia da Amaz\u00f4nia para a sociedade;<br \/>\u2022 Proporcionar a troca de experi\u00eancias e o redes de colabora\u00e7\u00e3o entre alunos, professores e profissionais de diferentes \u00e1reas e institui\u00e7\u00f5es;<br \/>\u2022 Ampliar a vis\u00e3o dos alunos sobre as possibilidades de atua\u00e7\u00e3o profissional e acad\u00eamica dentro do seu campo de forma\u00e7\u00e3o.<\/p><p>Toda a programa\u00e7\u00e3o ser\u00e1 divulgada no Instagram oficial do Centro Acad\u00eamico de Ci\u00eancias Ambientais\/UNIFAP (<strong>@caciamb<\/strong>).<\/p>\t\t\t\t\t\t\t\t<\/div>\n\t\t\t\t<\/div>\n\t\t\t\t\t<\/div>\n\t\t<\/div>\n\t\t\t\t\t<\/div>\n\t\t<\/section>\n\t\t\t\t<section class=\"elementor-section elementor-top-section elementor-element elementor-element-0bfd177 elementor-section-boxed elementor-section-height-default elementor-section-height-default\" data-id=\"0bfd177\" data-element_type=\"section\" data-e-type=\"section\">\n\t\t\t\t\t\t<div class=\"elementor-container elementor-column-gap-default\">\n\t\t\t\t\t<div class=\"elementor-column elementor-col-100 elementor-top-column elementor-element elementor-element-8d9c0e6\" data-id=\"8d9c0e6\" data-element_type=\"column\" data-e-type=\"column\">\n\t\t\t<div class=\"elementor-widget-wrap\">\n\t\t\t\t\t\t\t<\/div>\n\t\t<\/div>\n\t\t\t\t\t<\/div>\n\t\t<\/section>\n\t\t\t\t<\/div>\n\t\t","protected":false},"excerpt":{"rendered":"<p>A II Virada Cient\u00edfica de Ci\u00eancias Ambientais ocorrer\u00e1 de 26 a 29 de setembro de 2023 das 14-18h, de forma presencial, no bloco de Ci\u00eancias Ambientais, na Universidade Federal do Amap\u00e1 &#8211; UNIFAP. O evento contar\u00e1 com palestras e mesas redondas, bem como apresenta\u00e7\u00f5es de trabalho de estudantes de gradua\u00e7\u00e3o, \u2026 <a class=\"continue-reading-link\" href=\"http:\/\/www2.unifap.br\/cambientais\/2023\/09\/25\/ii-virada-cientifica-ciencias-ambientais-unifap\/\"> Continue Lendo <span class=\"meta-nav\">&rarr; <\/span><\/a><\/p>\n","protected":false},"author":3995,"featured_media":0,"comment_status":"open","ping_status":"open","sticky":false,"template":"","format":"standard","meta":{"inline_featured_image":false,"ngg_post_thumbnail":0,"footnotes":""},"categories":[1],"tags":[],"class_list":["post-3702","post","type-post","status-publish","format-standard","hentry","category-sem-categoria"],"_links":{"self":[{"href":"http:\/\/www2.unifap.br\/cambientais\/wp-json\/wp\/v2\/posts\/3702","targetHints":{"allow":["GET"]}}],"collection":[{"href":"http:\/\/www2.unifap.br\/cambientais\/wp-json\/wp\/v2\/posts"}],"about":[{"href":"http:\/\/www2.unifap.br\/cambientais\/wp-json\/wp\/v2\/types\/post"}],"author":[{"embeddable":true,"href":"http:\/\/www2.unifap.br\/cambientais\/wp-json\/wp\/v2\/users\/3995"}],"replies":[{"embeddable":true,"href":"http:\/\/www2.unifap.br\/cambientais\/wp-json\/wp\/v2\/comments?post=3702"}],"version-history":[{"count":6,"href":"http:\/\/www2.unifap.br\/cambientais\/wp-json\/wp\/v2\/posts\/3702\/revisions"}],"predecessor-version":[{"id":3709,"href":"http:\/\/www2.unifap.br\/cambientais\/wp-json\/wp\/v2\/posts\/3702\/revisions\/3709"}],"wp:attachment":[{"href":"http:\/\/www2.unifap.br\/cambientais\/wp-json\/wp\/v2\/media?parent=3702"}],"wp:term":[{"taxonomy":"category","embeddable":true,"href":"http:\/\/www2.unifap.br\/cambientais\/wp-json\/wp\/v2\/categories?post=3702"},{"taxonomy":"post_tag","embeddable":true,"href":"http:\/\/www2.unifap.br\/cambientais\/wp-json\/wp\/v2\/tags?post=3702"}],"curies":[{"name":"wp","href":"https:\/\/api.w.org\/{rel}","templated":true}]}}