{"id":3712,"date":"2023-09-28T17:59:18","date_gmt":"2023-09-28T17:59:18","guid":{"rendered":"https:\/\/www2.unifap.br\/cambientais\/?p=3712"},"modified":"2023-10-18T16:34:03","modified_gmt":"2023-10-18T16:34:03","slug":"agenda-defesas-tcc-2023-1","status":"publish","type":"post","link":"http:\/\/www2.unifap.br\/cambientais\/2023\/09\/28\/agenda-defesas-tcc-2023-1\/","title":{"rendered":"Agenda Defesas TCC &#8211; 2023.1"},"content":{"rendered":"\t\t<div data-elementor-type=\"wp-post\" data-elementor-id=\"3712\" class=\"elementor elementor-3712\">\n\t\t\t\t\t\t<section class=\"elementor-section elementor-top-section elementor-element elementor-element-c965ec5 elementor-section-boxed elementor-section-height-default elementor-section-height-default\" data-id=\"c965ec5\" data-element_type=\"section\" data-e-type=\"section\">\n\t\t\t\t\t\t<div class=\"elementor-container elementor-column-gap-default\">\n\t\t\t\t\t<div class=\"elementor-column elementor-col-100 elementor-top-column elementor-element elementor-element-05bf00c\" data-id=\"05bf00c\" data-element_type=\"column\" data-e-type=\"column\">\n\t\t\t<div class=\"elementor-widget-wrap elementor-element-populated\">\n\t\t\t\t\t\t<div class=\"elementor-element elementor-element-d417d56 elementor-widget elementor-widget-text-editor\" data-id=\"d417d56\" data-element_type=\"widget\" data-e-type=\"widget\" data-widget_type=\"text-editor.default\">\n\t\t\t\t<div class=\"elementor-widget-container\">\n\t\t\t\t\t\t\t\t\t<p>A coordena\u00e7\u00e3o do Curso de Ci\u00eancias Ambientais torna p\u00fablica a agenda de defesas de Trabalho de Conclus\u00e3o de Curso (TCC II) dos discentes abaixo relacionados e que far\u00e3o a sua apresenta\u00e7\u00e3o no presente semestre 2023.1.&nbsp;<\/p>\t\t\t\t\t\t\t\t<\/div>\n\t\t\t\t<\/div>\n\t\t\t\t\t<\/div>\n\t\t<\/div>\n\t\t\t\t\t<\/div>\n\t\t<\/section>\n\t\t\t\t<section class=\"elementor-section elementor-top-section elementor-element elementor-element-b93eb61 elementor-section-boxed elementor-section-height-default elementor-section-height-default\" data-id=\"b93eb61\" data-element_type=\"section\" data-e-type=\"section\">\n\t\t\t\t\t\t<div class=\"elementor-container elementor-column-gap-default\">\n\t\t\t\t\t<div class=\"elementor-column elementor-col-100 elementor-top-column elementor-element elementor-element-80be2dd\" data-id=\"80be2dd\" data-element_type=\"column\" data-e-type=\"column\">\n\t\t\t<div class=\"elementor-widget-wrap elementor-element-populated\">\n\t\t\t\t\t\t<div class=\"elementor-element elementor-element-722f714 elementor-widget elementor-widget-image\" data-id=\"722f714\" data-element_type=\"widget\" data-e-type=\"widget\" data-widget_type=\"image.default\">\n\t\t\t\t<div class=\"elementor-widget-container\">\n\t\t\t\t\t\t\t\t\t\t\t\t\t\t\t<img fetchpriority=\"high\" decoding=\"async\" width=\"800\" height=\"509\" src=\"http:\/\/www2.unifap.br\/cambientais\/files\/2023\/09\/tcc-1.png\" class=\"attachment-large size-large wp-image-3787\" alt=\"\" srcset=\"http:\/\/www2.unifap.br\/cambientais\/files\/2023\/09\/tcc-1.png 974w, http:\/\/www2.unifap.br\/cambientais\/files\/2023\/09\/tcc-1-300x191.png 300w, http:\/\/www2.unifap.br\/cambientais\/files\/2023\/09\/tcc-1-768x489.png 768w, http:\/\/www2.unifap.br\/cambientais\/files\/2023\/09\/tcc-1-150x95.png 150w, http:\/\/www2.unifap.br\/cambientais\/files\/2023\/09\/tcc-1-236x150.png 236w\" sizes=\"(max-width: 800px) 100vw, 800px\" \/>\t\t\t\t\t\t\t\t\t\t\t\t\t\t\t<\/div>\n\t\t\t\t<\/div>\n\t\t\t\t\t<\/div>\n\t\t<\/div>\n\t\t\t\t\t<\/div>\n\t\t<\/section>\n\t\t\t\t<\/div>\n\t\t","protected":false},"excerpt":{"rendered":"<p>A coordena\u00e7\u00e3o do Curso de Ci\u00eancias Ambientais torna p\u00fablica a agenda de defesas de Trabalho de Conclus\u00e3o de Curso (TCC II) dos discentes abaixo relacionados e que far\u00e3o a sua apresenta\u00e7\u00e3o no presente semestre 2023.1.&nbsp;<\/p>\n","protected":false},"author":3995,"featured_media":0,"comment_status":"open","ping_status":"open","sticky":false,"template":"","format":"standard","meta":{"inline_featured_image":false,"ngg_post_thumbnail":0,"footnotes":""},"categories":[1],"tags":[],"class_list":["post-3712","post","type-post","status-publish","format-standard","hentry","category-sem-categoria"],"_links":{"self":[{"href":"http:\/\/www2.unifap.br\/cambientais\/wp-json\/wp\/v2\/posts\/3712","targetHints":{"allow":["GET"]}}],"collection":[{"href":"http:\/\/www2.unifap.br\/cambientais\/wp-json\/wp\/v2\/posts"}],"about":[{"href":"http:\/\/www2.unifap.br\/cambientais\/wp-json\/wp\/v2\/types\/post"}],"author":[{"embeddable":true,"href":"http:\/\/www2.unifap.br\/cambientais\/wp-json\/wp\/v2\/users\/3995"}],"replies":[{"embeddable":true,"href":"http:\/\/www2.unifap.br\/cambientais\/wp-json\/wp\/v2\/comments?post=3712"}],"version-history":[{"count":27,"href":"http:\/\/www2.unifap.br\/cambientais\/wp-json\/wp\/v2\/posts\/3712\/revisions"}],"predecessor-version":[{"id":3859,"href":"http:\/\/www2.unifap.br\/cambientais\/wp-json\/wp\/v2\/posts\/3712\/revisions\/3859"}],"wp:attachment":[{"href":"http:\/\/www2.unifap.br\/cambientais\/wp-json\/wp\/v2\/media?parent=3712"}],"wp:term":[{"taxonomy":"category","embeddable":true,"href":"http:\/\/www2.unifap.br\/cambientais\/wp-json\/wp\/v2\/categories?post=3712"},{"taxonomy":"post_tag","embeddable":true,"href":"http:\/\/www2.unifap.br\/cambientais\/wp-json\/wp\/v2\/tags?post=3712"}],"curies":[{"name":"wp","href":"https:\/\/api.w.org\/{rel}","templated":true}]}}