{"id":3955,"date":"2023-11-28T13:21:31","date_gmt":"2023-11-28T13:21:31","guid":{"rendered":"https:\/\/www2.unifap.br\/cambientais\/?p=3955"},"modified":"2023-11-28T13:26:40","modified_gmt":"2023-11-28T13:26:40","slug":"visita-tecnica-estacao-de-tratamento-disciplina-saneamento-ambiental-i","status":"publish","type":"post","link":"http:\/\/www2.unifap.br\/cambientais\/2023\/11\/28\/visita-tecnica-estacao-de-tratamento-disciplina-saneamento-ambiental-i\/","title":{"rendered":"Visita T\u00e9cnica Esta\u00e7\u00e3o de Tratamento &#8211; Disciplina Saneamento Ambiental I"},"content":{"rendered":"\t\t<div data-elementor-type=\"wp-post\" data-elementor-id=\"3955\" class=\"elementor elementor-3955\">\n\t\t\t\t\t\t<section class=\"elementor-section elementor-top-section elementor-element elementor-element-57fd598 elementor-section-boxed elementor-section-height-default elementor-section-height-default\" data-id=\"57fd598\" data-element_type=\"section\" data-e-type=\"section\">\n\t\t\t\t\t\t<div class=\"elementor-container elementor-column-gap-default\">\n\t\t\t\t\t<div class=\"elementor-column elementor-col-100 elementor-top-column elementor-element elementor-element-8c417a4\" data-id=\"8c417a4\" data-element_type=\"column\" data-e-type=\"column\">\n\t\t\t<div class=\"elementor-widget-wrap elementor-element-populated\">\n\t\t\t\t\t\t<div class=\"elementor-element elementor-element-f3b7c56 elementor-widget elementor-widget-text-editor\" data-id=\"f3b7c56\" data-element_type=\"widget\" data-e-type=\"widget\" data-widget_type=\"text-editor.default\">\n\t\t\t\t<div class=\"elementor-widget-container\">\n\t\t\t\t\t\t\t\t\t<h4>No dia 24\/11\/2023, discentes do curso de Ci\u00eancias Ambientais da UNIFAP, sob a supervis\u00e3o da Profa. Karina Valverde e a colabora\u00e7\u00e3o da Profa. Julieta Bramorski, realizaram uma visita t\u00e9cnica a Esta\u00e7\u00e3o de Tratamento de Esgoto (ETE) de um shopping localizado na Rod. Josmar Pinto Chaves. O objetivo foi entender o funcionamento e conhecer os processos realizados para a disciplina curricular de Saneamento Ambiental.<\/h4>\t\t\t\t\t\t\t\t<\/div>\n\t\t\t\t<\/div>\n\t\t\t\t\t<\/div>\n\t\t<\/div>\n\t\t\t\t\t<\/div>\n\t\t<\/section>\n\t\t\t\t<section class=\"elementor-section elementor-top-section elementor-element elementor-element-aac03f2 elementor-section-boxed elementor-section-height-default elementor-section-height-default\" data-id=\"aac03f2\" data-element_type=\"section\" data-e-type=\"section\">\n\t\t\t\t\t\t<div class=\"elementor-container elementor-column-gap-default\">\n\t\t\t\t\t<div class=\"elementor-column elementor-col-50 elementor-top-column elementor-element elementor-element-079e1cb\" data-id=\"079e1cb\" data-element_type=\"column\" data-e-type=\"column\">\n\t\t\t<div class=\"elementor-widget-wrap elementor-element-populated\">\n\t\t\t\t\t\t<div class=\"elementor-element elementor-element-183edcd elementor-widget elementor-widget-image\" data-id=\"183edcd\" data-element_type=\"widget\" data-e-type=\"widget\" data-widget_type=\"image.default\">\n\t\t\t\t<div class=\"elementor-widget-container\">\n\t\t\t\t\t\t\t\t\t\t\t\t\t\t\t<img fetchpriority=\"high\" decoding=\"async\" width=\"800\" height=\"450\" src=\"https:\/\/www2.unifap.br\/cambientais\/files\/2023\/11\/Imagem-do-WhatsApp-de-2023-11-24-as-17.08.28_1fcd6c36-1024x576.jpg\" class=\"attachment-large size-large wp-image-3956\" alt=\"\" srcset=\"https:\/\/www2.unifap.br\/cambientais\/files\/2023\/11\/Imagem-do-WhatsApp-de-2023-11-24-as-17.08.28_1fcd6c36-1024x576.jpg 1024w, https:\/\/www2.unifap.br\/cambientais\/files\/2023\/11\/Imagem-do-WhatsApp-de-2023-11-24-as-17.08.28_1fcd6c36-300x169.jpg 300w, https:\/\/www2.unifap.br\/cambientais\/files\/2023\/11\/Imagem-do-WhatsApp-de-2023-11-24-as-17.08.28_1fcd6c36-768x432.jpg 768w, https:\/\/www2.unifap.br\/cambientais\/files\/2023\/11\/Imagem-do-WhatsApp-de-2023-11-24-as-17.08.28_1fcd6c36-1536x864.jpg 1536w, https:\/\/www2.unifap.br\/cambientais\/files\/2023\/11\/Imagem-do-WhatsApp-de-2023-11-24-as-17.08.28_1fcd6c36-150x84.jpg 150w, https:\/\/www2.unifap.br\/cambientais\/files\/2023\/11\/Imagem-do-WhatsApp-de-2023-11-24-as-17.08.28_1fcd6c36-250x141.jpg 250w, https:\/\/www2.unifap.br\/cambientais\/files\/2023\/11\/Imagem-do-WhatsApp-de-2023-11-24-as-17.08.28_1fcd6c36.jpg 1599w\" sizes=\"(max-width: 800px) 100vw, 800px\" \/>\t\t\t\t\t\t\t\t\t\t\t\t\t\t\t<\/div>\n\t\t\t\t<\/div>\n\t\t\t\t\t<\/div>\n\t\t<\/div>\n\t\t\t\t<div class=\"elementor-column elementor-col-50 elementor-top-column elementor-element elementor-element-496506f\" data-id=\"496506f\" data-element_type=\"column\" data-e-type=\"column\">\n\t\t\t<div class=\"elementor-widget-wrap elementor-element-populated\">\n\t\t\t\t\t\t<div class=\"elementor-element elementor-element-bbb56ef elementor-widget elementor-widget-image\" data-id=\"bbb56ef\" data-element_type=\"widget\" data-e-type=\"widget\" data-widget_type=\"image.default\">\n\t\t\t\t<div class=\"elementor-widget-container\">\n\t\t\t\t\t\t\t\t\t\t\t\t\t\t\t<img decoding=\"async\" width=\"576\" height=\"1024\" src=\"https:\/\/www2.unifap.br\/cambientais\/files\/2023\/11\/Imagem-do-WhatsApp-de-2023-11-24-as-17.10.04_d14fccb1-576x1024.jpg\" class=\"attachment-large size-large wp-image-3957\" alt=\"\" srcset=\"https:\/\/www2.unifap.br\/cambientais\/files\/2023\/11\/Imagem-do-WhatsApp-de-2023-11-24-as-17.10.04_d14fccb1-576x1024.jpg 576w, https:\/\/www2.unifap.br\/cambientais\/files\/2023\/11\/Imagem-do-WhatsApp-de-2023-11-24-as-17.10.04_d14fccb1-169x300.jpg 169w, https:\/\/www2.unifap.br\/cambientais\/files\/2023\/11\/Imagem-do-WhatsApp-de-2023-11-24-as-17.10.04_d14fccb1-768x1366.jpg 768w, https:\/\/www2.unifap.br\/cambientais\/files\/2023\/11\/Imagem-do-WhatsApp-de-2023-11-24-as-17.10.04_d14fccb1-864x1536.jpg 864w, https:\/\/www2.unifap.br\/cambientais\/files\/2023\/11\/Imagem-do-WhatsApp-de-2023-11-24-as-17.10.04_d14fccb1-84x150.jpg 84w, https:\/\/www2.unifap.br\/cambientais\/files\/2023\/11\/Imagem-do-WhatsApp-de-2023-11-24-as-17.10.04_d14fccb1.jpg 899w\" sizes=\"(max-width: 576px) 100vw, 576px\" \/>\t\t\t\t\t\t\t\t\t\t\t\t\t\t\t<\/div>\n\t\t\t\t<\/div>\n\t\t\t\t\t<\/div>\n\t\t<\/div>\n\t\t\t\t\t<\/div>\n\t\t<\/section>\n\t\t\t\t<\/div>\n\t\t","protected":false},"excerpt":{"rendered":"<p>No dia 24\/11\/2023, discentes do curso de Ci\u00eancias Ambientais da UNIFAP, sob a supervis\u00e3o da Profa. Karina Valverde e a colabora\u00e7\u00e3o da Profa. Julieta Bramorski, realizaram uma visita t\u00e9cnica a Esta\u00e7\u00e3o de Tratamento de Esgoto (ETE) de um shopping localizado na Rod. Josmar Pinto Chaves. O objetivo foi entender o \u2026 <a class=\"continue-reading-link\" href=\"http:\/\/www2.unifap.br\/cambientais\/2023\/11\/28\/visita-tecnica-estacao-de-tratamento-disciplina-saneamento-ambiental-i\/\"> Continue Lendo <span class=\"meta-nav\">&rarr; <\/span><\/a><\/p>\n","protected":false},"author":3995,"featured_media":0,"comment_status":"open","ping_status":"open","sticky":false,"template":"","format":"standard","meta":{"inline_featured_image":false,"ngg_post_thumbnail":0,"footnotes":""},"categories":[1],"tags":[],"class_list":["post-3955","post","type-post","status-publish","format-standard","hentry","category-sem-categoria"],"_links":{"self":[{"href":"http:\/\/www2.unifap.br\/cambientais\/wp-json\/wp\/v2\/posts\/3955","targetHints":{"allow":["GET"]}}],"collection":[{"href":"http:\/\/www2.unifap.br\/cambientais\/wp-json\/wp\/v2\/posts"}],"about":[{"href":"http:\/\/www2.unifap.br\/cambientais\/wp-json\/wp\/v2\/types\/post"}],"author":[{"embeddable":true,"href":"http:\/\/www2.unifap.br\/cambientais\/wp-json\/wp\/v2\/users\/3995"}],"replies":[{"embeddable":true,"href":"http:\/\/www2.unifap.br\/cambientais\/wp-json\/wp\/v2\/comments?post=3955"}],"version-history":[{"count":3,"href":"http:\/\/www2.unifap.br\/cambientais\/wp-json\/wp\/v2\/posts\/3955\/revisions"}],"predecessor-version":[{"id":3960,"href":"http:\/\/www2.unifap.br\/cambientais\/wp-json\/wp\/v2\/posts\/3955\/revisions\/3960"}],"wp:attachment":[{"href":"http:\/\/www2.unifap.br\/cambientais\/wp-json\/wp\/v2\/media?parent=3955"}],"wp:term":[{"taxonomy":"category","embeddable":true,"href":"http:\/\/www2.unifap.br\/cambientais\/wp-json\/wp\/v2\/categories?post=3955"},{"taxonomy":"post_tag","embeddable":true,"href":"http:\/\/www2.unifap.br\/cambientais\/wp-json\/wp\/v2\/tags?post=3955"}],"curies":[{"name":"wp","href":"https:\/\/api.w.org\/{rel}","templated":true}]}}