{"id":3985,"date":"2023-12-05T18:30:34","date_gmt":"2023-12-05T18:30:34","guid":{"rendered":"https:\/\/www2.unifap.br\/cambientais\/?p=3985"},"modified":"2023-12-05T18:32:26","modified_gmt":"2023-12-05T18:32:26","slug":"2023-1a-acao-social-empresa-junior-ciencias-ambientais-eco-junior","status":"publish","type":"post","link":"http:\/\/www2.unifap.br\/cambientais\/2023\/12\/05\/2023-1a-acao-social-empresa-junior-ciencias-ambientais-eco-junior\/","title":{"rendered":"2023 &#8211; 1\u00aa A\u00e7\u00e3o Social Empresa J\u00fanior Ci\u00eancias Ambientais &#8211; Eco Junior"},"content":{"rendered":"\t\t<div data-elementor-type=\"wp-post\" data-elementor-id=\"3985\" class=\"elementor elementor-3985\">\n\t\t\t\t\t\t<section class=\"elementor-section elementor-top-section elementor-element elementor-element-eca4b36 elementor-section-boxed elementor-section-height-default elementor-section-height-default\" data-id=\"eca4b36\" data-element_type=\"section\" data-e-type=\"section\">\n\t\t\t\t\t\t<div class=\"elementor-container elementor-column-gap-default\">\n\t\t\t\t\t<div class=\"elementor-column elementor-col-100 elementor-top-column elementor-element elementor-element-574ed30\" data-id=\"574ed30\" data-element_type=\"column\" data-e-type=\"column\">\n\t\t\t<div class=\"elementor-widget-wrap elementor-element-populated\">\n\t\t\t\t\t\t<div class=\"elementor-element elementor-element-92523d5 elementor-widget elementor-widget-image\" data-id=\"92523d5\" data-element_type=\"widget\" data-e-type=\"widget\" data-widget_type=\"image.default\">\n\t\t\t\t<div class=\"elementor-widget-container\">\n\t\t\t\t\t\t\t\t\t\t\t\t\t\t\t<img fetchpriority=\"high\" decoding=\"async\" width=\"800\" height=\"797\" src=\"http:\/\/www2.unifap.br\/cambientais\/files\/2023\/12\/Imagem-do-WhatsApp-de-2023-12-05-as-08.30.09_e2a541ab.jpg\" class=\"attachment-large size-large wp-image-3987\" alt=\"\" srcset=\"http:\/\/www2.unifap.br\/cambientais\/files\/2023\/12\/Imagem-do-WhatsApp-de-2023-12-05-as-08.30.09_e2a541ab.jpg 981w, http:\/\/www2.unifap.br\/cambientais\/files\/2023\/12\/Imagem-do-WhatsApp-de-2023-12-05-as-08.30.09_e2a541ab-300x300.jpg 300w, http:\/\/www2.unifap.br\/cambientais\/files\/2023\/12\/Imagem-do-WhatsApp-de-2023-12-05-as-08.30.09_e2a541ab-150x150.jpg 150w, http:\/\/www2.unifap.br\/cambientais\/files\/2023\/12\/Imagem-do-WhatsApp-de-2023-12-05-as-08.30.09_e2a541ab-768x765.jpg 768w, http:\/\/www2.unifap.br\/cambientais\/files\/2023\/12\/Imagem-do-WhatsApp-de-2023-12-05-as-08.30.09_e2a541ab-151x150.jpg 151w\" sizes=\"(max-width: 800px) 100vw, 800px\" \/>\t\t\t\t\t\t\t\t\t\t\t\t\t\t\t<\/div>\n\t\t\t\t<\/div>\n\t\t\t\t\t<\/div>\n\t\t<\/div>\n\t\t\t\t\t<\/div>\n\t\t<\/section>\n\t\t\t\t<section class=\"elementor-section elementor-top-section elementor-element elementor-element-b8baebf elementor-section-boxed elementor-section-height-default elementor-section-height-default\" data-id=\"b8baebf\" data-element_type=\"section\" data-e-type=\"section\">\n\t\t\t\t\t\t<div class=\"elementor-container elementor-column-gap-default\">\n\t\t\t\t\t<div class=\"elementor-column elementor-col-100 elementor-top-column elementor-element elementor-element-1fb9016\" data-id=\"1fb9016\" data-element_type=\"column\" data-e-type=\"column\">\n\t\t\t<div class=\"elementor-widget-wrap elementor-element-populated\">\n\t\t\t\t\t\t<div class=\"elementor-element elementor-element-1e1314c elementor-widget elementor-widget-text-editor\" data-id=\"1e1314c\" data-element_type=\"widget\" data-e-type=\"widget\" data-widget_type=\"text-editor.default\">\n\t\t\t\t<div class=\"elementor-widget-container\">\n\t\t\t\t\t\t\t\t\t<h2 style=\"text-align: center\">O ano de 2023 comemora o nascimento de um sonho, a cria\u00e7\u00e3o da Empresa J\u00fanior do curso de Ci\u00eancias Ambientais da UNIFAP (<span style=\"color: #008000\">Eco J\u00fanior<\/span>). E neste Natal, vamos retribuir com amor e solidariedade! Junte-se a n\u00f3s nesta campanha para ajudar quem mais precisa. Estamos arrecadando alimentos n\u00e3o perec\u00edveis e aceitando doa\u00e7\u00f5es via PIX para proporcionar um Natal digno \u00e0s fam\u00edlias em situa\u00e7\u00e3o de vulnerabilidade. Sua contribui\u00e7\u00e3o faz a diferen\u00e7a! Fa\u00e7a parte dessa corrente de bondade e compartilhe o verdadeiro esp\u00edrito natalino. <img decoding=\"async\" class=\"emoji\" role=\"img\" src=\"https:\/\/s.w.org\/images\/core\/emoji\/14.0.0\/svg\/1f381.svg\" alt=\"\ud83c\udf81\" \/><img decoding=\"async\" class=\"emoji\" role=\"img\" src=\"https:\/\/s.w.org\/images\/core\/emoji\/14.0.0\/svg\/1f31f.svg\" alt=\"\ud83c\udf1f\" \/>\u00a0<span style=\"color: #0000ff\">@ECOJUNIOR_CAMB<\/span><\/h2>\t\t\t\t\t\t\t\t<\/div>\n\t\t\t\t<\/div>\n\t\t\t\t\t<\/div>\n\t\t<\/div>\n\t\t\t\t\t<\/div>\n\t\t<\/section>\n\t\t\t\t<section class=\"elementor-section elementor-top-section elementor-element elementor-element-e0759b3 elementor-section-boxed elementor-section-height-default elementor-section-height-default\" data-id=\"e0759b3\" data-element_type=\"section\" data-e-type=\"section\">\n\t\t\t\t\t\t<div class=\"elementor-container elementor-column-gap-default\">\n\t\t\t\t\t<div class=\"elementor-column elementor-col-100 elementor-top-column elementor-element elementor-element-e3fee43\" data-id=\"e3fee43\" data-element_type=\"column\" data-e-type=\"column\">\n\t\t\t<div class=\"elementor-widget-wrap elementor-element-populated\">\n\t\t\t\t\t\t<div class=\"elementor-element elementor-element-d08c9f0 elementor-widget elementor-widget-image\" data-id=\"d08c9f0\" data-element_type=\"widget\" data-e-type=\"widget\" data-widget_type=\"image.default\">\n\t\t\t\t<div class=\"elementor-widget-container\">\n\t\t\t\t\t\t\t\t\t\t\t\t\t\t\t<img decoding=\"async\" width=\"800\" height=\"794\" src=\"http:\/\/www2.unifap.br\/cambientais\/files\/2023\/12\/Imagem-do-WhatsApp-de-2023-12-05-as-08.30.09_1873fa96.jpg\" class=\"attachment-large size-large wp-image-3986\" alt=\"\" srcset=\"http:\/\/www2.unifap.br\/cambientais\/files\/2023\/12\/Imagem-do-WhatsApp-de-2023-12-05-as-08.30.09_1873fa96.jpg 989w, http:\/\/www2.unifap.br\/cambientais\/files\/2023\/12\/Imagem-do-WhatsApp-de-2023-12-05-as-08.30.09_1873fa96-300x298.jpg 300w, http:\/\/www2.unifap.br\/cambientais\/files\/2023\/12\/Imagem-do-WhatsApp-de-2023-12-05-as-08.30.09_1873fa96-150x150.jpg 150w, http:\/\/www2.unifap.br\/cambientais\/files\/2023\/12\/Imagem-do-WhatsApp-de-2023-12-05-as-08.30.09_1873fa96-768x763.jpg 768w, http:\/\/www2.unifap.br\/cambientais\/files\/2023\/12\/Imagem-do-WhatsApp-de-2023-12-05-as-08.30.09_1873fa96-151x150.jpg 151w\" sizes=\"(max-width: 800px) 100vw, 800px\" \/>\t\t\t\t\t\t\t\t\t\t\t\t\t\t\t<\/div>\n\t\t\t\t<\/div>\n\t\t\t\t\t<\/div>\n\t\t<\/div>\n\t\t\t\t\t<\/div>\n\t\t<\/section>\n\t\t\t\t<section class=\"elementor-section elementor-top-section elementor-element elementor-element-731ccbe elementor-section-boxed elementor-section-height-default elementor-section-height-default\" data-id=\"731ccbe\" data-element_type=\"section\" data-e-type=\"section\">\n\t\t\t\t\t\t<div class=\"elementor-container elementor-column-gap-default\">\n\t\t\t\t\t<div class=\"elementor-column elementor-col-50 elementor-top-column elementor-element elementor-element-aaa31a8\" data-id=\"aaa31a8\" data-element_type=\"column\" data-e-type=\"column\">\n\t\t\t<div class=\"elementor-widget-wrap elementor-element-populated\">\n\t\t\t\t\t\t<div class=\"elementor-element elementor-element-90819ac elementor-widget elementor-widget-image\" data-id=\"90819ac\" data-element_type=\"widget\" data-e-type=\"widget\" data-widget_type=\"image.default\">\n\t\t\t\t<div class=\"elementor-widget-container\">\n\t\t\t\t\t\t\t\t\t\t\t\t\t\t\t<img decoding=\"async\" width=\"768\" height=\"1024\" src=\"http:\/\/www2.unifap.br\/cambientais\/files\/2023\/12\/Imagem-do-WhatsApp-de-2023-12-05-as-15.30.16_76a19fee-768x1024.jpg\" class=\"attachment-large size-large wp-image-3988\" alt=\"\" srcset=\"http:\/\/www2.unifap.br\/cambientais\/files\/2023\/12\/Imagem-do-WhatsApp-de-2023-12-05-as-15.30.16_76a19fee-768x1024.jpg 768w, http:\/\/www2.unifap.br\/cambientais\/files\/2023\/12\/Imagem-do-WhatsApp-de-2023-12-05-as-15.30.16_76a19fee-225x300.jpg 225w, http:\/\/www2.unifap.br\/cambientais\/files\/2023\/12\/Imagem-do-WhatsApp-de-2023-12-05-as-15.30.16_76a19fee-113x150.jpg 113w, http:\/\/www2.unifap.br\/cambientais\/files\/2023\/12\/Imagem-do-WhatsApp-de-2023-12-05-as-15.30.16_76a19fee.jpg 960w\" sizes=\"(max-width: 768px) 100vw, 768px\" \/>\t\t\t\t\t\t\t\t\t\t\t\t\t\t\t<\/div>\n\t\t\t\t<\/div>\n\t\t\t\t\t<\/div>\n\t\t<\/div>\n\t\t\t\t<div class=\"elementor-column elementor-col-50 elementor-top-column elementor-element elementor-element-7e76256\" data-id=\"7e76256\" data-element_type=\"column\" data-e-type=\"column\">\n\t\t\t<div class=\"elementor-widget-wrap elementor-element-populated\">\n\t\t\t\t\t\t<div class=\"elementor-element elementor-element-e257c22 elementor-widget elementor-widget-image\" data-id=\"e257c22\" data-element_type=\"widget\" data-e-type=\"widget\" data-widget_type=\"image.default\">\n\t\t\t\t<div class=\"elementor-widget-container\">\n\t\t\t\t\t\t\t\t\t\t\t\t\t\t\t<img loading=\"lazy\" decoding=\"async\" width=\"768\" height=\"1024\" src=\"http:\/\/www2.unifap.br\/cambientais\/files\/2023\/12\/Imagem-do-WhatsApp-de-2023-12-05-as-15.30.16_a5d7f374-768x1024.jpg\" class=\"attachment-large size-large wp-image-3989\" alt=\"\" srcset=\"http:\/\/www2.unifap.br\/cambientais\/files\/2023\/12\/Imagem-do-WhatsApp-de-2023-12-05-as-15.30.16_a5d7f374-768x1024.jpg 768w, http:\/\/www2.unifap.br\/cambientais\/files\/2023\/12\/Imagem-do-WhatsApp-de-2023-12-05-as-15.30.16_a5d7f374-225x300.jpg 225w, http:\/\/www2.unifap.br\/cambientais\/files\/2023\/12\/Imagem-do-WhatsApp-de-2023-12-05-as-15.30.16_a5d7f374-113x150.jpg 113w, http:\/\/www2.unifap.br\/cambientais\/files\/2023\/12\/Imagem-do-WhatsApp-de-2023-12-05-as-15.30.16_a5d7f374.jpg 960w\" sizes=\"(max-width: 768px) 100vw, 768px\" \/>\t\t\t\t\t\t\t\t\t\t\t\t\t\t\t<\/div>\n\t\t\t\t<\/div>\n\t\t\t\t\t<\/div>\n\t\t<\/div>\n\t\t\t\t\t<\/div>\n\t\t<\/section>\n\t\t\t\t<\/div>\n\t\t","protected":false},"excerpt":{"rendered":"<p>O ano de 2023 comemora o nascimento de um sonho, a cria\u00e7\u00e3o da Empresa J\u00fanior do curso de Ci\u00eancias Ambientais da UNIFAP (Eco J\u00fanior). E neste Natal, vamos retribuir com amor e solidariedade! Junte-se a n\u00f3s nesta campanha para ajudar quem mais precisa. Estamos arrecadando alimentos n\u00e3o perec\u00edveis e aceitando \u2026 <a class=\"continue-reading-link\" href=\"http:\/\/www2.unifap.br\/cambientais\/2023\/12\/05\/2023-1a-acao-social-empresa-junior-ciencias-ambientais-eco-junior\/\"> Continue Lendo <span class=\"meta-nav\">&rarr; <\/span><\/a><\/p>\n","protected":false},"author":3995,"featured_media":0,"comment_status":"open","ping_status":"open","sticky":false,"template":"","format":"standard","meta":{"inline_featured_image":false,"ngg_post_thumbnail":0,"footnotes":""},"categories":[1],"tags":[],"class_list":["post-3985","post","type-post","status-publish","format-standard","hentry","category-sem-categoria"],"_links":{"self":[{"href":"http:\/\/www2.unifap.br\/cambientais\/wp-json\/wp\/v2\/posts\/3985","targetHints":{"allow":["GET"]}}],"collection":[{"href":"http:\/\/www2.unifap.br\/cambientais\/wp-json\/wp\/v2\/posts"}],"about":[{"href":"http:\/\/www2.unifap.br\/cambientais\/wp-json\/wp\/v2\/types\/post"}],"author":[{"embeddable":true,"href":"http:\/\/www2.unifap.br\/cambientais\/wp-json\/wp\/v2\/users\/3995"}],"replies":[{"embeddable":true,"href":"http:\/\/www2.unifap.br\/cambientais\/wp-json\/wp\/v2\/comments?post=3985"}],"version-history":[{"count":3,"href":"http:\/\/www2.unifap.br\/cambientais\/wp-json\/wp\/v2\/posts\/3985\/revisions"}],"predecessor-version":[{"id":3993,"href":"http:\/\/www2.unifap.br\/cambientais\/wp-json\/wp\/v2\/posts\/3985\/revisions\/3993"}],"wp:attachment":[{"href":"http:\/\/www2.unifap.br\/cambientais\/wp-json\/wp\/v2\/media?parent=3985"}],"wp:term":[{"taxonomy":"category","embeddable":true,"href":"http:\/\/www2.unifap.br\/cambientais\/wp-json\/wp\/v2\/categories?post=3985"},{"taxonomy":"post_tag","embeddable":true,"href":"http:\/\/www2.unifap.br\/cambientais\/wp-json\/wp\/v2\/tags?post=3985"}],"curies":[{"name":"wp","href":"https:\/\/api.w.org\/{rel}","templated":true}]}}