{"id":3994,"date":"2023-12-07T17:47:13","date_gmt":"2023-12-07T17:47:13","guid":{"rendered":"https:\/\/www2.unifap.br\/cambientais\/?p=3994"},"modified":"2023-12-07T17:53:51","modified_gmt":"2023-12-07T17:53:51","slug":"tcc-publicado-como-artigo-a3-por-discente-e-sua-orientadora-no-curso-de-ciencias-ambientais","status":"publish","type":"post","link":"http:\/\/www2.unifap.br\/cambientais\/2023\/12\/07\/tcc-publicado-como-artigo-a3-por-discente-e-sua-orientadora-no-curso-de-ciencias-ambientais\/","title":{"rendered":"TCC publicado como Artigo A3 por discente e sua orientadora no Curso de Ci\u00eancias Ambientais"},"content":{"rendered":"\t\t<div data-elementor-type=\"wp-post\" data-elementor-id=\"3994\" class=\"elementor elementor-3994\">\n\t\t\t\t\t\t<section class=\"elementor-section elementor-top-section elementor-element elementor-element-4d65333 elementor-section-boxed elementor-section-height-default elementor-section-height-default\" data-id=\"4d65333\" data-element_type=\"section\" data-e-type=\"section\">\n\t\t\t\t\t\t<div class=\"elementor-container elementor-column-gap-default\">\n\t\t\t\t\t<div class=\"elementor-column elementor-col-100 elementor-top-column elementor-element elementor-element-5e4985b\" data-id=\"5e4985b\" data-element_type=\"column\" data-e-type=\"column\">\n\t\t\t<div class=\"elementor-widget-wrap elementor-element-populated\">\n\t\t\t\t\t\t<div class=\"elementor-element elementor-element-c3111f0 elementor-widget elementor-widget-text-editor\" data-id=\"c3111f0\" data-element_type=\"widget\" data-e-type=\"widget\" data-widget_type=\"text-editor.default\">\n\t\t\t\t<div class=\"elementor-widget-container\">\n\t\t\t\t\t\t\t\t\t<h4><span style=\"color: #000000\">O discente Tiago Rodrigues Pantoja em parceria com sua orientadora, a profa. Dra. Alzira Marques Oliveira, teve seu TCC, defendido na modalidade de artigo cient\u00edfico com o t\u00edtulo &#8220;<em>Asteraceae Family Species used as Medicinal Plants in the Treatment of Respiratory Diseases in the State of Amap\u00e1, Amazon \u2013 Brazil: A Systematic Review<\/em>&#8220;, publicado na &#8220;Revista de Gest\u00e3o Social e Ambiental&#8221;. Parab\u00e9ns ao discente e sua orientadora por esta conquista que com muito esfor\u00e7o e dedica\u00e7\u00e3o, se fez realizar. A revista possui avalia\u00e7\u00e3o A3 no Qualis Capes.<\/span><\/h4><h4><span style=\"color: #000000\">Para mais detalhes, acesse o link do artigo:<\/span><\/h4><h4><span style=\"color: #0000ff\"><a style=\"color: #0000ff\" href=\"https:\/\/rgsa.emnuvens.com.br\/rgsa\/article\/view\/3273como\">https:\/\/rgsa.emnuvens.com.br\/rgsa\/article\/view\/3273como<\/a><\/span><\/h4>\t\t\t\t\t\t\t\t<\/div>\n\t\t\t\t<\/div>\n\t\t\t\t\t<\/div>\n\t\t<\/div>\n\t\t\t\t\t<\/div>\n\t\t<\/section>\n\t\t\t\t<section class=\"elementor-section elementor-top-section elementor-element elementor-element-a77f154 elementor-section-boxed elementor-section-height-default elementor-section-height-default\" data-id=\"a77f154\" data-element_type=\"section\" data-e-type=\"section\">\n\t\t\t\t\t\t<div class=\"elementor-container elementor-column-gap-default\">\n\t\t\t\t\t<div class=\"elementor-column elementor-col-100 elementor-top-column elementor-element elementor-element-dfd3c56\" data-id=\"dfd3c56\" data-element_type=\"column\" data-e-type=\"column\">\n\t\t\t<div class=\"elementor-widget-wrap elementor-element-populated\">\n\t\t\t\t\t\t<div class=\"elementor-element elementor-element-8183c46 elementor-widget elementor-widget-image\" data-id=\"8183c46\" data-element_type=\"widget\" data-e-type=\"widget\" data-widget_type=\"image.default\">\n\t\t\t\t<div class=\"elementor-widget-container\">\n\t\t\t\t\t\t\t\t\t\t\t\t\t\t\t<img fetchpriority=\"high\" decoding=\"async\" width=\"800\" height=\"541\" src=\"http:\/\/www2.unifap.br\/cambientais\/files\/2023\/12\/Imagem-do-WhatsApp-de-2023-12-07-as-14.04.09_a608bb3f-1024x692.jpg\" class=\"attachment-large size-large wp-image-3995\" alt=\"\" srcset=\"http:\/\/www2.unifap.br\/cambientais\/files\/2023\/12\/Imagem-do-WhatsApp-de-2023-12-07-as-14.04.09_a608bb3f-1024x692.jpg 1024w, http:\/\/www2.unifap.br\/cambientais\/files\/2023\/12\/Imagem-do-WhatsApp-de-2023-12-07-as-14.04.09_a608bb3f-300x203.jpg 300w, http:\/\/www2.unifap.br\/cambientais\/files\/2023\/12\/Imagem-do-WhatsApp-de-2023-12-07-as-14.04.09_a608bb3f-768x519.jpg 768w, http:\/\/www2.unifap.br\/cambientais\/files\/2023\/12\/Imagem-do-WhatsApp-de-2023-12-07-as-14.04.09_a608bb3f-150x101.jpg 150w, http:\/\/www2.unifap.br\/cambientais\/files\/2023\/12\/Imagem-do-WhatsApp-de-2023-12-07-as-14.04.09_a608bb3f-222x150.jpg 222w, http:\/\/www2.unifap.br\/cambientais\/files\/2023\/12\/Imagem-do-WhatsApp-de-2023-12-07-as-14.04.09_a608bb3f.jpg 1152w\" sizes=\"(max-width: 800px) 100vw, 800px\" \/>\t\t\t\t\t\t\t\t\t\t\t\t\t\t\t<\/div>\n\t\t\t\t<\/div>\n\t\t\t\t\t<\/div>\n\t\t<\/div>\n\t\t\t\t\t<\/div>\n\t\t<\/section>\n\t\t\t\t<\/div>\n\t\t","protected":false},"excerpt":{"rendered":"<p>O discente Tiago Rodrigues Pantoja em parceria com sua orientadora, a profa. Dra. Alzira Marques Oliveira, teve seu TCC, defendido na modalidade de artigo cient\u00edfico com o t\u00edtulo &#8220;Asteraceae Family Species used as Medicinal Plants in the Treatment of Respiratory Diseases in the State of Amap\u00e1, Amazon \u2013 Brazil: A \u2026 <a class=\"continue-reading-link\" href=\"http:\/\/www2.unifap.br\/cambientais\/2023\/12\/07\/tcc-publicado-como-artigo-a3-por-discente-e-sua-orientadora-no-curso-de-ciencias-ambientais\/\"> Continue Lendo <span class=\"meta-nav\">&rarr; <\/span><\/a><\/p>\n","protected":false},"author":3995,"featured_media":0,"comment_status":"open","ping_status":"open","sticky":false,"template":"","format":"standard","meta":{"inline_featured_image":false,"ngg_post_thumbnail":0,"footnotes":""},"categories":[1],"tags":[],"class_list":["post-3994","post","type-post","status-publish","format-standard","hentry","category-sem-categoria"],"_links":{"self":[{"href":"http:\/\/www2.unifap.br\/cambientais\/wp-json\/wp\/v2\/posts\/3994","targetHints":{"allow":["GET"]}}],"collection":[{"href":"http:\/\/www2.unifap.br\/cambientais\/wp-json\/wp\/v2\/posts"}],"about":[{"href":"http:\/\/www2.unifap.br\/cambientais\/wp-json\/wp\/v2\/types\/post"}],"author":[{"embeddable":true,"href":"http:\/\/www2.unifap.br\/cambientais\/wp-json\/wp\/v2\/users\/3995"}],"replies":[{"embeddable":true,"href":"http:\/\/www2.unifap.br\/cambientais\/wp-json\/wp\/v2\/comments?post=3994"}],"version-history":[{"count":3,"href":"http:\/\/www2.unifap.br\/cambientais\/wp-json\/wp\/v2\/posts\/3994\/revisions"}],"predecessor-version":[{"id":3998,"href":"http:\/\/www2.unifap.br\/cambientais\/wp-json\/wp\/v2\/posts\/3994\/revisions\/3998"}],"wp:attachment":[{"href":"http:\/\/www2.unifap.br\/cambientais\/wp-json\/wp\/v2\/media?parent=3994"}],"wp:term":[{"taxonomy":"category","embeddable":true,"href":"http:\/\/www2.unifap.br\/cambientais\/wp-json\/wp\/v2\/categories?post=3994"},{"taxonomy":"post_tag","embeddable":true,"href":"http:\/\/www2.unifap.br\/cambientais\/wp-json\/wp\/v2\/tags?post=3994"}],"curies":[{"name":"wp","href":"https:\/\/api.w.org\/{rel}","templated":true}]}}