{"id":4045,"date":"2024-01-19T19:31:17","date_gmt":"2024-01-19T19:31:17","guid":{"rendered":"https:\/\/www2.unifap.br\/cambientais\/?p=4045"},"modified":"2024-01-19T19:41:38","modified_gmt":"2024-01-19T19:41:38","slug":"colacao-de-grau-ciencias-ambientais-janeiro-2024","status":"publish","type":"post","link":"http:\/\/www2.unifap.br\/cambientais\/2024\/01\/19\/colacao-de-grau-ciencias-ambientais-janeiro-2024\/","title":{"rendered":"Cola\u00e7\u00e3o de Grau Ci\u00eancias Ambientais &#8211; Janeiro 2024"},"content":{"rendered":"\t\t<div data-elementor-type=\"wp-post\" data-elementor-id=\"4045\" class=\"elementor elementor-4045\">\n\t\t\t\t\t\t<section class=\"elementor-section elementor-top-section elementor-element elementor-element-4715b61 elementor-section-boxed elementor-section-height-default elementor-section-height-default\" data-id=\"4715b61\" data-element_type=\"section\" data-e-type=\"section\">\n\t\t\t\t\t\t<div class=\"elementor-container elementor-column-gap-default\">\n\t\t\t\t\t<div class=\"elementor-column elementor-col-100 elementor-top-column elementor-element elementor-element-1ff5e61\" data-id=\"1ff5e61\" data-element_type=\"column\" data-e-type=\"column\">\n\t\t\t<div class=\"elementor-widget-wrap elementor-element-populated\">\n\t\t\t\t\t\t<div class=\"elementor-element elementor-element-21152a4 elementor-widget elementor-widget-image\" data-id=\"21152a4\" data-element_type=\"widget\" data-e-type=\"widget\" data-widget_type=\"image.default\">\n\t\t\t\t<div class=\"elementor-widget-container\">\n\t\t\t\t\t\t\t\t\t\t\t\t\t\t\t<img fetchpriority=\"high\" decoding=\"async\" width=\"800\" height=\"536\" src=\"http:\/\/www2.unifap.br\/cambientais\/files\/2024\/01\/WhatsApp-Image-2024-01-10-at-14.55.42-1-1024x686-1.jpeg\" class=\"attachment-large size-large wp-image-4047\" alt=\"\" srcset=\"http:\/\/www2.unifap.br\/cambientais\/files\/2024\/01\/WhatsApp-Image-2024-01-10-at-14.55.42-1-1024x686-1.jpeg 1024w, http:\/\/www2.unifap.br\/cambientais\/files\/2024\/01\/WhatsApp-Image-2024-01-10-at-14.55.42-1-1024x686-1-300x201.jpeg 300w, http:\/\/www2.unifap.br\/cambientais\/files\/2024\/01\/WhatsApp-Image-2024-01-10-at-14.55.42-1-1024x686-1-768x515.jpeg 768w, http:\/\/www2.unifap.br\/cambientais\/files\/2024\/01\/WhatsApp-Image-2024-01-10-at-14.55.42-1-1024x686-1-150x100.jpeg 150w, http:\/\/www2.unifap.br\/cambientais\/files\/2024\/01\/WhatsApp-Image-2024-01-10-at-14.55.42-1-1024x686-1-224x150.jpeg 224w\" sizes=\"(max-width: 800px) 100vw, 800px\" \/>\t\t\t\t\t\t\t\t\t\t\t\t\t\t\t<\/div>\n\t\t\t\t<\/div>\n\t\t\t\t\t<\/div>\n\t\t<\/div>\n\t\t\t\t\t<\/div>\n\t\t<\/section>\n\t\t\t\t<section class=\"elementor-section elementor-top-section elementor-element elementor-element-e416f89 elementor-section-boxed elementor-section-height-default elementor-section-height-default\" data-id=\"e416f89\" data-element_type=\"section\" data-e-type=\"section\">\n\t\t\t\t\t\t<div class=\"elementor-container elementor-column-gap-default\">\n\t\t\t\t\t<div class=\"elementor-column elementor-col-100 elementor-top-column elementor-element elementor-element-0a0a92f\" data-id=\"0a0a92f\" data-element_type=\"column\" data-e-type=\"column\">\n\t\t\t<div class=\"elementor-widget-wrap elementor-element-populated\">\n\t\t\t\t\t\t<div class=\"elementor-element elementor-element-5ae00fc elementor-widget elementor-widget-text-editor\" data-id=\"5ae00fc\" data-element_type=\"widget\" data-e-type=\"widget\" data-widget_type=\"text-editor.default\">\n\t\t\t\t<div class=\"elementor-widget-container\">\n\t\t\t\t\t\t\t\t\t<p><span style=\"color: #000000\">Concluintes dos cursos de gradua\u00e7\u00e3o da Universidade Federal do Amap\u00e1 (Unifap) podem preparar a beca e o capelo. A Pr\u00f3-reitoria de Ensino de Gradua\u00e7\u00e3o (Prograd), por meio do Departamento de Registro e Controle Acad\u00eamico (Derca), realizar\u00e1 a Cola\u00e7\u00e3o de Grau Solene no dia 25 de janeiro de 2024, com in\u00edcio as 16 horas.<\/span><\/p>\n<p><span style=\"color: #000000;font-family: var( --e-global-typography-text-font-family ), Sans-serif;font-weight: var( --e-global-typography-text-font-weight );font-size: inherit\">Poder\u00e3o colar grau concluintes do semestre letivo 2023.1 e acad\u00eamicos remanescentes que estejam na lista do DERCA de alunos aptos \u00e0 conclus\u00e3o da gradua\u00e7\u00e3o. O curso de Ci\u00eancias Ambientais, atrav\u00e9s do Departamento de Meio Ambiente e Desenvolvimento &#8211; DMAD, possui 10 discentes aptos a colar grau.&nbsp;<\/span><\/p>\n<p><span style=\"color: #0000ff\"><a style=\"color: #0000ff\" href=\"https:\/\/www2.unifap.br\/derca\/files\/2023\/12\/DMAD.pdf\">CONFIRA LISTA DE DISCENTES AQUI.<\/a><\/span><\/p>\n<p><span style=\"color: #000000\">A Coordena\u00e7\u00e3o do Curso parabeniza os novos cientistas ambientais!<\/span><\/p>\n<p><span style=\"color: #000000\">OBS.: CORES DE FAIXA E ANEL DO CURSO DE CI\u00caNCIAS AMBIENTAIS<\/span><\/p>\n<p><span style=\"color: #000000\">Cores da faixa e anel dos cursos<\/span><\/p>\n<p><span style=\"color: #000000\">A tradi\u00e7\u00e3o dos acad\u00eamicos utilizarem as vestes talares remonta aos s\u00e9culos 12\u00b0 e 13\u00b0, quando as universidades estavam no in\u00edcio do seu desenvolvimento. Naquele per\u00edodo a igreja possu\u00eda grande influ\u00eancia na educa\u00e7\u00e3o. Por isso, a forma de se vestir adotada pelos estudantes era semelhante \u00e0 dos cl\u00e9rigos da religi\u00e3o.<\/span><\/p>\n<p><span style=\"color: #000000\">O Conselho Nacional de Desenvolvimento Cient\u00edfico e Tecnol\u00f3gico (CNPq) n\u00e3o define as cores para cada curso. No entanto, possui uma classifica\u00e7\u00e3o de cores para as \u00e1reas do conhecimento. Assim, as cores do CNPq para os campos do saber est\u00e3o categorizadas da seguinte forma:<\/span><\/p>\n<p><span style=\"color: #000000\">Vermelho&nbsp;\u2013 corresponde \u00e0 inclus\u00e3o de Ci\u00eancias Sociais Aplicadas, Ci\u00eancias Humanas, Lingu\u00edstica e Artes conforme terminologia adotada pelo Censo Educacional do MEC;<\/span><\/p>\n<p><span style=\"color: #000000\">Verde&nbsp;\u2013 corresponde \u00e0 inclus\u00e3o de Ci\u00eancias da Sa\u00fade e Ci\u00eancias Biol\u00f3gicas conforme terminologia adotada pelo Censo educacional do MEC;<\/span><\/p>\n<p><span style=\"color: #000000\">Azul \u2013 corresponde \u00e0 inclus\u00e3o de Ci\u00eancias Exatas e da Terra Ci\u00eancias de Engenharia e Tecnologia conforme terminologia adotada pelo Censo educacional do MEC.<\/span><\/p>\n<p><span style=\"color: #000000\">Assim, embora existam precedentes para o uso da cor verde, pela classifica\u00e7\u00e3o do CNPq, o curso de Ci\u00eancias Ambientais \u00e9 definida pela cor <span style=\"color: #0000ff\"><b>Azul-Escura<\/b><\/span>.<\/span><\/p>\t\t\t\t\t\t\t\t<\/div>\n\t\t\t\t<\/div>\n\t\t\t\t\t<\/div>\n\t\t<\/div>\n\t\t\t\t\t<\/div>\n\t\t<\/section>\n\t\t\t\t<\/div>\n\t\t","protected":false},"excerpt":{"rendered":"<p>Concluintes dos cursos de gradua\u00e7\u00e3o da Universidade Federal do Amap\u00e1 (Unifap) podem preparar a beca e o capelo. A Pr\u00f3-reitoria de Ensino de Gradua\u00e7\u00e3o (Prograd), por meio do Departamento de Registro e Controle Acad\u00eamico (Derca), realizar\u00e1 a Cola\u00e7\u00e3o de Grau Solene no dia 25 de janeiro de 2024, com in\u00edcio \u2026 <a class=\"continue-reading-link\" href=\"http:\/\/www2.unifap.br\/cambientais\/2024\/01\/19\/colacao-de-grau-ciencias-ambientais-janeiro-2024\/\"> Continue Lendo <span class=\"meta-nav\">&rarr; <\/span><\/a><\/p>\n","protected":false},"author":3995,"featured_media":0,"comment_status":"open","ping_status":"open","sticky":false,"template":"","format":"standard","meta":{"inline_featured_image":false,"ngg_post_thumbnail":0,"footnotes":""},"categories":[1],"tags":[],"class_list":["post-4045","post","type-post","status-publish","format-standard","hentry","category-sem-categoria"],"_links":{"self":[{"href":"http:\/\/www2.unifap.br\/cambientais\/wp-json\/wp\/v2\/posts\/4045","targetHints":{"allow":["GET"]}}],"collection":[{"href":"http:\/\/www2.unifap.br\/cambientais\/wp-json\/wp\/v2\/posts"}],"about":[{"href":"http:\/\/www2.unifap.br\/cambientais\/wp-json\/wp\/v2\/types\/post"}],"author":[{"embeddable":true,"href":"http:\/\/www2.unifap.br\/cambientais\/wp-json\/wp\/v2\/users\/3995"}],"replies":[{"embeddable":true,"href":"http:\/\/www2.unifap.br\/cambientais\/wp-json\/wp\/v2\/comments?post=4045"}],"version-history":[{"count":3,"href":"http:\/\/www2.unifap.br\/cambientais\/wp-json\/wp\/v2\/posts\/4045\/revisions"}],"predecessor-version":[{"id":4050,"href":"http:\/\/www2.unifap.br\/cambientais\/wp-json\/wp\/v2\/posts\/4045\/revisions\/4050"}],"wp:attachment":[{"href":"http:\/\/www2.unifap.br\/cambientais\/wp-json\/wp\/v2\/media?parent=4045"}],"wp:term":[{"taxonomy":"category","embeddable":true,"href":"http:\/\/www2.unifap.br\/cambientais\/wp-json\/wp\/v2\/categories?post=4045"},{"taxonomy":"post_tag","embeddable":true,"href":"http:\/\/www2.unifap.br\/cambientais\/wp-json\/wp\/v2\/tags?post=4045"}],"curies":[{"name":"wp","href":"https:\/\/api.w.org\/{rel}","templated":true}]}}