{"id":4092,"date":"2024-03-15T18:09:14","date_gmt":"2024-03-15T18:09:14","guid":{"rendered":"https:\/\/www2.unifap.br\/cambientais\/?p=4092"},"modified":"2024-03-21T23:34:27","modified_gmt":"2024-03-21T23:34:27","slug":"marco-2024-defesas-de-trabalhos-de-conclusao-de-curso-semestre-2023-2","status":"publish","type":"post","link":"http:\/\/www2.unifap.br\/cambientais\/2024\/03\/15\/marco-2024-defesas-de-trabalhos-de-conclusao-de-curso-semestre-2023-2\/","title":{"rendered":"Mar\u00e7o 2024 &#8211; Defesas de Trabalhos de Conclus\u00e3o de Curso &#8211; Semestre 2023.2"},"content":{"rendered":"\t\t<div data-elementor-type=\"wp-post\" data-elementor-id=\"4092\" class=\"elementor elementor-4092\">\n\t\t\t\t\t\t<section class=\"elementor-section elementor-top-section elementor-element elementor-element-f2796e7 elementor-section-boxed elementor-section-height-default elementor-section-height-default\" data-id=\"f2796e7\" data-element_type=\"section\" data-e-type=\"section\">\n\t\t\t\t\t\t<div class=\"elementor-container elementor-column-gap-default\">\n\t\t\t\t\t<div class=\"elementor-column elementor-col-100 elementor-top-column elementor-element elementor-element-4b7012c\" data-id=\"4b7012c\" data-element_type=\"column\" data-e-type=\"column\">\n\t\t\t<div class=\"elementor-widget-wrap elementor-element-populated\">\n\t\t\t\t\t\t<div class=\"elementor-element elementor-element-caf023d elementor-widget elementor-widget-text-editor\" data-id=\"caf023d\" data-element_type=\"widget\" data-e-type=\"widget\" data-widget_type=\"text-editor.default\">\n\t\t\t\t<div class=\"elementor-widget-container\">\n\t\t\t\t\t\t\t\t\t<p><span style=\"color: #000000\">A coordena\u00e7\u00e3o do Curso de Ci\u00eancias Ambientais torna p\u00fablica a agenda de defesas de Trabalho de Conclus\u00e3o de Curso (TCC II) dos discentes abaixo relacionados e que far\u00e3o a sua apresenta\u00e7\u00e3o em Mar\u00e7o de 2024, referente ao semestre 2023.2.\u00a0<\/span><\/p>\t\t\t\t\t\t\t\t<\/div>\n\t\t\t\t<\/div>\n\t\t\t\t\t<\/div>\n\t\t<\/div>\n\t\t\t\t\t<\/div>\n\t\t<\/section>\n\t\t\t\t<section class=\"elementor-section elementor-top-section elementor-element elementor-element-9f728f2 elementor-section-boxed elementor-section-height-default elementor-section-height-default\" data-id=\"9f728f2\" data-element_type=\"section\" data-e-type=\"section\">\n\t\t\t\t\t\t<div class=\"elementor-container elementor-column-gap-default\">\n\t\t\t\t\t<div class=\"elementor-column elementor-col-100 elementor-top-column elementor-element elementor-element-70d6571\" data-id=\"70d6571\" data-element_type=\"column\" data-e-type=\"column\">\n\t\t\t<div class=\"elementor-widget-wrap elementor-element-populated\">\n\t\t\t\t\t\t<div class=\"elementor-element elementor-element-ba67ef6 elementor-widget elementor-widget-image\" data-id=\"ba67ef6\" data-element_type=\"widget\" data-e-type=\"widget\" data-widget_type=\"image.default\">\n\t\t\t\t<div class=\"elementor-widget-container\">\n\t\t\t\t\t\t\t\t\t\t\t\t\t\t\t<img fetchpriority=\"high\" decoding=\"async\" width=\"1218\" height=\"876\" src=\"http:\/\/www2.unifap.br\/cambientais\/files\/2024\/03\/tabela3.png\" class=\"attachment-1536x1536 size-1536x1536 wp-image-4109\" alt=\"\" srcset=\"http:\/\/www2.unifap.br\/cambientais\/files\/2024\/03\/tabela3.png 1218w, http:\/\/www2.unifap.br\/cambientais\/files\/2024\/03\/tabela3-300x216.png 300w, http:\/\/www2.unifap.br\/cambientais\/files\/2024\/03\/tabela3-1024x736.png 1024w, http:\/\/www2.unifap.br\/cambientais\/files\/2024\/03\/tabela3-768x552.png 768w, http:\/\/www2.unifap.br\/cambientais\/files\/2024\/03\/tabela3-150x108.png 150w, http:\/\/www2.unifap.br\/cambientais\/files\/2024\/03\/tabela3-209x150.png 209w\" sizes=\"(max-width: 1218px) 100vw, 1218px\" \/>\t\t\t\t\t\t\t\t\t\t\t\t\t\t\t<\/div>\n\t\t\t\t<\/div>\n\t\t\t\t\t<\/div>\n\t\t<\/div>\n\t\t\t\t\t<\/div>\n\t\t<\/section>\n\t\t\t\t<\/div>\n\t\t","protected":false},"excerpt":{"rendered":"<p>A coordena\u00e7\u00e3o do Curso de Ci\u00eancias Ambientais torna p\u00fablica a agenda de defesas de Trabalho de Conclus\u00e3o de Curso (TCC II) dos discentes abaixo relacionados e que far\u00e3o a sua apresenta\u00e7\u00e3o em Mar\u00e7o de 2024, referente ao semestre 2023.2.\u00a0<\/p>\n","protected":false},"author":3995,"featured_media":0,"comment_status":"open","ping_status":"open","sticky":false,"template":"","format":"standard","meta":{"inline_featured_image":false,"ngg_post_thumbnail":0,"footnotes":""},"categories":[1],"tags":[],"class_list":["post-4092","post","type-post","status-publish","format-standard","hentry","category-sem-categoria"],"_links":{"self":[{"href":"http:\/\/www2.unifap.br\/cambientais\/wp-json\/wp\/v2\/posts\/4092","targetHints":{"allow":["GET"]}}],"collection":[{"href":"http:\/\/www2.unifap.br\/cambientais\/wp-json\/wp\/v2\/posts"}],"about":[{"href":"http:\/\/www2.unifap.br\/cambientais\/wp-json\/wp\/v2\/types\/post"}],"author":[{"embeddable":true,"href":"http:\/\/www2.unifap.br\/cambientais\/wp-json\/wp\/v2\/users\/3995"}],"replies":[{"embeddable":true,"href":"http:\/\/www2.unifap.br\/cambientais\/wp-json\/wp\/v2\/comments?post=4092"}],"version-history":[{"count":15,"href":"http:\/\/www2.unifap.br\/cambientais\/wp-json\/wp\/v2\/posts\/4092\/revisions"}],"predecessor-version":[{"id":4112,"href":"http:\/\/www2.unifap.br\/cambientais\/wp-json\/wp\/v2\/posts\/4092\/revisions\/4112"}],"wp:attachment":[{"href":"http:\/\/www2.unifap.br\/cambientais\/wp-json\/wp\/v2\/media?parent=4092"}],"wp:term":[{"taxonomy":"category","embeddable":true,"href":"http:\/\/www2.unifap.br\/cambientais\/wp-json\/wp\/v2\/categories?post=4092"},{"taxonomy":"post_tag","embeddable":true,"href":"http:\/\/www2.unifap.br\/cambientais\/wp-json\/wp\/v2\/tags?post=4092"}],"curies":[{"name":"wp","href":"https:\/\/api.w.org\/{rel}","templated":true}]}}