{"id":4203,"date":"2024-07-22T19:02:40","date_gmt":"2024-07-22T19:02:40","guid":{"rendered":"https:\/\/www2.unifap.br\/cambientais\/?p=4203"},"modified":"2024-07-22T19:04:59","modified_gmt":"2024-07-22T19:04:59","slug":"doacao-de-laboratorio-movel-eletrico-a-unifap-ciencias-ambientais","status":"publish","type":"post","link":"http:\/\/www2.unifap.br\/cambientais\/2024\/07\/22\/doacao-de-laboratorio-movel-eletrico-a-unifap-ciencias-ambientais\/","title":{"rendered":"Doa\u00e7\u00e3o de laborat\u00f3rio m\u00f3vel el\u00e9trico \u00e0 UNIFAP &#8211; Ci\u00eancias Ambientais"},"content":{"rendered":"\t\t<div data-elementor-type=\"wp-post\" data-elementor-id=\"4203\" class=\"elementor elementor-4203\">\n\t\t\t\t\t\t<section class=\"elementor-section elementor-top-section elementor-element elementor-element-27463c5 elementor-section-boxed elementor-section-height-default elementor-section-height-default\" data-id=\"27463c5\" data-element_type=\"section\" data-e-type=\"section\">\n\t\t\t\t\t\t<div class=\"elementor-container elementor-column-gap-default\">\n\t\t\t\t\t<div class=\"elementor-column elementor-col-100 elementor-top-column elementor-element elementor-element-ced41e3\" data-id=\"ced41e3\" data-element_type=\"column\" data-e-type=\"column\">\n\t\t\t<div class=\"elementor-widget-wrap elementor-element-populated\">\n\t\t\t\t\t\t<div class=\"elementor-element elementor-element-65130d9 elementor-widget elementor-widget-image\" data-id=\"65130d9\" data-element_type=\"widget\" data-e-type=\"widget\" data-widget_type=\"image.default\">\n\t\t\t\t<div class=\"elementor-widget-container\">\n\t\t\t\t\t\t\t\t\t\t\t\t\t\t\t<img fetchpriority=\"high\" decoding=\"async\" width=\"576\" height=\"1024\" src=\"http:\/\/www2.unifap.br\/cambientais\/files\/2024\/07\/IMG-20240722-WA0028-576x1024.jpg\" class=\"attachment-large size-large wp-image-4204\" alt=\"\" srcset=\"http:\/\/www2.unifap.br\/cambientais\/files\/2024\/07\/IMG-20240722-WA0028-576x1024.jpg 576w, http:\/\/www2.unifap.br\/cambientais\/files\/2024\/07\/IMG-20240722-WA0028-169x300.jpg 169w, http:\/\/www2.unifap.br\/cambientais\/files\/2024\/07\/IMG-20240722-WA0028-768x1365.jpg 768w, http:\/\/www2.unifap.br\/cambientais\/files\/2024\/07\/IMG-20240722-WA0028-864x1536.jpg 864w, http:\/\/www2.unifap.br\/cambientais\/files\/2024\/07\/IMG-20240722-WA0028-84x150.jpg 84w, http:\/\/www2.unifap.br\/cambientais\/files\/2024\/07\/IMG-20240722-WA0028.jpg 900w\" sizes=\"(max-width: 576px) 100vw, 576px\" \/>\t\t\t\t\t\t\t\t\t\t\t\t\t\t\t<\/div>\n\t\t\t\t<\/div>\n\t\t\t\t\t<\/div>\n\t\t<\/div>\n\t\t\t\t\t<\/div>\n\t\t<\/section>\n\t\t\t\t<\/div>\n\t\t","protected":false},"excerpt":{"rendered":"","protected":false},"author":3995,"featured_media":0,"comment_status":"open","ping_status":"open","sticky":false,"template":"","format":"standard","meta":{"inline_featured_image":false,"ngg_post_thumbnail":0,"footnotes":""},"categories":[1],"tags":[],"class_list":["post-4203","post","type-post","status-publish","format-standard","hentry","category-sem-categoria"],"_links":{"self":[{"href":"http:\/\/www2.unifap.br\/cambientais\/wp-json\/wp\/v2\/posts\/4203","targetHints":{"allow":["GET"]}}],"collection":[{"href":"http:\/\/www2.unifap.br\/cambientais\/wp-json\/wp\/v2\/posts"}],"about":[{"href":"http:\/\/www2.unifap.br\/cambientais\/wp-json\/wp\/v2\/types\/post"}],"author":[{"embeddable":true,"href":"http:\/\/www2.unifap.br\/cambientais\/wp-json\/wp\/v2\/users\/3995"}],"replies":[{"embeddable":true,"href":"http:\/\/www2.unifap.br\/cambientais\/wp-json\/wp\/v2\/comments?post=4203"}],"version-history":[{"count":3,"href":"http:\/\/www2.unifap.br\/cambientais\/wp-json\/wp\/v2\/posts\/4203\/revisions"}],"predecessor-version":[{"id":4207,"href":"http:\/\/www2.unifap.br\/cambientais\/wp-json\/wp\/v2\/posts\/4203\/revisions\/4207"}],"wp:attachment":[{"href":"http:\/\/www2.unifap.br\/cambientais\/wp-json\/wp\/v2\/media?parent=4203"}],"wp:term":[{"taxonomy":"category","embeddable":true,"href":"http:\/\/www2.unifap.br\/cambientais\/wp-json\/wp\/v2\/categories?post=4203"},{"taxonomy":"post_tag","embeddable":true,"href":"http:\/\/www2.unifap.br\/cambientais\/wp-json\/wp\/v2\/tags?post=4203"}],"curies":[{"name":"wp","href":"https:\/\/api.w.org\/{rel}","templated":true}]}}