{"id":4307,"date":"2024-09-02T13:43:10","date_gmt":"2024-09-02T13:43:10","guid":{"rendered":"https:\/\/www2.unifap.br\/cambientais\/?p=4307"},"modified":"2024-09-02T14:00:35","modified_gmt":"2024-09-02T14:00:35","slug":"eco-junior-participa-do-enej-2024-florianopolis-sc","status":"publish","type":"post","link":"http:\/\/www2.unifap.br\/cambientais\/2024\/09\/02\/eco-junior-participa-do-enej-2024-florianopolis-sc\/","title":{"rendered":"Eco-J\u00fanior participa do ENEJ 2024 &#8211; Florian\u00f3polis\/SC"},"content":{"rendered":"\t\t<div data-elementor-type=\"wp-post\" data-elementor-id=\"4307\" class=\"elementor elementor-4307\">\n\t\t\t\t\t\t<section class=\"elementor-section elementor-top-section elementor-element elementor-element-e0cfea0 elementor-section-boxed elementor-section-height-default elementor-section-height-default\" data-id=\"e0cfea0\" data-element_type=\"section\" data-e-type=\"section\">\n\t\t\t\t\t\t<div class=\"elementor-container elementor-column-gap-default\">\n\t\t\t\t\t<div class=\"elementor-column elementor-col-100 elementor-top-column elementor-element elementor-element-82cedb1\" data-id=\"82cedb1\" data-element_type=\"column\" data-e-type=\"column\">\n\t\t\t<div class=\"elementor-widget-wrap elementor-element-populated\">\n\t\t\t\t\t\t<div class=\"elementor-element elementor-element-7e31a0e elementor-widget elementor-widget-text-editor\" data-id=\"7e31a0e\" data-element_type=\"widget\" data-e-type=\"widget\" data-widget_type=\"text-editor.default\">\n\t\t\t\t<div class=\"elementor-widget-container\">\n\t\t\t\t\t\t\t\t\t<p><span style=\"color: #000000\">A empresa j\u00fanior (EJ) do curso de bacharelado em Ci\u00eancias Ambientais, ECO-J\u00daNIOR, atrav\u00e9s do seu atual&nbsp; presidente Thiago Lameira, est\u00e1 participando do Encontro Nacional das Empresas Juniores.&nbsp;<\/span><span style=\"color: #000000\">O maior evento de empreendedorismo universit\u00e1rio do pa\u00eds, o 31\u00ba Encontro Nacional de Empresas Juniores (ENEJ) ocorre de 29 de agosto a 1 de setembro de 2024.<\/span><\/p>\n<p><span style=\"color: #000000\">\u00danica representante do estado do Amap\u00e1 no ENEJ,&nbsp; a Eco-J\u00fanior vem se desenvolvendo dentro de um espa\u00e7o cada vez mais necess\u00e1rio de preocupa\u00e7\u00e3o com o meio ambiente e tem forte papel na forma\u00e7\u00e3o dos futuros cientistas ambientais e empreendedores com a marca da sustentabilidade. <\/span><\/p>\n<p><span style=\"color: #000000\">Nesta edi\u00e7\u00e3o do ENEJ, h\u00e1 a participa\u00e7\u00e3o in\u00e9dita de representantes dos 27 estados brasileiros. A experi\u00eancia&nbsp; da Eco-J\u00fanior neste evento servir\u00e1 para criar oportunidades e discutir solu\u00e7\u00f5es de empreendedorismo nas universidades, incentivando a imers\u00e3o dos jovens no mercado de trabalho. &#8220;<i>Nosso foco \u00e9 adquirir conhecimentos que possibilitem transformar a nossa forma\u00e7\u00e3o e causar um impacto positivo para todo o estado do Amap\u00e1<\/i>&#8220;, comenta Thiago Lameira.&nbsp;<\/span><\/p>\n<p><span style=\"color: #000000\">A Eco-Junior, EJ do Curso de Ci\u00eancias Ambientais da UNIFAP, rec\u00e9m fundada em 2024, caminha para a sedimenta\u00e7\u00e3o dos conhecimentos desenvolvidos e trabalhados ao longo do curso e a sua aplica\u00e7\u00e3o no mundo do trabalho.<\/span><\/p>\n<p><\/p>\n<h2><strong><span style=\"color: #000000\">O que \u00e9 uma empresa J\u00fanior?<\/span><\/strong><\/h2>\n<p><span style=\"color: #000000\">Empresa J\u00fanior \u00e9 uma associa\u00e7\u00e3o civil sem fins lucrativos, formada e gerida por alunos de um curso superior, cujos principais objetivos s\u00e3o:<\/span><\/p>\n<ul>\n<li><span style=\"color: #000000;font-family: var( --e-global-typography-text-font-family ), Sans-serif;font-weight: var( --e-global-typography-text-font-weight );font-size: inherit\">Fomentar o aprendizado pr\u00e1tico do universit\u00e1rio em sua \u00e1rea de atua\u00e7\u00e3o;<\/span><\/li>\n<li><span style=\"color: #000000;font-family: var( --e-global-typography-text-font-family ), Sans-serif;font-weight: var( --e-global-typography-text-font-weight );font-size: inherit\">Aproximar o mercado de trabalho das academias e os pr\u00f3prios acad\u00eamicos;<\/span><\/li>\n<li><span style=\"color: #000000;font-family: var( --e-global-typography-text-font-family ), Sans-serif;font-weight: var( --e-global-typography-text-font-weight );font-size: inherit\">Gerir com autonomia em rela\u00e7\u00e3o \u00e0 dire\u00e7\u00e3o da faculdade ou centro acad\u00eamico;<\/span><\/li>\n<li><span style=\"color: #000000;font-family: var( --e-global-typography-text-font-family ), Sans-serif;font-weight: var( --e-global-typography-text-font-weight );font-size: inherit\">Elaborar projetos de consultoria na \u00e1rea de forma\u00e7\u00e3o dos alunos.<\/span><\/li>\n<\/ul>\t\t\t\t\t\t\t\t<\/div>\n\t\t\t\t<\/div>\n\t\t\t\t<div class=\"elementor-element elementor-element-dae25b8 elementor-widget elementor-widget-image\" data-id=\"dae25b8\" data-element_type=\"widget\" data-e-type=\"widget\" data-widget_type=\"image.default\">\n\t\t\t\t<div class=\"elementor-widget-container\">\n\t\t\t\t\t\t\t\t\t\t\t\t\t\t\t<img fetchpriority=\"high\" decoding=\"async\" width=\"800\" height=\"370\" src=\"http:\/\/www2.unifap.br\/cambientais\/files\/2024\/09\/Imagem-do-WhatsApp-de-2024-08-30-as-11.25.39_e932e126-1024x473.jpg\" class=\"attachment-large size-large wp-image-4308\" alt=\"\" srcset=\"http:\/\/www2.unifap.br\/cambientais\/files\/2024\/09\/Imagem-do-WhatsApp-de-2024-08-30-as-11.25.39_e932e126-1024x473.jpg 1024w, http:\/\/www2.unifap.br\/cambientais\/files\/2024\/09\/Imagem-do-WhatsApp-de-2024-08-30-as-11.25.39_e932e126-300x139.jpg 300w, http:\/\/www2.unifap.br\/cambientais\/files\/2024\/09\/Imagem-do-WhatsApp-de-2024-08-30-as-11.25.39_e932e126-768x355.jpg 768w, http:\/\/www2.unifap.br\/cambientais\/files\/2024\/09\/Imagem-do-WhatsApp-de-2024-08-30-as-11.25.39_e932e126-1536x710.jpg 1536w, http:\/\/www2.unifap.br\/cambientais\/files\/2024\/09\/Imagem-do-WhatsApp-de-2024-08-30-as-11.25.39_e932e126-2048x946.jpg 2048w, http:\/\/www2.unifap.br\/cambientais\/files\/2024\/09\/Imagem-do-WhatsApp-de-2024-08-30-as-11.25.39_e932e126-150x69.jpg 150w, http:\/\/www2.unifap.br\/cambientais\/files\/2024\/09\/Imagem-do-WhatsApp-de-2024-08-30-as-11.25.39_e932e126-250x116.jpg 250w\" sizes=\"(max-width: 800px) 100vw, 800px\" \/>\t\t\t\t\t\t\t\t\t\t\t\t\t\t\t<\/div>\n\t\t\t\t<\/div>\n\t\t\t\t<div class=\"elementor-element elementor-element-99907a4 elementor-widget elementor-widget-image\" data-id=\"99907a4\" data-element_type=\"widget\" data-e-type=\"widget\" data-widget_type=\"image.default\">\n\t\t\t\t<div class=\"elementor-widget-container\">\n\t\t\t\t\t\t\t\t\t\t\t\t\t\t\t<img decoding=\"async\" width=\"768\" height=\"1024\" src=\"http:\/\/www2.unifap.br\/cambientais\/files\/2024\/09\/Imagem-do-WhatsApp-de-2024-08-30-as-11.25.14_99206f74-768x1024.jpg\" class=\"attachment-large size-large wp-image-4309\" alt=\"\" srcset=\"http:\/\/www2.unifap.br\/cambientais\/files\/2024\/09\/Imagem-do-WhatsApp-de-2024-08-30-as-11.25.14_99206f74-768x1024.jpg 768w, http:\/\/www2.unifap.br\/cambientais\/files\/2024\/09\/Imagem-do-WhatsApp-de-2024-08-30-as-11.25.14_99206f74-225x300.jpg 225w, http:\/\/www2.unifap.br\/cambientais\/files\/2024\/09\/Imagem-do-WhatsApp-de-2024-08-30-as-11.25.14_99206f74-113x150.jpg 113w, http:\/\/www2.unifap.br\/cambientais\/files\/2024\/09\/Imagem-do-WhatsApp-de-2024-08-30-as-11.25.14_99206f74.jpg 960w\" sizes=\"(max-width: 768px) 100vw, 768px\" \/>\t\t\t\t\t\t\t\t\t\t\t\t\t\t\t<\/div>\n\t\t\t\t<\/div>\n\t\t\t\t<div class=\"elementor-element elementor-element-0b511d4 elementor-widget elementor-widget-image\" data-id=\"0b511d4\" data-element_type=\"widget\" data-e-type=\"widget\" data-widget_type=\"image.default\">\n\t\t\t\t<div class=\"elementor-widget-container\">\n\t\t\t\t\t\t\t\t\t\t\t\t\t\t\t<img decoding=\"async\" width=\"576\" height=\"1024\" src=\"http:\/\/www2.unifap.br\/cambientais\/files\/2024\/09\/Imagem-do-WhatsApp-de-2024-08-30-as-11.25.14_5584b226-576x1024.jpg\" class=\"attachment-large size-large wp-image-4310\" alt=\"\" srcset=\"http:\/\/www2.unifap.br\/cambientais\/files\/2024\/09\/Imagem-do-WhatsApp-de-2024-08-30-as-11.25.14_5584b226-576x1024.jpg 576w, http:\/\/www2.unifap.br\/cambientais\/files\/2024\/09\/Imagem-do-WhatsApp-de-2024-08-30-as-11.25.14_5584b226-169x300.jpg 169w, http:\/\/www2.unifap.br\/cambientais\/files\/2024\/09\/Imagem-do-WhatsApp-de-2024-08-30-as-11.25.14_5584b226-768x1366.jpg 768w, http:\/\/www2.unifap.br\/cambientais\/files\/2024\/09\/Imagem-do-WhatsApp-de-2024-08-30-as-11.25.14_5584b226-864x1536.jpg 864w, http:\/\/www2.unifap.br\/cambientais\/files\/2024\/09\/Imagem-do-WhatsApp-de-2024-08-30-as-11.25.14_5584b226-84x150.jpg 84w, http:\/\/www2.unifap.br\/cambientais\/files\/2024\/09\/Imagem-do-WhatsApp-de-2024-08-30-as-11.25.14_5584b226.jpg 899w\" sizes=\"(max-width: 576px) 100vw, 576px\" \/>\t\t\t\t\t\t\t\t\t\t\t\t\t\t\t<\/div>\n\t\t\t\t<\/div>\n\t\t\t\t\t<\/div>\n\t\t<\/div>\n\t\t\t\t\t<\/div>\n\t\t<\/section>\n\t\t\t\t<section class=\"elementor-section elementor-top-section elementor-element elementor-element-8a9e8a1 elementor-section-boxed elementor-section-height-default elementor-section-height-default\" data-id=\"8a9e8a1\" data-element_type=\"section\" data-e-type=\"section\">\n\t\t\t\t\t\t<div class=\"elementor-container elementor-column-gap-default\">\n\t\t\t\t\t<div class=\"elementor-column elementor-col-100 elementor-top-column elementor-element elementor-element-a469003\" data-id=\"a469003\" data-element_type=\"column\" data-e-type=\"column\">\n\t\t\t<div class=\"elementor-widget-wrap elementor-element-populated\">\n\t\t\t\t\t\t<div class=\"elementor-element elementor-element-147f80b elementor-widget elementor-widget-text-editor\" data-id=\"147f80b\" data-element_type=\"widget\" data-e-type=\"widget\" data-widget_type=\"text-editor.default\">\n\t\t\t\t<div class=\"elementor-widget-container\">\n\t\t\t\t\t\t\t\t\t<p style=\"text-align: center\">Thiago Lameira, presidente ECO-JUNIOR no ano de 2024<\/p>\t\t\t\t\t\t\t\t<\/div>\n\t\t\t\t<\/div>\n\t\t\t\t\t<\/div>\n\t\t<\/div>\n\t\t\t\t\t<\/div>\n\t\t<\/section>\n\t\t\t\t<\/div>\n\t\t","protected":false},"excerpt":{"rendered":"<p>A empresa j\u00fanior (EJ) do curso de bacharelado em Ci\u00eancias Ambientais, ECO-J\u00daNIOR, atrav\u00e9s do seu atual&nbsp; presidente Thiago Lameira, est\u00e1 participando do Encontro Nacional das Empresas Juniores.&nbsp;O maior evento de empreendedorismo universit\u00e1rio do pa\u00eds, o 31\u00ba Encontro Nacional de Empresas Juniores (ENEJ) ocorre de 29 de agosto a 1 de \u2026 <a class=\"continue-reading-link\" href=\"http:\/\/www2.unifap.br\/cambientais\/2024\/09\/02\/eco-junior-participa-do-enej-2024-florianopolis-sc\/\"> Continue Lendo <span class=\"meta-nav\">&rarr; <\/span><\/a><\/p>\n","protected":false},"author":3995,"featured_media":0,"comment_status":"open","ping_status":"open","sticky":false,"template":"","format":"standard","meta":{"inline_featured_image":false,"ngg_post_thumbnail":0,"footnotes":""},"categories":[1],"tags":[],"class_list":["post-4307","post","type-post","status-publish","format-standard","hentry","category-sem-categoria"],"_links":{"self":[{"href":"http:\/\/www2.unifap.br\/cambientais\/wp-json\/wp\/v2\/posts\/4307","targetHints":{"allow":["GET"]}}],"collection":[{"href":"http:\/\/www2.unifap.br\/cambientais\/wp-json\/wp\/v2\/posts"}],"about":[{"href":"http:\/\/www2.unifap.br\/cambientais\/wp-json\/wp\/v2\/types\/post"}],"author":[{"embeddable":true,"href":"http:\/\/www2.unifap.br\/cambientais\/wp-json\/wp\/v2\/users\/3995"}],"replies":[{"embeddable":true,"href":"http:\/\/www2.unifap.br\/cambientais\/wp-json\/wp\/v2\/comments?post=4307"}],"version-history":[{"count":6,"href":"http:\/\/www2.unifap.br\/cambientais\/wp-json\/wp\/v2\/posts\/4307\/revisions"}],"predecessor-version":[{"id":4316,"href":"http:\/\/www2.unifap.br\/cambientais\/wp-json\/wp\/v2\/posts\/4307\/revisions\/4316"}],"wp:attachment":[{"href":"http:\/\/www2.unifap.br\/cambientais\/wp-json\/wp\/v2\/media?parent=4307"}],"wp:term":[{"taxonomy":"category","embeddable":true,"href":"http:\/\/www2.unifap.br\/cambientais\/wp-json\/wp\/v2\/categories?post=4307"},{"taxonomy":"post_tag","embeddable":true,"href":"http:\/\/www2.unifap.br\/cambientais\/wp-json\/wp\/v2\/tags?post=4307"}],"curies":[{"name":"wp","href":"https:\/\/api.w.org\/{rel}","templated":true}]}}