{"id":4428,"date":"2024-10-14T20:52:53","date_gmt":"2024-10-14T20:52:53","guid":{"rendered":"https:\/\/www2.unifap.br\/cambientais\/?p=4428"},"modified":"2024-10-14T20:53:29","modified_gmt":"2024-10-14T20:53:29","slug":"outubro-2024-visita-tecnica-de-discentes-e-docentes-em-laboratorio-de-tratamento-de-agua","status":"publish","type":"post","link":"http:\/\/www2.unifap.br\/cambientais\/2024\/10\/14\/outubro-2024-visita-tecnica-de-discentes-e-docentes-em-laboratorio-de-tratamento-de-agua\/","title":{"rendered":"[Outubro 2024]  -Visita t\u00e9cnica de discentes e docentes em laborat\u00f3rio de tratamento de \u00e1gua"},"content":{"rendered":"\t\t<div data-elementor-type=\"wp-post\" data-elementor-id=\"4428\" class=\"elementor elementor-4428\">\n\t\t\t\t\t\t<section class=\"elementor-section elementor-top-section elementor-element elementor-element-79e65a4 elementor-section-boxed elementor-section-height-default elementor-section-height-default\" data-id=\"79e65a4\" data-element_type=\"section\" data-e-type=\"section\">\n\t\t\t\t\t\t<div class=\"elementor-container elementor-column-gap-default\">\n\t\t\t\t\t<div class=\"elementor-column elementor-col-33 elementor-top-column elementor-element elementor-element-025bb11\" data-id=\"025bb11\" data-element_type=\"column\" data-e-type=\"column\">\n\t\t\t<div class=\"elementor-widget-wrap elementor-element-populated\">\n\t\t\t\t\t\t<div class=\"elementor-element elementor-element-1b4ed20 elementor-widget elementor-widget-image\" data-id=\"1b4ed20\" data-element_type=\"widget\" data-e-type=\"widget\" data-widget_type=\"image.default\">\n\t\t\t\t<div class=\"elementor-widget-container\">\n\t\t\t\t\t\t\t\t\t\t\t\t\t\t\t<img fetchpriority=\"high\" decoding=\"async\" width=\"800\" height=\"600\" src=\"http:\/\/www2.unifap.br\/cambientais\/files\/2024\/10\/Imagem-do-WhatsApp-de-2024-10-11-as-18.21.11_25e0d4a6-1024x768.jpg\" class=\"attachment-large size-large wp-image-4431\" alt=\"\" srcset=\"http:\/\/www2.unifap.br\/cambientais\/files\/2024\/10\/Imagem-do-WhatsApp-de-2024-10-11-as-18.21.11_25e0d4a6-1024x768.jpg 1024w, http:\/\/www2.unifap.br\/cambientais\/files\/2024\/10\/Imagem-do-WhatsApp-de-2024-10-11-as-18.21.11_25e0d4a6-300x225.jpg 300w, http:\/\/www2.unifap.br\/cambientais\/files\/2024\/10\/Imagem-do-WhatsApp-de-2024-10-11-as-18.21.11_25e0d4a6-768x576.jpg 768w, http:\/\/www2.unifap.br\/cambientais\/files\/2024\/10\/Imagem-do-WhatsApp-de-2024-10-11-as-18.21.11_25e0d4a6-150x113.jpg 150w, http:\/\/www2.unifap.br\/cambientais\/files\/2024\/10\/Imagem-do-WhatsApp-de-2024-10-11-as-18.21.11_25e0d4a6-200x150.jpg 200w, http:\/\/www2.unifap.br\/cambientais\/files\/2024\/10\/Imagem-do-WhatsApp-de-2024-10-11-as-18.21.11_25e0d4a6.jpg 1280w\" sizes=\"(max-width: 800px) 100vw, 800px\" \/>\t\t\t\t\t\t\t\t\t\t\t\t\t\t\t<\/div>\n\t\t\t\t<\/div>\n\t\t\t\t\t<\/div>\n\t\t<\/div>\n\t\t\t\t<div class=\"elementor-column elementor-col-33 elementor-top-column elementor-element elementor-element-d53bf89\" data-id=\"d53bf89\" data-element_type=\"column\" data-e-type=\"column\">\n\t\t\t<div class=\"elementor-widget-wrap elementor-element-populated\">\n\t\t\t\t\t\t<div class=\"elementor-element elementor-element-f443278 elementor-widget elementor-widget-image\" data-id=\"f443278\" data-element_type=\"widget\" data-e-type=\"widget\" data-widget_type=\"image.default\">\n\t\t\t\t<div class=\"elementor-widget-container\">\n\t\t\t\t\t\t\t\t\t\t\t\t\t\t\t<img decoding=\"async\" width=\"800\" height=\"600\" src=\"http:\/\/www2.unifap.br\/cambientais\/files\/2024\/10\/Imagem-do-WhatsApp-de-2024-10-11-as-18.21.12_01fabdb5-1024x768.jpg\" class=\"attachment-large size-large wp-image-4429\" alt=\"\" srcset=\"http:\/\/www2.unifap.br\/cambientais\/files\/2024\/10\/Imagem-do-WhatsApp-de-2024-10-11-as-18.21.12_01fabdb5-1024x768.jpg 1024w, http:\/\/www2.unifap.br\/cambientais\/files\/2024\/10\/Imagem-do-WhatsApp-de-2024-10-11-as-18.21.12_01fabdb5-300x225.jpg 300w, http:\/\/www2.unifap.br\/cambientais\/files\/2024\/10\/Imagem-do-WhatsApp-de-2024-10-11-as-18.21.12_01fabdb5-768x576.jpg 768w, http:\/\/www2.unifap.br\/cambientais\/files\/2024\/10\/Imagem-do-WhatsApp-de-2024-10-11-as-18.21.12_01fabdb5-150x113.jpg 150w, http:\/\/www2.unifap.br\/cambientais\/files\/2024\/10\/Imagem-do-WhatsApp-de-2024-10-11-as-18.21.12_01fabdb5-200x150.jpg 200w, http:\/\/www2.unifap.br\/cambientais\/files\/2024\/10\/Imagem-do-WhatsApp-de-2024-10-11-as-18.21.12_01fabdb5.jpg 1280w\" sizes=\"(max-width: 800px) 100vw, 800px\" \/>\t\t\t\t\t\t\t\t\t\t\t\t\t\t\t<\/div>\n\t\t\t\t<\/div>\n\t\t\t\t\t<\/div>\n\t\t<\/div>\n\t\t\t\t<div class=\"elementor-column elementor-col-33 elementor-top-column elementor-element elementor-element-ddf82ab\" data-id=\"ddf82ab\" data-element_type=\"column\" data-e-type=\"column\">\n\t\t\t<div class=\"elementor-widget-wrap elementor-element-populated\">\n\t\t\t\t\t\t<div class=\"elementor-element elementor-element-42bdd3e elementor-widget elementor-widget-image\" data-id=\"42bdd3e\" data-element_type=\"widget\" data-e-type=\"widget\" data-widget_type=\"image.default\">\n\t\t\t\t<div class=\"elementor-widget-container\">\n\t\t\t\t\t\t\t\t\t\t\t\t\t\t\t<img decoding=\"async\" width=\"800\" height=\"600\" src=\"http:\/\/www2.unifap.br\/cambientais\/files\/2024\/10\/Imagem-do-WhatsApp-de-2024-10-11-as-18.21.11_c84a9587-1024x768.jpg\" class=\"attachment-large size-large wp-image-4430\" alt=\"\" srcset=\"http:\/\/www2.unifap.br\/cambientais\/files\/2024\/10\/Imagem-do-WhatsApp-de-2024-10-11-as-18.21.11_c84a9587-1024x768.jpg 1024w, http:\/\/www2.unifap.br\/cambientais\/files\/2024\/10\/Imagem-do-WhatsApp-de-2024-10-11-as-18.21.11_c84a9587-300x225.jpg 300w, http:\/\/www2.unifap.br\/cambientais\/files\/2024\/10\/Imagem-do-WhatsApp-de-2024-10-11-as-18.21.11_c84a9587-768x576.jpg 768w, http:\/\/www2.unifap.br\/cambientais\/files\/2024\/10\/Imagem-do-WhatsApp-de-2024-10-11-as-18.21.11_c84a9587-150x113.jpg 150w, http:\/\/www2.unifap.br\/cambientais\/files\/2024\/10\/Imagem-do-WhatsApp-de-2024-10-11-as-18.21.11_c84a9587-200x150.jpg 200w, http:\/\/www2.unifap.br\/cambientais\/files\/2024\/10\/Imagem-do-WhatsApp-de-2024-10-11-as-18.21.11_c84a9587.jpg 1280w\" sizes=\"(max-width: 800px) 100vw, 800px\" \/>\t\t\t\t\t\t\t\t\t\t\t\t\t\t\t<\/div>\n\t\t\t\t<\/div>\n\t\t\t\t\t<\/div>\n\t\t<\/div>\n\t\t\t\t\t<\/div>\n\t\t<\/section>\n\t\t\t\t<section class=\"elementor-section elementor-top-section elementor-element elementor-element-626d312 elementor-section-boxed elementor-section-height-default elementor-section-height-default\" data-id=\"626d312\" data-element_type=\"section\" data-e-type=\"section\">\n\t\t\t\t\t\t<div class=\"elementor-container elementor-column-gap-default\">\n\t\t\t\t\t<div class=\"elementor-column elementor-col-100 elementor-top-column elementor-element elementor-element-6eda764\" data-id=\"6eda764\" data-element_type=\"column\" data-e-type=\"column\">\n\t\t\t<div class=\"elementor-widget-wrap elementor-element-populated\">\n\t\t\t\t\t\t<div class=\"elementor-element elementor-element-f96396c elementor-widget elementor-widget-text-editor\" data-id=\"f96396c\" data-element_type=\"widget\" data-e-type=\"widget\" data-widget_type=\"text-editor.default\">\n\t\t\t\t<div class=\"elementor-widget-container\">\n\t\t\t\t\t\t\t\t\t<h3>No dia 11\/10\/2024, discentes do curso de Ci\u00eancias Ambientais fizeram uma visita t\u00e9cnica a um laborat\u00f3rio de tratamento de \u00e1gua no munic\u00edpio de Santana\/AP de forma a colocar em pr\u00e1tica conhecimentos adquiridos na disciplina de Saneamento Ambiental. A visita ocorreu sob responsabilidade das professoras Karina Valverde e G\u00e9ssica Santos.<\/h3><div>\u00a0<\/div><div style=\"text-align: center\"><em>Agradecimentos especiais ao\u00a0<span style=\"color: #0000ff\"><a style=\"color: #0000ff\" href=\"https:\/\/www.instagram.com\/mazodan.mzd\/\" target=\"_blank\" rel=\"noopener\">Laborat\u00f3rio Mazodan<\/a><\/span>\u00a0por receber a equipe de alunos e professores.<\/em><\/div>\t\t\t\t\t\t\t\t<\/div>\n\t\t\t\t<\/div>\n\t\t\t\t\t<\/div>\n\t\t<\/div>\n\t\t\t\t\t<\/div>\n\t\t<\/section>\n\t\t\t\t<\/div>\n\t\t","protected":false},"excerpt":{"rendered":"<p>No dia 11\/10\/2024, discentes do curso de Ci\u00eancias Ambientais fizeram uma visita t\u00e9cnica a um laborat\u00f3rio de tratamento de \u00e1gua no munic\u00edpio de Santana\/AP de forma a colocar em pr\u00e1tica conhecimentos adquiridos na disciplina de Saneamento Ambiental. A visita ocorreu sob responsabilidade das professoras Karina Valverde e G\u00e9ssica Santos. \u00a0Agradecimentos \u2026 <a class=\"continue-reading-link\" href=\"http:\/\/www2.unifap.br\/cambientais\/2024\/10\/14\/outubro-2024-visita-tecnica-de-discentes-e-docentes-em-laboratorio-de-tratamento-de-agua\/\"> Continue Lendo <span class=\"meta-nav\">&rarr; <\/span><\/a><\/p>\n","protected":false},"author":3995,"featured_media":0,"comment_status":"open","ping_status":"open","sticky":false,"template":"","format":"standard","meta":{"inline_featured_image":false,"ngg_post_thumbnail":0,"footnotes":""},"categories":[1],"tags":[],"class_list":["post-4428","post","type-post","status-publish","format-standard","hentry","category-sem-categoria"],"_links":{"self":[{"href":"http:\/\/www2.unifap.br\/cambientais\/wp-json\/wp\/v2\/posts\/4428","targetHints":{"allow":["GET"]}}],"collection":[{"href":"http:\/\/www2.unifap.br\/cambientais\/wp-json\/wp\/v2\/posts"}],"about":[{"href":"http:\/\/www2.unifap.br\/cambientais\/wp-json\/wp\/v2\/types\/post"}],"author":[{"embeddable":true,"href":"http:\/\/www2.unifap.br\/cambientais\/wp-json\/wp\/v2\/users\/3995"}],"replies":[{"embeddable":true,"href":"http:\/\/www2.unifap.br\/cambientais\/wp-json\/wp\/v2\/comments?post=4428"}],"version-history":[{"count":3,"href":"http:\/\/www2.unifap.br\/cambientais\/wp-json\/wp\/v2\/posts\/4428\/revisions"}],"predecessor-version":[{"id":4434,"href":"http:\/\/www2.unifap.br\/cambientais\/wp-json\/wp\/v2\/posts\/4428\/revisions\/4434"}],"wp:attachment":[{"href":"http:\/\/www2.unifap.br\/cambientais\/wp-json\/wp\/v2\/media?parent=4428"}],"wp:term":[{"taxonomy":"category","embeddable":true,"href":"http:\/\/www2.unifap.br\/cambientais\/wp-json\/wp\/v2\/categories?post=4428"},{"taxonomy":"post_tag","embeddable":true,"href":"http:\/\/www2.unifap.br\/cambientais\/wp-json\/wp\/v2\/tags?post=4428"}],"curies":[{"name":"wp","href":"https:\/\/api.w.org\/{rel}","templated":true}]}}