{"id":4436,"date":"2024-10-21T11:16:25","date_gmt":"2024-10-21T11:16:25","guid":{"rendered":"https:\/\/www2.unifap.br\/cambientais\/?p=4436"},"modified":"2024-10-21T11:55:28","modified_gmt":"2024-10-21T11:55:28","slug":"xiii-conaic-discentes-de-ciencias-ambientais-premiados-com-destaque-academico-em-seus-projetos","status":"publish","type":"post","link":"http:\/\/www2.unifap.br\/cambientais\/2024\/10\/21\/xiii-conaic-discentes-de-ciencias-ambientais-premiados-com-destaque-academico-em-seus-projetos\/","title":{"rendered":"XIII CONAIC &#8211; discentes de Ci\u00eancias Ambientais premiados com destaque acad\u00eamico em seus projetos"},"content":{"rendered":"\t\t<div data-elementor-type=\"wp-post\" data-elementor-id=\"4436\" class=\"elementor elementor-4436\">\n\t\t\t\t\t\t<section class=\"elementor-section elementor-top-section elementor-element elementor-element-e3d851e elementor-section-boxed elementor-section-height-default elementor-section-height-default\" data-id=\"e3d851e\" data-element_type=\"section\" data-e-type=\"section\">\n\t\t\t\t\t\t<div class=\"elementor-container elementor-column-gap-default\">\n\t\t\t\t\t<div class=\"elementor-column elementor-col-100 elementor-top-column elementor-element elementor-element-eb41d7e\" data-id=\"eb41d7e\" data-element_type=\"column\" data-e-type=\"column\">\n\t\t\t<div class=\"elementor-widget-wrap elementor-element-populated\">\n\t\t\t\t\t\t<div class=\"elementor-element elementor-element-789c206 elementor-widget elementor-widget-image\" data-id=\"789c206\" data-element_type=\"widget\" data-e-type=\"widget\" data-widget_type=\"image.default\">\n\t\t\t\t<div class=\"elementor-widget-container\">\n\t\t\t\t\t\t\t\t\t\t\t\t\t\t\t<img fetchpriority=\"high\" decoding=\"async\" width=\"800\" height=\"600\" src=\"https:\/\/www2.unifap.br\/cambientais\/files\/2024\/10\/Imagem-do-WhatsApp-de-2024-10-19-as-17.23.48_e20938ca-1024x768.jpg\" class=\"attachment-large size-large wp-image-4443\" alt=\"\" srcset=\"https:\/\/www2.unifap.br\/cambientais\/files\/2024\/10\/Imagem-do-WhatsApp-de-2024-10-19-as-17.23.48_e20938ca-1024x768.jpg 1024w, https:\/\/www2.unifap.br\/cambientais\/files\/2024\/10\/Imagem-do-WhatsApp-de-2024-10-19-as-17.23.48_e20938ca-300x225.jpg 300w, https:\/\/www2.unifap.br\/cambientais\/files\/2024\/10\/Imagem-do-WhatsApp-de-2024-10-19-as-17.23.48_e20938ca-768x576.jpg 768w, https:\/\/www2.unifap.br\/cambientais\/files\/2024\/10\/Imagem-do-WhatsApp-de-2024-10-19-as-17.23.48_e20938ca-150x113.jpg 150w, https:\/\/www2.unifap.br\/cambientais\/files\/2024\/10\/Imagem-do-WhatsApp-de-2024-10-19-as-17.23.48_e20938ca-200x150.jpg 200w, https:\/\/www2.unifap.br\/cambientais\/files\/2024\/10\/Imagem-do-WhatsApp-de-2024-10-19-as-17.23.48_e20938ca.jpg 1280w\" sizes=\"(max-width: 800px) 100vw, 800px\" \/>\t\t\t\t\t\t\t\t\t\t\t\t\t\t\t<\/div>\n\t\t\t\t<\/div>\n\t\t\t\t\t<\/div>\n\t\t<\/div>\n\t\t\t\t\t<\/div>\n\t\t<\/section>\n\t\t\t\t<section class=\"elementor-section elementor-top-section elementor-element elementor-element-4e40210 elementor-section-boxed elementor-section-height-default elementor-section-height-default\" data-id=\"4e40210\" data-element_type=\"section\" data-e-type=\"section\">\n\t\t\t\t\t\t<div class=\"elementor-container elementor-column-gap-default\">\n\t\t\t\t\t<div class=\"elementor-column elementor-col-100 elementor-top-column elementor-element elementor-element-8a59e3a\" data-id=\"8a59e3a\" data-element_type=\"column\" data-e-type=\"column\">\n\t\t\t<div class=\"elementor-widget-wrap elementor-element-populated\">\n\t\t\t\t\t\t<section class=\"elementor-section elementor-inner-section elementor-element elementor-element-690b1d3 elementor-section-boxed elementor-section-height-default elementor-section-height-default\" data-id=\"690b1d3\" data-element_type=\"section\" data-e-type=\"section\">\n\t\t\t\t\t\t<div class=\"elementor-container elementor-column-gap-default\">\n\t\t\t\t\t<div class=\"elementor-column elementor-col-50 elementor-inner-column elementor-element elementor-element-eaff13f\" data-id=\"eaff13f\" data-element_type=\"column\" data-e-type=\"column\">\n\t\t\t<div class=\"elementor-widget-wrap elementor-element-populated\">\n\t\t\t\t\t\t<div class=\"elementor-element elementor-element-f776f04 elementor-widget elementor-widget-image\" data-id=\"f776f04\" data-element_type=\"widget\" data-e-type=\"widget\" data-widget_type=\"image.default\">\n\t\t\t\t<div class=\"elementor-widget-container\">\n\t\t\t\t\t\t\t\t\t\t\t\t\t\t\t<img decoding=\"async\" width=\"767\" height=\"1024\" src=\"https:\/\/www2.unifap.br\/cambientais\/files\/2024\/10\/IMG-20241021-WA0005-767x1024.jpg\" class=\"attachment-large size-large wp-image-4438\" alt=\"\" srcset=\"https:\/\/www2.unifap.br\/cambientais\/files\/2024\/10\/IMG-20241021-WA0005-767x1024.jpg 767w, https:\/\/www2.unifap.br\/cambientais\/files\/2024\/10\/IMG-20241021-WA0005-225x300.jpg 225w, https:\/\/www2.unifap.br\/cambientais\/files\/2024\/10\/IMG-20241021-WA0005-768x1026.jpg 768w, https:\/\/www2.unifap.br\/cambientais\/files\/2024\/10\/IMG-20241021-WA0005-112x150.jpg 112w, https:\/\/www2.unifap.br\/cambientais\/files\/2024\/10\/IMG-20241021-WA0005.jpg 923w\" sizes=\"(max-width: 767px) 100vw, 767px\" \/>\t\t\t\t\t\t\t\t\t\t\t\t\t\t\t<\/div>\n\t\t\t\t<\/div>\n\t\t\t\t\t<\/div>\n\t\t<\/div>\n\t\t\t\t<div class=\"elementor-column elementor-col-50 elementor-inner-column elementor-element elementor-element-8e58033\" data-id=\"8e58033\" data-element_type=\"column\" data-e-type=\"column\">\n\t\t\t<div class=\"elementor-widget-wrap elementor-element-populated\">\n\t\t\t\t\t\t<div class=\"elementor-element elementor-element-d61948e elementor-widget elementor-widget-image\" data-id=\"d61948e\" data-element_type=\"widget\" data-e-type=\"widget\" data-widget_type=\"image.default\">\n\t\t\t\t<div class=\"elementor-widget-container\">\n\t\t\t\t\t\t\t\t\t\t\t\t\t\t\t<img decoding=\"async\" width=\"620\" height=\"872\" src=\"https:\/\/www2.unifap.br\/cambientais\/files\/2024\/10\/IMG-20241021-WA0008.jpg\" class=\"attachment-large size-large wp-image-4441\" alt=\"\" srcset=\"https:\/\/www2.unifap.br\/cambientais\/files\/2024\/10\/IMG-20241021-WA0008.jpg 620w, https:\/\/www2.unifap.br\/cambientais\/files\/2024\/10\/IMG-20241021-WA0008-213x300.jpg 213w, https:\/\/www2.unifap.br\/cambientais\/files\/2024\/10\/IMG-20241021-WA0008-107x150.jpg 107w\" sizes=\"(max-width: 620px) 100vw, 620px\" \/>\t\t\t\t\t\t\t\t\t\t\t\t\t\t\t<\/div>\n\t\t\t\t<\/div>\n\t\t\t\t\t<\/div>\n\t\t<\/div>\n\t\t\t\t\t<\/div>\n\t\t<\/section>\n\t\t\t\t\t<\/div>\n\t\t<\/div>\n\t\t\t\t\t<\/div>\n\t\t<\/section>\n\t\t\t\t<section class=\"elementor-section elementor-top-section elementor-element elementor-element-cb76e7a elementor-section-boxed elementor-section-height-default elementor-section-height-default\" data-id=\"cb76e7a\" data-element_type=\"section\" data-e-type=\"section\">\n\t\t\t\t\t\t<div class=\"elementor-container elementor-column-gap-default\">\n\t\t\t\t\t<div class=\"elementor-column elementor-col-100 elementor-top-column elementor-element elementor-element-49fdc38\" data-id=\"49fdc38\" data-element_type=\"column\" data-e-type=\"column\">\n\t\t\t<div class=\"elementor-widget-wrap elementor-element-populated\">\n\t\t\t\t\t\t<div class=\"elementor-element elementor-element-b63fbeb elementor-widget elementor-widget-text-editor\" data-id=\"b63fbeb\" data-element_type=\"widget\" data-e-type=\"widget\" data-widget_type=\"text-editor.default\">\n\t\t\t\t<div class=\"elementor-widget-container\">\n\t\t\t\t\t\t\t\t\t<h4>No dia 18 de outubro de 2024, data de encerramento do XIII Congresso Amapaense de Inicia\u00e7\u00e3o Cient\u00edfica (XIII CONAIC), realizou-se no Aeroporto Internacional de Macap\u00e1, a cerim\u00f4nia de premia\u00e7\u00e3o dos destaques cient\u00edficos dos trabalhos apresentados no evento.&nbsp;<\/h4>\n<h4>Neste momento parabenizamos todos os discentes do Curso de Ci\u00eancias Ambientais pela participa\u00e7\u00e3o e destacamos que os futuros cientistas ambientais receberam in\u00fameras premia\u00e7\u00f5es em suas \u00e1reas de atua\u00e7\u00e3o. Parabenizamos tamb\u00e9m aos orientadores do colegiado e de institui\u00e7\u00f5es parceiras por investir nestas nobres carreiras que ir\u00e3o deixar um legado na vida pessoal e profissional destes estudantes.&nbsp;<\/h4>\n<h4>A carreira de cientista ambiental, interdisciplinar por sua natureza, tem o potencial de desenvolver o engajamento social e a preocupa\u00e7\u00e3o com o meio ambiente, sem deixar de lado aspectos relacionados ao desenvolvimento econ\u00f4mico.&nbsp;<\/h4>\n<h4>Neste ano de 2024 em que o curso de Ci\u00eancias Ambientais completa 15 anos de atua\u00e7\u00e3o na UNIFAP, fazemos votos de que continuemos por muitos e muitos anos produzindo conhecimento e colaborando com o desenvolvimento sustent\u00e1vel do Estado do Amap\u00e1.<\/h4>\t\t\t\t\t\t\t\t<\/div>\n\t\t\t\t<\/div>\n\t\t\t\t\t<\/div>\n\t\t<\/div>\n\t\t\t\t\t<\/div>\n\t\t<\/section>\n\t\t\t\t<section class=\"elementor-section elementor-top-section elementor-element elementor-element-b9769a3 elementor-section-boxed elementor-section-height-default elementor-section-height-default\" data-id=\"b9769a3\" data-element_type=\"section\" data-e-type=\"section\">\n\t\t\t\t\t\t<div class=\"elementor-container elementor-column-gap-default\">\n\t\t\t\t\t<div class=\"elementor-column elementor-col-50 elementor-top-column elementor-element elementor-element-21812dc\" data-id=\"21812dc\" data-element_type=\"column\" data-e-type=\"column\">\n\t\t\t<div class=\"elementor-widget-wrap elementor-element-populated\">\n\t\t\t\t\t\t<div class=\"elementor-element elementor-element-5ea9b2c elementor-widget elementor-widget-image\" data-id=\"5ea9b2c\" data-element_type=\"widget\" data-e-type=\"widget\" data-widget_type=\"image.default\">\n\t\t\t\t<div class=\"elementor-widget-container\">\n\t\t\t\t\t\t\t\t\t\t\t\t\t\t\t<img loading=\"lazy\" decoding=\"async\" width=\"800\" height=\"669\" src=\"https:\/\/www2.unifap.br\/cambientais\/files\/2024\/10\/IMG-20241021-WA0004.jpg\" class=\"attachment-large size-large wp-image-4437\" alt=\"\" srcset=\"https:\/\/www2.unifap.br\/cambientais\/files\/2024\/10\/IMG-20241021-WA0004.jpg 875w, https:\/\/www2.unifap.br\/cambientais\/files\/2024\/10\/IMG-20241021-WA0004-300x251.jpg 300w, https:\/\/www2.unifap.br\/cambientais\/files\/2024\/10\/IMG-20241021-WA0004-768x642.jpg 768w, https:\/\/www2.unifap.br\/cambientais\/files\/2024\/10\/IMG-20241021-WA0004-150x125.jpg 150w, https:\/\/www2.unifap.br\/cambientais\/files\/2024\/10\/IMG-20241021-WA0004-179x150.jpg 179w\" sizes=\"(max-width: 800px) 100vw, 800px\" \/>\t\t\t\t\t\t\t\t\t\t\t\t\t\t\t<\/div>\n\t\t\t\t<\/div>\n\t\t\t\t<div class=\"elementor-element elementor-element-f3fd34b elementor-widget elementor-widget-image\" data-id=\"f3fd34b\" data-element_type=\"widget\" data-e-type=\"widget\" data-widget_type=\"image.default\">\n\t\t\t\t<div class=\"elementor-widget-container\">\n\t\t\t\t\t\t\t\t\t\t\t\t\t\t\t<img loading=\"lazy\" decoding=\"async\" width=\"645\" height=\"1024\" src=\"https:\/\/www2.unifap.br\/cambientais\/files\/2024\/10\/IMG-20241021-WA0007-645x1024.jpg\" class=\"attachment-large size-large wp-image-4440\" alt=\"\" srcset=\"https:\/\/www2.unifap.br\/cambientais\/files\/2024\/10\/IMG-20241021-WA0007-645x1024.jpg 645w, https:\/\/www2.unifap.br\/cambientais\/files\/2024\/10\/IMG-20241021-WA0007-189x300.jpg 189w, https:\/\/www2.unifap.br\/cambientais\/files\/2024\/10\/IMG-20241021-WA0007-94x150.jpg 94w, https:\/\/www2.unifap.br\/cambientais\/files\/2024\/10\/IMG-20241021-WA0007.jpg 717w\" sizes=\"(max-width: 645px) 100vw, 645px\" \/>\t\t\t\t\t\t\t\t\t\t\t\t\t\t\t<\/div>\n\t\t\t\t<\/div>\n\t\t\t\t\t<\/div>\n\t\t<\/div>\n\t\t\t\t<div class=\"elementor-column elementor-col-50 elementor-top-column elementor-element elementor-element-184bd8a\" data-id=\"184bd8a\" data-element_type=\"column\" data-e-type=\"column\">\n\t\t\t<div class=\"elementor-widget-wrap elementor-element-populated\">\n\t\t\t\t\t\t<div class=\"elementor-element elementor-element-1426067 elementor-widget elementor-widget-image\" data-id=\"1426067\" data-element_type=\"widget\" data-e-type=\"widget\" data-widget_type=\"image.default\">\n\t\t\t\t<div class=\"elementor-widget-container\">\n\t\t\t\t\t\t\t\t\t\t\t\t\t\t\t<img loading=\"lazy\" decoding=\"async\" width=\"738\" height=\"831\" src=\"https:\/\/www2.unifap.br\/cambientais\/files\/2024\/10\/IMG-20241021-WA0009.jpg\" class=\"attachment-large size-large wp-image-4442\" alt=\"\" srcset=\"https:\/\/www2.unifap.br\/cambientais\/files\/2024\/10\/IMG-20241021-WA0009.jpg 738w, https:\/\/www2.unifap.br\/cambientais\/files\/2024\/10\/IMG-20241021-WA0009-266x300.jpg 266w, https:\/\/www2.unifap.br\/cambientais\/files\/2024\/10\/IMG-20241021-WA0009-133x150.jpg 133w\" sizes=\"(max-width: 738px) 100vw, 738px\" \/>\t\t\t\t\t\t\t\t\t\t\t\t\t\t\t<\/div>\n\t\t\t\t<\/div>\n\t\t\t\t<div class=\"elementor-element elementor-element-3cedde8 elementor-widget elementor-widget-image\" data-id=\"3cedde8\" data-element_type=\"widget\" data-e-type=\"widget\" data-widget_type=\"image.default\">\n\t\t\t\t<div class=\"elementor-widget-container\">\n\t\t\t\t\t\t\t\t\t\t\t\t\t\t\t<img loading=\"lazy\" decoding=\"async\" width=\"800\" height=\"715\" src=\"https:\/\/www2.unifap.br\/cambientais\/files\/2024\/10\/IMG-20241021-WA0006-1024x915.jpg\" class=\"attachment-large size-large wp-image-4439\" alt=\"\" srcset=\"https:\/\/www2.unifap.br\/cambientais\/files\/2024\/10\/IMG-20241021-WA0006-1024x915.jpg 1024w, https:\/\/www2.unifap.br\/cambientais\/files\/2024\/10\/IMG-20241021-WA0006-300x268.jpg 300w, https:\/\/www2.unifap.br\/cambientais\/files\/2024\/10\/IMG-20241021-WA0006-768x686.jpg 768w, https:\/\/www2.unifap.br\/cambientais\/files\/2024\/10\/IMG-20241021-WA0006-150x134.jpg 150w, https:\/\/www2.unifap.br\/cambientais\/files\/2024\/10\/IMG-20241021-WA0006-168x150.jpg 168w, https:\/\/www2.unifap.br\/cambientais\/files\/2024\/10\/IMG-20241021-WA0006.jpg 1280w\" sizes=\"(max-width: 800px) 100vw, 800px\" \/>\t\t\t\t\t\t\t\t\t\t\t\t\t\t\t<\/div>\n\t\t\t\t<\/div>\n\t\t\t\t\t<\/div>\n\t\t<\/div>\n\t\t\t\t\t<\/div>\n\t\t<\/section>\n\t\t\t\t<\/div>\n\t\t","protected":false},"excerpt":{"rendered":"<p>No dia 18 de outubro de 2024, data de encerramento do XIII Congresso Amapaense de Inicia\u00e7\u00e3o Cient\u00edfica (XIII CONAIC), realizou-se no Aeroporto Internacional de Macap\u00e1, a cerim\u00f4nia de premia\u00e7\u00e3o dos destaques cient\u00edficos dos trabalhos apresentados no evento.&nbsp; Neste momento parabenizamos todos os discentes do Curso de Ci\u00eancias Ambientais pela participa\u00e7\u00e3o \u2026 <a class=\"continue-reading-link\" href=\"http:\/\/www2.unifap.br\/cambientais\/2024\/10\/21\/xiii-conaic-discentes-de-ciencias-ambientais-premiados-com-destaque-academico-em-seus-projetos\/\"> Continue Lendo <span class=\"meta-nav\">&rarr; <\/span><\/a><\/p>\n","protected":false},"author":3995,"featured_media":0,"comment_status":"open","ping_status":"open","sticky":false,"template":"","format":"standard","meta":{"inline_featured_image":false,"ngg_post_thumbnail":0,"footnotes":""},"categories":[1],"tags":[],"class_list":["post-4436","post","type-post","status-publish","format-standard","hentry","category-sem-categoria"],"_links":{"self":[{"href":"http:\/\/www2.unifap.br\/cambientais\/wp-json\/wp\/v2\/posts\/4436","targetHints":{"allow":["GET"]}}],"collection":[{"href":"http:\/\/www2.unifap.br\/cambientais\/wp-json\/wp\/v2\/posts"}],"about":[{"href":"http:\/\/www2.unifap.br\/cambientais\/wp-json\/wp\/v2\/types\/post"}],"author":[{"embeddable":true,"href":"http:\/\/www2.unifap.br\/cambientais\/wp-json\/wp\/v2\/users\/3995"}],"replies":[{"embeddable":true,"href":"http:\/\/www2.unifap.br\/cambientais\/wp-json\/wp\/v2\/comments?post=4436"}],"version-history":[{"count":6,"href":"http:\/\/www2.unifap.br\/cambientais\/wp-json\/wp\/v2\/posts\/4436\/revisions"}],"predecessor-version":[{"id":4449,"href":"http:\/\/www2.unifap.br\/cambientais\/wp-json\/wp\/v2\/posts\/4436\/revisions\/4449"}],"wp:attachment":[{"href":"http:\/\/www2.unifap.br\/cambientais\/wp-json\/wp\/v2\/media?parent=4436"}],"wp:term":[{"taxonomy":"category","embeddable":true,"href":"http:\/\/www2.unifap.br\/cambientais\/wp-json\/wp\/v2\/categories?post=4436"},{"taxonomy":"post_tag","embeddable":true,"href":"http:\/\/www2.unifap.br\/cambientais\/wp-json\/wp\/v2\/tags?post=4436"}],"curies":[{"name":"wp","href":"https:\/\/api.w.org\/{rel}","templated":true}]}}