{"id":4450,"date":"2024-10-22T18:31:25","date_gmt":"2024-10-22T18:31:25","guid":{"rendered":"https:\/\/www2.unifap.br\/cambientais\/?p=4450"},"modified":"2024-10-22T18:53:01","modified_gmt":"2024-10-22T18:53:01","slug":"aula-pratica-discentes-visitam-o-municipio-de-calcoene-entre-19-21-10-2024","status":"publish","type":"post","link":"http:\/\/www2.unifap.br\/cambientais\/2024\/10\/22\/aula-pratica-discentes-visitam-o-municipio-de-calcoene-entre-19-21-10-2024\/","title":{"rendered":"Aula pr\u00e1tica &#8211; discentes visitam o munic\u00edpio de Cal\u00e7oene entre 19-21\/10\/2024"},"content":{"rendered":"\t\t<div data-elementor-type=\"wp-post\" data-elementor-id=\"4450\" class=\"elementor elementor-4450\">\n\t\t\t\t\t\t<section class=\"elementor-section elementor-top-section elementor-element elementor-element-b69347a elementor-section-boxed elementor-section-height-default elementor-section-height-default\" data-id=\"b69347a\" data-element_type=\"section\" data-e-type=\"section\">\n\t\t\t\t\t\t<div class=\"elementor-container elementor-column-gap-default\">\n\t\t\t\t\t<div class=\"elementor-column elementor-col-100 elementor-top-column elementor-element elementor-element-5a1f9ed\" data-id=\"5a1f9ed\" data-element_type=\"column\" data-e-type=\"column\">\n\t\t\t<div class=\"elementor-widget-wrap elementor-element-populated\">\n\t\t\t\t\t\t<div class=\"elementor-element elementor-element-a729dbc elementor-widget elementor-widget-image\" data-id=\"a729dbc\" data-element_type=\"widget\" data-e-type=\"widget\" data-widget_type=\"image.default\">\n\t\t\t\t<div class=\"elementor-widget-container\">\n\t\t\t\t\t\t\t\t\t\t\t\t\t\t\t<img fetchpriority=\"high\" decoding=\"async\" width=\"800\" height=\"600\" src=\"https:\/\/www2.unifap.br\/cambientais\/files\/2024\/10\/IMG-20241022-WA0057-1024x768.jpg\" class=\"attachment-large size-large wp-image-4451\" alt=\"\" srcset=\"https:\/\/www2.unifap.br\/cambientais\/files\/2024\/10\/IMG-20241022-WA0057-1024x768.jpg 1024w, https:\/\/www2.unifap.br\/cambientais\/files\/2024\/10\/IMG-20241022-WA0057-300x225.jpg 300w, https:\/\/www2.unifap.br\/cambientais\/files\/2024\/10\/IMG-20241022-WA0057-768x576.jpg 768w, https:\/\/www2.unifap.br\/cambientais\/files\/2024\/10\/IMG-20241022-WA0057-1536x1152.jpg 1536w, https:\/\/www2.unifap.br\/cambientais\/files\/2024\/10\/IMG-20241022-WA0057-2048x1536.jpg 2048w, https:\/\/www2.unifap.br\/cambientais\/files\/2024\/10\/IMG-20241022-WA0057-150x113.jpg 150w, https:\/\/www2.unifap.br\/cambientais\/files\/2024\/10\/IMG-20241022-WA0057-200x150.jpg 200w\" sizes=\"(max-width: 800px) 100vw, 800px\" \/>\t\t\t\t\t\t\t\t\t\t\t\t\t\t\t<\/div>\n\t\t\t\t<\/div>\n\t\t\t\t\t<\/div>\n\t\t<\/div>\n\t\t\t\t\t<\/div>\n\t\t<\/section>\n\t\t\t\t<section class=\"elementor-section elementor-top-section elementor-element elementor-element-18d053f elementor-section-boxed elementor-section-height-default elementor-section-height-default\" data-id=\"18d053f\" data-element_type=\"section\" data-e-type=\"section\">\n\t\t\t\t\t\t<div class=\"elementor-container elementor-column-gap-default\">\n\t\t\t\t\t<div class=\"elementor-column elementor-col-100 elementor-top-column elementor-element elementor-element-5cbcedf\" data-id=\"5cbcedf\" data-element_type=\"column\" data-e-type=\"column\">\n\t\t\t<div class=\"elementor-widget-wrap elementor-element-populated\">\n\t\t\t\t\t\t<div class=\"elementor-element elementor-element-7a23383 elementor-widget elementor-widget-text-editor\" data-id=\"7a23383\" data-element_type=\"widget\" data-e-type=\"widget\" data-widget_type=\"text-editor.default\">\n\t\t\t\t<div class=\"elementor-widget-container\">\n\t\t\t\t\t\t\t\t\t<h4>Entre os dias 19 e 21 de outubro de 2024, discentes do primeiro semestre do curso de Bacharelado em Ci\u00eancias Ambientais fizeram atividades pr\u00e1ticas das disciplinas Geologia Geral e Biologia Geral no munic\u00edpio de Cal\u00e7oene\/Amap\u00e1. As atividades foram conduzidas pelos docentes S\u00e1vio Carmona e Arialdo Martins J\u00fanior e compreenderam visitas t\u00e9cnicas ao Parque Arqueol\u00f3gico do Solst\u00edcio, monitoramento de cet\u00e1ceos e viv\u00eancia de pesquisa no campo.\u00a0<\/h4><h4>Os discentes tiveram a oportunidade de acompanhar atividades do Projeto de Caracteriza\u00e7\u00e3o e Monitoramento de Cet\u00e1ceos (PCMC) realizada por pesquisadores do Laborat\u00f3rio de Mastozoologia (<span style=\"color: #3366ff\"><a style=\"color: #3366ff\" href=\"https:\/\/www.instagram.com\/p\/DBXbrhhJVES\/?igsh=MWhuNzc2bXl5YWpqZw%3D%3D&amp;img_index=9\" target=\"_blank\" rel=\"noopener\">LAMAM<\/a><\/span>) do Instituto de Pesquisas Cient\u00edficas e Tecnol\u00f3gicas do Estado do Amap\u00e1 (<a href=\"http:\/\/www.iepa.ap.gov.br\/cie\/\" target=\"_blank\" rel=\"noopener\"><span style=\"color: #3366ff\">IEPA<\/span><\/a>).<\/h4><h4>O professor S\u00e1vio Carmona contou que essa foi a primeira atividade de campo dos novos alunos:<\/h4><h4><span style=\"font-size: 1.5em\">&#8220;Trouxe uma experi\u00eancia real aqui para eles, quando puderam participar deste monitoramento. A gente teve o entendimento da oscila\u00e7\u00e3o das mar\u00e9s e dos procedimentos realizados para o resgate desses animais&#8221;, relatou Carmona.<\/span><\/h4><h4>A estudante Ana Beatriz Barbosa disse que o fim de semana foi enriquecedor e pode aproximar os alunos da biologia e geologia marinha.<\/h4><h4><span style=\"font-size: 1.5em\">&#8220;Vai ser muito importante at\u00e9 para quem ainda n\u00e3o decidiu que \u00e1rea seguir, levando em conta que nosso curso abrange v\u00e1rias \u00e1reas do conhecimento&#8221;, explicou Ana Beatriz.<\/span><\/h4><h4>Al\u00e9m do monitoramento, foi realizada uma oficina sobre a din\u00e2mica da mar\u00e9 na Praia do Goiabal, bem como a campanha de sensibiliza\u00e7\u00e3o do projeto.<\/h4><h4><span style=\"font-size: 1.5em\">&#8220;Durante a gradua\u00e7\u00e3o e na vida profissional, esses alunos v\u00e3o ter outras atividades de campo e podem ver animais encalhados. Ent\u00e3o, \u00e9 muito importante essa sensibiliza\u00e7\u00e3o, at\u00e9 para que eles saibam como agir ao ver um encalhe&#8221;, detalhou a bi\u00f3loga Cl\u00e1udia Silva, do Iepa.<\/span><\/h4><h4>Durante a a\u00e7\u00e3o, foi encontrada o material \u00f3sseo de um boto. O material foi recolhido e levado para o Laborat\u00f3rio de Mam\u00edferos do IEPA para an\u00e1lise.<\/h4><h4>A execu\u00e7\u00e3o do Projeto de Caracteriza\u00e7\u00e3o e Monitoramento de Cet\u00e1ceos \u00e9 uma exig\u00eancia estabelecida pelo IBAMA em processos de licenciamento ambiental federal.<\/h4><h4>Para colaborar com o projeto e avisar sobre encalhes, entre em contato:<\/h4><h4>Disk Encalhe (WhatsApp)<\/h4><h4><span style=\"font-size: 1.5em\">(96) 99206-3344<\/span><\/h4><h4><span style=\"font-size: 1.5em\">(96) 99116-3712<\/span><\/h4>\t\t\t\t\t\t\t\t<\/div>\n\t\t\t\t<\/div>\n\t\t\t\t\t<\/div>\n\t\t<\/div>\n\t\t\t\t\t<\/div>\n\t\t<\/section>\n\t\t\t\t<section class=\"elementor-section elementor-top-section elementor-element elementor-element-8ed4af9 elementor-section-boxed elementor-section-height-default elementor-section-height-default\" data-id=\"8ed4af9\" data-element_type=\"section\" data-e-type=\"section\">\n\t\t\t\t\t\t<div class=\"elementor-container elementor-column-gap-default\">\n\t\t\t\t\t<div class=\"elementor-column elementor-col-50 elementor-top-column elementor-element elementor-element-ff2b961\" data-id=\"ff2b961\" data-element_type=\"column\" data-e-type=\"column\">\n\t\t\t<div class=\"elementor-widget-wrap elementor-element-populated\">\n\t\t\t\t\t\t<div class=\"elementor-element elementor-element-747a4bf elementor-widget elementor-widget-image\" data-id=\"747a4bf\" data-element_type=\"widget\" data-e-type=\"widget\" data-widget_type=\"image.default\">\n\t\t\t\t<div class=\"elementor-widget-container\">\n\t\t\t\t\t\t\t\t\t\t\t\t\t\t\t<img decoding=\"async\" width=\"800\" height=\"600\" src=\"https:\/\/www2.unifap.br\/cambientais\/files\/2024\/10\/Imagem-do-WhatsApp-de-2024-10-22-as-12.15.34_f503ff29-1024x768.jpg\" class=\"attachment-large size-large wp-image-4460\" alt=\"\" srcset=\"https:\/\/www2.unifap.br\/cambientais\/files\/2024\/10\/Imagem-do-WhatsApp-de-2024-10-22-as-12.15.34_f503ff29-1024x768.jpg 1024w, https:\/\/www2.unifap.br\/cambientais\/files\/2024\/10\/Imagem-do-WhatsApp-de-2024-10-22-as-12.15.34_f503ff29-300x225.jpg 300w, https:\/\/www2.unifap.br\/cambientais\/files\/2024\/10\/Imagem-do-WhatsApp-de-2024-10-22-as-12.15.34_f503ff29-768x576.jpg 768w, https:\/\/www2.unifap.br\/cambientais\/files\/2024\/10\/Imagem-do-WhatsApp-de-2024-10-22-as-12.15.34_f503ff29-1536x1152.jpg 1536w, https:\/\/www2.unifap.br\/cambientais\/files\/2024\/10\/Imagem-do-WhatsApp-de-2024-10-22-as-12.15.34_f503ff29-2048x1536.jpg 2048w, https:\/\/www2.unifap.br\/cambientais\/files\/2024\/10\/Imagem-do-WhatsApp-de-2024-10-22-as-12.15.34_f503ff29-150x113.jpg 150w, https:\/\/www2.unifap.br\/cambientais\/files\/2024\/10\/Imagem-do-WhatsApp-de-2024-10-22-as-12.15.34_f503ff29-200x150.jpg 200w\" sizes=\"(max-width: 800px) 100vw, 800px\" \/>\t\t\t\t\t\t\t\t\t\t\t\t\t\t\t<\/div>\n\t\t\t\t<\/div>\n\t\t\t\t<div class=\"elementor-element elementor-element-6ded888 elementor-widget elementor-widget-image\" data-id=\"6ded888\" data-element_type=\"widget\" data-e-type=\"widget\" data-widget_type=\"image.default\">\n\t\t\t\t<div class=\"elementor-widget-container\">\n\t\t\t\t\t\t\t\t\t\t\t\t\t\t\t<img decoding=\"async\" width=\"768\" height=\"1024\" src=\"https:\/\/www2.unifap.br\/cambientais\/files\/2024\/10\/IMG-20241022-WA0060-768x1024.jpg\" class=\"attachment-large size-large wp-image-4454\" alt=\"\" srcset=\"https:\/\/www2.unifap.br\/cambientais\/files\/2024\/10\/IMG-20241022-WA0060-768x1024.jpg 768w, https:\/\/www2.unifap.br\/cambientais\/files\/2024\/10\/IMG-20241022-WA0060-225x300.jpg 225w, https:\/\/www2.unifap.br\/cambientais\/files\/2024\/10\/IMG-20241022-WA0060-113x150.jpg 113w, https:\/\/www2.unifap.br\/cambientais\/files\/2024\/10\/IMG-20241022-WA0060.jpg 960w\" sizes=\"(max-width: 768px) 100vw, 768px\" \/>\t\t\t\t\t\t\t\t\t\t\t\t\t\t\t<\/div>\n\t\t\t\t<\/div>\n\t\t\t\t<div class=\"elementor-element elementor-element-ed7e52b elementor-widget elementor-widget-image\" data-id=\"ed7e52b\" data-element_type=\"widget\" data-e-type=\"widget\" data-widget_type=\"image.default\">\n\t\t\t\t<div class=\"elementor-widget-container\">\n\t\t\t\t\t\t\t\t\t\t\t\t\t\t\t<img fetchpriority=\"high\" decoding=\"async\" width=\"800\" height=\"600\" src=\"https:\/\/www2.unifap.br\/cambientais\/files\/2024\/10\/IMG-20241022-WA0057-1024x768.jpg\" class=\"attachment-large size-large wp-image-4451\" alt=\"\" srcset=\"https:\/\/www2.unifap.br\/cambientais\/files\/2024\/10\/IMG-20241022-WA0057-1024x768.jpg 1024w, https:\/\/www2.unifap.br\/cambientais\/files\/2024\/10\/IMG-20241022-WA0057-300x225.jpg 300w, https:\/\/www2.unifap.br\/cambientais\/files\/2024\/10\/IMG-20241022-WA0057-768x576.jpg 768w, https:\/\/www2.unifap.br\/cambientais\/files\/2024\/10\/IMG-20241022-WA0057-1536x1152.jpg 1536w, https:\/\/www2.unifap.br\/cambientais\/files\/2024\/10\/IMG-20241022-WA0057-2048x1536.jpg 2048w, https:\/\/www2.unifap.br\/cambientais\/files\/2024\/10\/IMG-20241022-WA0057-150x113.jpg 150w, https:\/\/www2.unifap.br\/cambientais\/files\/2024\/10\/IMG-20241022-WA0057-200x150.jpg 200w\" sizes=\"(max-width: 800px) 100vw, 800px\" \/>\t\t\t\t\t\t\t\t\t\t\t\t\t\t\t<\/div>\n\t\t\t\t<\/div>\n\t\t\t\t<div class=\"elementor-element elementor-element-e8f3fbe elementor-widget elementor-widget-image\" data-id=\"e8f3fbe\" data-element_type=\"widget\" data-e-type=\"widget\" data-widget_type=\"image.default\">\n\t\t\t\t<div class=\"elementor-widget-container\">\n\t\t\t\t\t\t\t\t\t\t\t\t\t\t\t<img loading=\"lazy\" decoding=\"async\" width=\"768\" height=\"1024\" src=\"https:\/\/www2.unifap.br\/cambientais\/files\/2024\/10\/Imagem-do-WhatsApp-de-2024-10-22-as-15.27.34_89759d56-768x1024.jpg\" class=\"attachment-large size-large wp-image-4458\" alt=\"\" srcset=\"https:\/\/www2.unifap.br\/cambientais\/files\/2024\/10\/Imagem-do-WhatsApp-de-2024-10-22-as-15.27.34_89759d56-768x1024.jpg 768w, https:\/\/www2.unifap.br\/cambientais\/files\/2024\/10\/Imagem-do-WhatsApp-de-2024-10-22-as-15.27.34_89759d56-225x300.jpg 225w, https:\/\/www2.unifap.br\/cambientais\/files\/2024\/10\/Imagem-do-WhatsApp-de-2024-10-22-as-15.27.34_89759d56-1152x1536.jpg 1152w, https:\/\/www2.unifap.br\/cambientais\/files\/2024\/10\/Imagem-do-WhatsApp-de-2024-10-22-as-15.27.34_89759d56-113x150.jpg 113w, https:\/\/www2.unifap.br\/cambientais\/files\/2024\/10\/Imagem-do-WhatsApp-de-2024-10-22-as-15.27.34_89759d56.jpg 1200w\" sizes=\"(max-width: 768px) 100vw, 768px\" \/>\t\t\t\t\t\t\t\t\t\t\t\t\t\t\t<\/div>\n\t\t\t\t<\/div>\n\t\t\t\t\t<\/div>\n\t\t<\/div>\n\t\t\t\t<div class=\"elementor-column elementor-col-50 elementor-top-column elementor-element elementor-element-d9d3431\" data-id=\"d9d3431\" data-element_type=\"column\" data-e-type=\"column\">\n\t\t\t<div class=\"elementor-widget-wrap elementor-element-populated\">\n\t\t\t\t\t\t<div class=\"elementor-element elementor-element-f6aaf75 elementor-widget elementor-widget-image\" data-id=\"f6aaf75\" data-element_type=\"widget\" data-e-type=\"widget\" data-widget_type=\"image.default\">\n\t\t\t\t<div class=\"elementor-widget-container\">\n\t\t\t\t\t\t\t\t\t\t\t\t\t\t\t<img loading=\"lazy\" decoding=\"async\" width=\"800\" height=\"600\" src=\"https:\/\/www2.unifap.br\/cambientais\/files\/2024\/10\/Imagem-do-WhatsApp-de-2024-10-22-as-15.27.34_6bd10ddd-1024x768.jpg\" class=\"attachment-large size-large wp-image-4459\" alt=\"\" srcset=\"https:\/\/www2.unifap.br\/cambientais\/files\/2024\/10\/Imagem-do-WhatsApp-de-2024-10-22-as-15.27.34_6bd10ddd-1024x768.jpg 1024w, https:\/\/www2.unifap.br\/cambientais\/files\/2024\/10\/Imagem-do-WhatsApp-de-2024-10-22-as-15.27.34_6bd10ddd-300x225.jpg 300w, https:\/\/www2.unifap.br\/cambientais\/files\/2024\/10\/Imagem-do-WhatsApp-de-2024-10-22-as-15.27.34_6bd10ddd-768x576.jpg 768w, https:\/\/www2.unifap.br\/cambientais\/files\/2024\/10\/Imagem-do-WhatsApp-de-2024-10-22-as-15.27.34_6bd10ddd-1536x1152.jpg 1536w, https:\/\/www2.unifap.br\/cambientais\/files\/2024\/10\/Imagem-do-WhatsApp-de-2024-10-22-as-15.27.34_6bd10ddd-150x113.jpg 150w, https:\/\/www2.unifap.br\/cambientais\/files\/2024\/10\/Imagem-do-WhatsApp-de-2024-10-22-as-15.27.34_6bd10ddd-200x150.jpg 200w, https:\/\/www2.unifap.br\/cambientais\/files\/2024\/10\/Imagem-do-WhatsApp-de-2024-10-22-as-15.27.34_6bd10ddd.jpg 1600w\" sizes=\"(max-width: 800px) 100vw, 800px\" \/>\t\t\t\t\t\t\t\t\t\t\t\t\t\t\t<\/div>\n\t\t\t\t<\/div>\n\t\t\t\t<div class=\"elementor-element elementor-element-7607166 elementor-widget elementor-widget-image\" data-id=\"7607166\" data-element_type=\"widget\" data-e-type=\"widget\" data-widget_type=\"image.default\">\n\t\t\t\t<div class=\"elementor-widget-container\">\n\t\t\t\t\t\t\t\t\t\t\t\t\t\t\t<img loading=\"lazy\" decoding=\"async\" width=\"768\" height=\"1024\" src=\"https:\/\/www2.unifap.br\/cambientais\/files\/2024\/10\/IMG-20241022-WA0059-768x1024.jpg\" class=\"attachment-large size-large wp-image-4453\" alt=\"\" srcset=\"https:\/\/www2.unifap.br\/cambientais\/files\/2024\/10\/IMG-20241022-WA0059-768x1024.jpg 768w, https:\/\/www2.unifap.br\/cambientais\/files\/2024\/10\/IMG-20241022-WA0059-225x300.jpg 225w, https:\/\/www2.unifap.br\/cambientais\/files\/2024\/10\/IMG-20241022-WA0059-113x150.jpg 113w, https:\/\/www2.unifap.br\/cambientais\/files\/2024\/10\/IMG-20241022-WA0059.jpg 960w\" sizes=\"(max-width: 768px) 100vw, 768px\" \/>\t\t\t\t\t\t\t\t\t\t\t\t\t\t\t<\/div>\n\t\t\t\t<\/div>\n\t\t\t\t<div class=\"elementor-element elementor-element-befb375 elementor-widget elementor-widget-image\" data-id=\"befb375\" data-element_type=\"widget\" data-e-type=\"widget\" data-widget_type=\"image.default\">\n\t\t\t\t<div class=\"elementor-widget-container\">\n\t\t\t\t\t\t\t\t\t\t\t\t\t\t\t<img loading=\"lazy\" decoding=\"async\" width=\"768\" height=\"1024\" src=\"https:\/\/www2.unifap.br\/cambientais\/files\/2024\/10\/IMG-20241022-WA0062-768x1024.jpg\" class=\"attachment-large size-large wp-image-4456\" alt=\"\" srcset=\"https:\/\/www2.unifap.br\/cambientais\/files\/2024\/10\/IMG-20241022-WA0062-768x1024.jpg 768w, https:\/\/www2.unifap.br\/cambientais\/files\/2024\/10\/IMG-20241022-WA0062-225x300.jpg 225w, https:\/\/www2.unifap.br\/cambientais\/files\/2024\/10\/IMG-20241022-WA0062-113x150.jpg 113w, https:\/\/www2.unifap.br\/cambientais\/files\/2024\/10\/IMG-20241022-WA0062.jpg 960w\" sizes=\"(max-width: 768px) 100vw, 768px\" \/>\t\t\t\t\t\t\t\t\t\t\t\t\t\t\t<\/div>\n\t\t\t\t<\/div>\n\t\t\t\t<div class=\"elementor-element elementor-element-9efed64 elementor-widget elementor-widget-image\" data-id=\"9efed64\" data-element_type=\"widget\" data-e-type=\"widget\" data-widget_type=\"image.default\">\n\t\t\t\t<div class=\"elementor-widget-container\">\n\t\t\t\t\t\t\t\t\t\t\t\t\t\t\t<img loading=\"lazy\" decoding=\"async\" width=\"768\" height=\"1024\" src=\"https:\/\/www2.unifap.br\/cambientais\/files\/2024\/10\/IMG-20241022-WA0061-768x1024.jpg\" class=\"attachment-large size-large wp-image-4455\" alt=\"\" srcset=\"https:\/\/www2.unifap.br\/cambientais\/files\/2024\/10\/IMG-20241022-WA0061-768x1024.jpg 768w, https:\/\/www2.unifap.br\/cambientais\/files\/2024\/10\/IMG-20241022-WA0061-225x300.jpg 225w, https:\/\/www2.unifap.br\/cambientais\/files\/2024\/10\/IMG-20241022-WA0061-1152x1536.jpg 1152w, https:\/\/www2.unifap.br\/cambientais\/files\/2024\/10\/IMG-20241022-WA0061-1536x2048.jpg 1536w, https:\/\/www2.unifap.br\/cambientais\/files\/2024\/10\/IMG-20241022-WA0061-113x150.jpg 113w, https:\/\/www2.unifap.br\/cambientais\/files\/2024\/10\/IMG-20241022-WA0061-scaled.jpg 1920w\" sizes=\"(max-width: 768px) 100vw, 768px\" \/>\t\t\t\t\t\t\t\t\t\t\t\t\t\t\t<\/div>\n\t\t\t\t<\/div>\n\t\t\t\t\t<\/div>\n\t\t<\/div>\n\t\t\t\t\t<\/div>\n\t\t<\/section>\n\t\t\t\t<section class=\"elementor-section elementor-top-section elementor-element elementor-element-be8af02 elementor-section-boxed elementor-section-height-default elementor-section-height-default\" data-id=\"be8af02\" data-element_type=\"section\" data-e-type=\"section\">\n\t\t\t\t\t\t<div class=\"elementor-container elementor-column-gap-default\">\n\t\t\t\t\t<div class=\"elementor-column elementor-col-50 elementor-top-column elementor-element elementor-element-07fa386\" data-id=\"07fa386\" data-element_type=\"column\" data-e-type=\"column\">\n\t\t\t<div class=\"elementor-widget-wrap\">\n\t\t\t\t\t\t\t<\/div>\n\t\t<\/div>\n\t\t\t\t<div class=\"elementor-column elementor-col-50 elementor-top-column elementor-element elementor-element-01490b0\" data-id=\"01490b0\" data-element_type=\"column\" data-e-type=\"column\">\n\t\t\t<div class=\"elementor-widget-wrap\">\n\t\t\t\t\t\t\t<\/div>\n\t\t<\/div>\n\t\t\t\t\t<\/div>\n\t\t<\/section>\n\t\t\t\t<\/div>\n\t\t","protected":false},"excerpt":{"rendered":"<p>Entre os dias 19 e 21 de outubro de 2024, discentes do primeiro semestre do curso de Bacharelado em Ci\u00eancias Ambientais fizeram atividades pr\u00e1ticas das disciplinas Geologia Geral e Biologia Geral no munic\u00edpio de Cal\u00e7oene\/Amap\u00e1. As atividades foram conduzidas pelos docentes S\u00e1vio Carmona e Arialdo Martins J\u00fanior e compreenderam visitas \u2026 <a class=\"continue-reading-link\" href=\"http:\/\/www2.unifap.br\/cambientais\/2024\/10\/22\/aula-pratica-discentes-visitam-o-municipio-de-calcoene-entre-19-21-10-2024\/\"> Continue Lendo <span class=\"meta-nav\">&rarr; <\/span><\/a><\/p>\n","protected":false},"author":3995,"featured_media":0,"comment_status":"open","ping_status":"open","sticky":false,"template":"","format":"standard","meta":{"inline_featured_image":false,"ngg_post_thumbnail":0,"footnotes":""},"categories":[1],"tags":[],"class_list":["post-4450","post","type-post","status-publish","format-standard","hentry","category-sem-categoria"],"_links":{"self":[{"href":"http:\/\/www2.unifap.br\/cambientais\/wp-json\/wp\/v2\/posts\/4450","targetHints":{"allow":["GET"]}}],"collection":[{"href":"http:\/\/www2.unifap.br\/cambientais\/wp-json\/wp\/v2\/posts"}],"about":[{"href":"http:\/\/www2.unifap.br\/cambientais\/wp-json\/wp\/v2\/types\/post"}],"author":[{"embeddable":true,"href":"http:\/\/www2.unifap.br\/cambientais\/wp-json\/wp\/v2\/users\/3995"}],"replies":[{"embeddable":true,"href":"http:\/\/www2.unifap.br\/cambientais\/wp-json\/wp\/v2\/comments?post=4450"}],"version-history":[{"count":6,"href":"http:\/\/www2.unifap.br\/cambientais\/wp-json\/wp\/v2\/posts\/4450\/revisions"}],"predecessor-version":[{"id":4468,"href":"http:\/\/www2.unifap.br\/cambientais\/wp-json\/wp\/v2\/posts\/4450\/revisions\/4468"}],"wp:attachment":[{"href":"http:\/\/www2.unifap.br\/cambientais\/wp-json\/wp\/v2\/media?parent=4450"}],"wp:term":[{"taxonomy":"category","embeddable":true,"href":"http:\/\/www2.unifap.br\/cambientais\/wp-json\/wp\/v2\/categories?post=4450"},{"taxonomy":"post_tag","embeddable":true,"href":"http:\/\/www2.unifap.br\/cambientais\/wp-json\/wp\/v2\/tags?post=4450"}],"curies":[{"name":"wp","href":"https:\/\/api.w.org\/{rel}","templated":true}]}}