{"id":4509,"date":"2024-11-21T13:03:31","date_gmt":"2024-11-21T13:03:31","guid":{"rendered":"https:\/\/www2.unifap.br\/cambientais\/?p=4509"},"modified":"2024-11-21T13:09:51","modified_gmt":"2024-11-21T13:09:51","slug":"eco-junior-participa-de-evento-em-escola-estadual-em-macapa","status":"publish","type":"post","link":"http:\/\/www2.unifap.br\/cambientais\/2024\/11\/21\/eco-junior-participa-de-evento-em-escola-estadual-em-macapa\/","title":{"rendered":"Eco-Junior participa de evento em escola estadual em Macap\u00e1"},"content":{"rendered":"\t\t<div data-elementor-type=\"wp-post\" data-elementor-id=\"4509\" class=\"elementor elementor-4509\">\n\t\t\t\t\t\t<section class=\"elementor-section elementor-top-section elementor-element elementor-element-9f419fc elementor-section-boxed elementor-section-height-default elementor-section-height-default\" data-id=\"9f419fc\" data-element_type=\"section\" data-e-type=\"section\">\n\t\t\t\t\t\t<div class=\"elementor-container elementor-column-gap-default\">\n\t\t\t\t\t<div class=\"elementor-column elementor-col-100 elementor-top-column elementor-element elementor-element-a5da415\" data-id=\"a5da415\" data-element_type=\"column\" data-e-type=\"column\">\n\t\t\t<div class=\"elementor-widget-wrap elementor-element-populated\">\n\t\t\t\t\t\t<div class=\"elementor-element elementor-element-c957189 elementor-widget elementor-widget-image\" data-id=\"c957189\" data-element_type=\"widget\" data-e-type=\"widget\" data-widget_type=\"image.default\">\n\t\t\t\t<div class=\"elementor-widget-container\">\n\t\t\t\t\t\t\t\t\t\t\t\t\t\t\t<img fetchpriority=\"high\" decoding=\"async\" width=\"800\" height=\"454\" src=\"http:\/\/www2.unifap.br\/cambientais\/files\/2024\/11\/IMG-20241118-WA0019-1024x581.jpg\" class=\"attachment-large size-large wp-image-4518\" alt=\"\" srcset=\"http:\/\/www2.unifap.br\/cambientais\/files\/2024\/11\/IMG-20241118-WA0019-1024x581.jpg 1024w, http:\/\/www2.unifap.br\/cambientais\/files\/2024\/11\/IMG-20241118-WA0019-300x170.jpg 300w, http:\/\/www2.unifap.br\/cambientais\/files\/2024\/11\/IMG-20241118-WA0019-768x436.jpg 768w, http:\/\/www2.unifap.br\/cambientais\/files\/2024\/11\/IMG-20241118-WA0019-150x85.jpg 150w, http:\/\/www2.unifap.br\/cambientais\/files\/2024\/11\/IMG-20241118-WA0019-250x142.jpg 250w, http:\/\/www2.unifap.br\/cambientais\/files\/2024\/11\/IMG-20241118-WA0019.jpg 1032w\" sizes=\"(max-width: 800px) 100vw, 800px\" \/>\t\t\t\t\t\t\t\t\t\t\t\t\t\t\t<\/div>\n\t\t\t\t<\/div>\n\t\t\t\t\t<\/div>\n\t\t<\/div>\n\t\t\t\t\t<\/div>\n\t\t<\/section>\n\t\t\t\t<section class=\"elementor-section elementor-top-section elementor-element elementor-element-46f1cdc elementor-section-boxed elementor-section-height-default elementor-section-height-default\" data-id=\"46f1cdc\" data-element_type=\"section\" data-e-type=\"section\">\n\t\t\t\t\t\t<div class=\"elementor-container elementor-column-gap-default\">\n\t\t\t\t\t<div class=\"elementor-column elementor-col-100 elementor-top-column elementor-element elementor-element-99e5d77\" data-id=\"99e5d77\" data-element_type=\"column\" data-e-type=\"column\">\n\t\t\t<div class=\"elementor-widget-wrap elementor-element-populated\">\n\t\t\t\t\t\t<div class=\"elementor-element elementor-element-80ea6bb elementor-widget elementor-widget-text-editor\" data-id=\"80ea6bb\" data-element_type=\"widget\" data-e-type=\"widget\" data-widget_type=\"text-editor.default\">\n\t\t\t\t<div class=\"elementor-widget-container\">\n\t\t\t\t\t\t\t\t\t<p><span style=\"color: #000000\">Discentes do curso de Ci\u00eancias Ambientais da UNIFAP, integrantes da empresa j\u00fanior\u00a0 do curso (ECO-JUNIOR), participaram da <strong>Feira de Promo\u00e7\u00e3o Cient\u00edfica e Cultural Sustent\u00e1vel<\/strong> com uma fala intitulada &#8220;<em>Empreendedorismo, bioeconomia e solu\u00e7\u00f5es para os res\u00edduos<\/em>&#8221; na Escola Estadual Maria do Carmo Viana dos Anjos. \u00c9 uma a\u00e7\u00e3o que integra as atividades de divulga\u00e7\u00e3o das atividades da empresa j\u00fanior e educa\u00e7\u00e3o ambiental. Parab\u00e9ns aos envolvidos: o atual diretor da Eco-Junior, Thiago Lameira, e seu colega, tamb\u00e9m membro da Eco-Junior Lucas Pedroza.<\/span><\/p>\t\t\t\t\t\t\t\t<\/div>\n\t\t\t\t<\/div>\n\t\t\t\t\t<\/div>\n\t\t<\/div>\n\t\t\t\t\t<\/div>\n\t\t<\/section>\n\t\t\t\t<section class=\"elementor-section elementor-top-section elementor-element elementor-element-4dcdd16 elementor-section-boxed elementor-section-height-default elementor-section-height-default\" data-id=\"4dcdd16\" data-element_type=\"section\" data-e-type=\"section\">\n\t\t\t\t\t\t<div class=\"elementor-container elementor-column-gap-default\">\n\t\t\t\t\t<div class=\"elementor-column elementor-col-50 elementor-top-column elementor-element elementor-element-4b3bc16\" data-id=\"4b3bc16\" data-element_type=\"column\" data-e-type=\"column\">\n\t\t\t<div class=\"elementor-widget-wrap elementor-element-populated\">\n\t\t\t\t\t\t<div class=\"elementor-element elementor-element-e991152 elementor-widget elementor-widget-image\" data-id=\"e991152\" data-element_type=\"widget\" data-e-type=\"widget\" data-widget_type=\"image.default\">\n\t\t\t\t<div class=\"elementor-widget-container\">\n\t\t\t\t\t\t\t\t\t\t\t\t\t\t\t<img decoding=\"async\" width=\"800\" height=\"600\" src=\"http:\/\/www2.unifap.br\/cambientais\/files\/2024\/11\/IMG-20241118-WA0011-1024x768.jpg\" class=\"attachment-large size-large wp-image-4511\" alt=\"\" srcset=\"http:\/\/www2.unifap.br\/cambientais\/files\/2024\/11\/IMG-20241118-WA0011-1024x768.jpg 1024w, http:\/\/www2.unifap.br\/cambientais\/files\/2024\/11\/IMG-20241118-WA0011-300x225.jpg 300w, http:\/\/www2.unifap.br\/cambientais\/files\/2024\/11\/IMG-20241118-WA0011-768x576.jpg 768w, http:\/\/www2.unifap.br\/cambientais\/files\/2024\/11\/IMG-20241118-WA0011-1536x1152.jpg 1536w, http:\/\/www2.unifap.br\/cambientais\/files\/2024\/11\/IMG-20241118-WA0011-150x113.jpg 150w, http:\/\/www2.unifap.br\/cambientais\/files\/2024\/11\/IMG-20241118-WA0011-200x150.jpg 200w, http:\/\/www2.unifap.br\/cambientais\/files\/2024\/11\/IMG-20241118-WA0011.jpg 1600w\" sizes=\"(max-width: 800px) 100vw, 800px\" \/>\t\t\t\t\t\t\t\t\t\t\t\t\t\t\t<\/div>\n\t\t\t\t<\/div>\n\t\t\t\t<div class=\"elementor-element elementor-element-09e458f elementor-widget elementor-widget-image\" data-id=\"09e458f\" data-element_type=\"widget\" data-e-type=\"widget\" data-widget_type=\"image.default\">\n\t\t\t\t<div class=\"elementor-widget-container\">\n\t\t\t\t\t\t\t\t\t\t\t\t\t\t\t<img decoding=\"async\" width=\"768\" height=\"1024\" src=\"http:\/\/www2.unifap.br\/cambientais\/files\/2024\/11\/IMG-20241118-WA0017-768x1024.jpg\" class=\"attachment-large size-large wp-image-4517\" alt=\"\" srcset=\"http:\/\/www2.unifap.br\/cambientais\/files\/2024\/11\/IMG-20241118-WA0017-768x1024.jpg 768w, http:\/\/www2.unifap.br\/cambientais\/files\/2024\/11\/IMG-20241118-WA0017-225x300.jpg 225w, http:\/\/www2.unifap.br\/cambientais\/files\/2024\/11\/IMG-20241118-WA0017-1152x1536.jpg 1152w, http:\/\/www2.unifap.br\/cambientais\/files\/2024\/11\/IMG-20241118-WA0017-113x150.jpg 113w, http:\/\/www2.unifap.br\/cambientais\/files\/2024\/11\/IMG-20241118-WA0017.jpg 1200w\" sizes=\"(max-width: 768px) 100vw, 768px\" \/>\t\t\t\t\t\t\t\t\t\t\t\t\t\t\t<\/div>\n\t\t\t\t<\/div>\n\t\t\t\t\t<\/div>\n\t\t<\/div>\n\t\t\t\t<div class=\"elementor-column elementor-col-50 elementor-top-column elementor-element elementor-element-5192db3\" data-id=\"5192db3\" data-element_type=\"column\" data-e-type=\"column\">\n\t\t\t<div class=\"elementor-widget-wrap elementor-element-populated\">\n\t\t\t\t\t\t<div class=\"elementor-element elementor-element-fcf4052 elementor-widget elementor-widget-image\" data-id=\"fcf4052\" data-element_type=\"widget\" data-e-type=\"widget\" data-widget_type=\"image.default\">\n\t\t\t\t<div class=\"elementor-widget-container\">\n\t\t\t\t\t\t\t\t\t\t\t\t\t\t\t<img loading=\"lazy\" decoding=\"async\" width=\"800\" height=\"600\" src=\"http:\/\/www2.unifap.br\/cambientais\/files\/2024\/11\/IMG-20241118-WA0015-1024x768.jpg\" class=\"attachment-large size-large wp-image-4515\" alt=\"\" srcset=\"http:\/\/www2.unifap.br\/cambientais\/files\/2024\/11\/IMG-20241118-WA0015-1024x768.jpg 1024w, http:\/\/www2.unifap.br\/cambientais\/files\/2024\/11\/IMG-20241118-WA0015-300x225.jpg 300w, http:\/\/www2.unifap.br\/cambientais\/files\/2024\/11\/IMG-20241118-WA0015-768x576.jpg 768w, http:\/\/www2.unifap.br\/cambientais\/files\/2024\/11\/IMG-20241118-WA0015-1536x1152.jpg 1536w, http:\/\/www2.unifap.br\/cambientais\/files\/2024\/11\/IMG-20241118-WA0015-150x113.jpg 150w, http:\/\/www2.unifap.br\/cambientais\/files\/2024\/11\/IMG-20241118-WA0015-200x150.jpg 200w, http:\/\/www2.unifap.br\/cambientais\/files\/2024\/11\/IMG-20241118-WA0015.jpg 1600w\" sizes=\"(max-width: 800px) 100vw, 800px\" \/>\t\t\t\t\t\t\t\t\t\t\t\t\t\t\t<\/div>\n\t\t\t\t<\/div>\n\t\t\t\t<div class=\"elementor-element elementor-element-bdb3e3e elementor-widget elementor-widget-image\" data-id=\"bdb3e3e\" data-element_type=\"widget\" data-e-type=\"widget\" data-widget_type=\"image.default\">\n\t\t\t\t<div class=\"elementor-widget-container\">\n\t\t\t\t\t\t\t\t\t\t\t\t\t\t\t<img loading=\"lazy\" decoding=\"async\" width=\"800\" height=\"600\" src=\"http:\/\/www2.unifap.br\/cambientais\/files\/2024\/11\/IMG-20241118-WA0016-1024x768.jpg\" class=\"attachment-large size-large wp-image-4516\" alt=\"\" srcset=\"http:\/\/www2.unifap.br\/cambientais\/files\/2024\/11\/IMG-20241118-WA0016-1024x768.jpg 1024w, http:\/\/www2.unifap.br\/cambientais\/files\/2024\/11\/IMG-20241118-WA0016-300x225.jpg 300w, http:\/\/www2.unifap.br\/cambientais\/files\/2024\/11\/IMG-20241118-WA0016-768x576.jpg 768w, http:\/\/www2.unifap.br\/cambientais\/files\/2024\/11\/IMG-20241118-WA0016-1536x1152.jpg 1536w, http:\/\/www2.unifap.br\/cambientais\/files\/2024\/11\/IMG-20241118-WA0016-150x113.jpg 150w, http:\/\/www2.unifap.br\/cambientais\/files\/2024\/11\/IMG-20241118-WA0016-200x150.jpg 200w, http:\/\/www2.unifap.br\/cambientais\/files\/2024\/11\/IMG-20241118-WA0016.jpg 1600w\" sizes=\"(max-width: 800px) 100vw, 800px\" \/>\t\t\t\t\t\t\t\t\t\t\t\t\t\t\t<\/div>\n\t\t\t\t<\/div>\n\t\t\t\t\t<\/div>\n\t\t<\/div>\n\t\t\t\t\t<\/div>\n\t\t<\/section>\n\t\t\t\t<\/div>\n\t\t","protected":false},"excerpt":{"rendered":"<p>Discentes do curso de Ci\u00eancias Ambientais da UNIFAP, integrantes da empresa j\u00fanior\u00a0 do curso (ECO-JUNIOR), participaram da Feira de Promo\u00e7\u00e3o Cient\u00edfica e Cultural Sustent\u00e1vel com uma fala intitulada &#8220;Empreendedorismo, bioeconomia e solu\u00e7\u00f5es para os res\u00edduos&#8221; na Escola Estadual Maria do Carmo Viana dos Anjos. \u00c9 uma a\u00e7\u00e3o que integra as \u2026 <a class=\"continue-reading-link\" href=\"http:\/\/www2.unifap.br\/cambientais\/2024\/11\/21\/eco-junior-participa-de-evento-em-escola-estadual-em-macapa\/\"> Continue Lendo <span class=\"meta-nav\">&rarr; <\/span><\/a><\/p>\n","protected":false},"author":3995,"featured_media":0,"comment_status":"open","ping_status":"open","sticky":false,"template":"","format":"standard","meta":{"inline_featured_image":false,"ngg_post_thumbnail":0,"footnotes":""},"categories":[1],"tags":[],"class_list":["post-4509","post","type-post","status-publish","format-standard","hentry","category-sem-categoria"],"_links":{"self":[{"href":"http:\/\/www2.unifap.br\/cambientais\/wp-json\/wp\/v2\/posts\/4509","targetHints":{"allow":["GET"]}}],"collection":[{"href":"http:\/\/www2.unifap.br\/cambientais\/wp-json\/wp\/v2\/posts"}],"about":[{"href":"http:\/\/www2.unifap.br\/cambientais\/wp-json\/wp\/v2\/types\/post"}],"author":[{"embeddable":true,"href":"http:\/\/www2.unifap.br\/cambientais\/wp-json\/wp\/v2\/users\/3995"}],"replies":[{"embeddable":true,"href":"http:\/\/www2.unifap.br\/cambientais\/wp-json\/wp\/v2\/comments?post=4509"}],"version-history":[{"count":3,"href":"http:\/\/www2.unifap.br\/cambientais\/wp-json\/wp\/v2\/posts\/4509\/revisions"}],"predecessor-version":[{"id":4521,"href":"http:\/\/www2.unifap.br\/cambientais\/wp-json\/wp\/v2\/posts\/4509\/revisions\/4521"}],"wp:attachment":[{"href":"http:\/\/www2.unifap.br\/cambientais\/wp-json\/wp\/v2\/media?parent=4509"}],"wp:term":[{"taxonomy":"category","embeddable":true,"href":"http:\/\/www2.unifap.br\/cambientais\/wp-json\/wp\/v2\/categories?post=4509"},{"taxonomy":"post_tag","embeddable":true,"href":"http:\/\/www2.unifap.br\/cambientais\/wp-json\/wp\/v2\/tags?post=4509"}],"curies":[{"name":"wp","href":"https:\/\/api.w.org\/{rel}","templated":true}]}}