{"id":4571,"date":"2024-12-20T20:10:01","date_gmt":"2024-12-20T20:10:01","guid":{"rendered":"https:\/\/www2.unifap.br\/cambientais\/?p=4571"},"modified":"2024-12-20T20:17:48","modified_gmt":"2024-12-20T20:17:48","slug":"discentes-do-curso-de-ciencias-ambientais-participam-de-soltura-de-quelonios-promovida-pelo-ibama-em-pracuuba-ap","status":"publish","type":"post","link":"http:\/\/www2.unifap.br\/cambientais\/2024\/12\/20\/discentes-do-curso-de-ciencias-ambientais-participam-de-soltura-de-quelonios-promovida-pelo-ibama-em-pracuuba-ap\/","title":{"rendered":"Discentes do curso de Ci\u00eancias Ambientais participam de soltura de quel\u00f4nios promovida pelo IBAMA em Pracu\u00faba\/AP"},"content":{"rendered":"\t\t<div data-elementor-type=\"wp-post\" data-elementor-id=\"4571\" class=\"elementor elementor-4571\">\n\t\t\t\t\t\t<section class=\"elementor-section elementor-top-section elementor-element elementor-element-9dd061c elementor-section-boxed elementor-section-height-default elementor-section-height-default\" data-id=\"9dd061c\" data-element_type=\"section\" data-e-type=\"section\">\n\t\t\t\t\t\t<div class=\"elementor-container elementor-column-gap-default\">\n\t\t\t\t\t<div class=\"elementor-column elementor-col-100 elementor-top-column elementor-element elementor-element-5163c44\" data-id=\"5163c44\" data-element_type=\"column\" data-e-type=\"column\">\n\t\t\t<div class=\"elementor-widget-wrap elementor-element-populated\">\n\t\t\t\t\t\t<div class=\"elementor-element elementor-element-7354ffa elementor-widget elementor-widget-image\" data-id=\"7354ffa\" data-element_type=\"widget\" data-e-type=\"widget\" data-widget_type=\"image.default\">\n\t\t\t\t<div class=\"elementor-widget-container\">\n\t\t\t\t\t\t\t\t\t\t\t\t\t\t\t<img fetchpriority=\"high\" decoding=\"async\" width=\"800\" height=\"532\" src=\"https:\/\/www2.unifap.br\/cambientais\/files\/2024\/12\/IMG-20241220-WA0013-1024x681.jpg\" class=\"attachment-large size-large wp-image-4573\" alt=\"\" srcset=\"https:\/\/www2.unifap.br\/cambientais\/files\/2024\/12\/IMG-20241220-WA0013-1024x681.jpg 1024w, https:\/\/www2.unifap.br\/cambientais\/files\/2024\/12\/IMG-20241220-WA0013-300x200.jpg 300w, https:\/\/www2.unifap.br\/cambientais\/files\/2024\/12\/IMG-20241220-WA0013-768x511.jpg 768w, https:\/\/www2.unifap.br\/cambientais\/files\/2024\/12\/IMG-20241220-WA0013-1536x1021.jpg 1536w, https:\/\/www2.unifap.br\/cambientais\/files\/2024\/12\/IMG-20241220-WA0013-150x100.jpg 150w, https:\/\/www2.unifap.br\/cambientais\/files\/2024\/12\/IMG-20241220-WA0013-226x150.jpg 226w, https:\/\/www2.unifap.br\/cambientais\/files\/2024\/12\/IMG-20241220-WA0013.jpg 1600w\" sizes=\"(max-width: 800px) 100vw, 800px\" \/>\t\t\t\t\t\t\t\t\t\t\t\t\t\t\t<\/div>\n\t\t\t\t<\/div>\n\t\t\t\t\t<\/div>\n\t\t<\/div>\n\t\t\t\t\t<\/div>\n\t\t<\/section>\n\t\t\t\t<section class=\"elementor-section elementor-top-section elementor-element elementor-element-eaaa40c elementor-section-boxed elementor-section-height-default elementor-section-height-default\" data-id=\"eaaa40c\" data-element_type=\"section\" data-e-type=\"section\">\n\t\t\t\t\t\t<div class=\"elementor-container elementor-column-gap-default\">\n\t\t\t\t\t<div class=\"elementor-column elementor-col-100 elementor-top-column elementor-element elementor-element-ca62706\" data-id=\"ca62706\" data-element_type=\"column\" data-e-type=\"column\">\n\t\t\t<div class=\"elementor-widget-wrap elementor-element-populated\">\n\t\t\t\t\t\t<div class=\"elementor-element elementor-element-46e0a2b elementor-widget elementor-widget-text-editor\" data-id=\"46e0a2b\" data-element_type=\"widget\" data-e-type=\"widget\" data-widget_type=\"text-editor.default\">\n\t\t\t\t<div class=\"elementor-widget-container\">\n\t\t\t\t\t\t\t\t\t<p><span style=\"color: #000000\">No dia 14 de dezembro de 2024, discentes do curso de Ci\u00eancias Ambientais participaram. em conjunto com alunos de outros cursos da UNIFAP e outras institui\u00e7\u00f5es, de soltura de mais 2.000 quel\u00f4nios promovida pela superintend\u00eancia do IBAMA no munic\u00edpio de Pracu\u00faba, estado do Amap\u00e1. A experi\u00eancia de participar de um evento como este \u00e9 \u00edmpar e traz aprendizado e integra\u00e7\u00e3o com as a\u00e7\u00f5es de prote\u00e7\u00e3o \u00e0 fauna silvestre do estado do Amap\u00e1. A oportunidade contou com o apoio da Pro-Reitoria de Extens\u00e3o e A\u00e7\u00f5es Comunit\u00e1rias (PROEAC) e dos organizadores do evento.\u00a0<\/span><\/p>\t\t\t\t\t\t\t\t<\/div>\n\t\t\t\t<\/div>\n\t\t\t\t\t<\/div>\n\t\t<\/div>\n\t\t\t\t\t<\/div>\n\t\t<\/section>\n\t\t\t\t<section class=\"elementor-section elementor-top-section elementor-element elementor-element-a1f43c6 elementor-section-boxed elementor-section-height-default elementor-section-height-default\" data-id=\"a1f43c6\" data-element_type=\"section\" data-e-type=\"section\">\n\t\t\t\t\t\t<div class=\"elementor-container elementor-column-gap-default\">\n\t\t\t\t\t<div class=\"elementor-column elementor-col-50 elementor-top-column elementor-element elementor-element-0dd47dd\" data-id=\"0dd47dd\" data-element_type=\"column\" data-e-type=\"column\">\n\t\t\t<div class=\"elementor-widget-wrap elementor-element-populated\">\n\t\t\t\t\t\t<div class=\"elementor-element elementor-element-1cdb54b elementor-widget elementor-widget-image\" data-id=\"1cdb54b\" data-element_type=\"widget\" data-e-type=\"widget\" data-widget_type=\"image.default\">\n\t\t\t\t<div class=\"elementor-widget-container\">\n\t\t\t\t\t\t\t\t\t\t\t\t\t\t\t<img decoding=\"async\" width=\"800\" height=\"532\" src=\"https:\/\/www2.unifap.br\/cambientais\/files\/2024\/12\/IMG-20241220-WA0017-1024x681.jpg\" class=\"attachment-large size-large wp-image-4577\" alt=\"\" srcset=\"https:\/\/www2.unifap.br\/cambientais\/files\/2024\/12\/IMG-20241220-WA0017-1024x681.jpg 1024w, https:\/\/www2.unifap.br\/cambientais\/files\/2024\/12\/IMG-20241220-WA0017-300x200.jpg 300w, https:\/\/www2.unifap.br\/cambientais\/files\/2024\/12\/IMG-20241220-WA0017-768x511.jpg 768w, https:\/\/www2.unifap.br\/cambientais\/files\/2024\/12\/IMG-20241220-WA0017-1536x1021.jpg 1536w, https:\/\/www2.unifap.br\/cambientais\/files\/2024\/12\/IMG-20241220-WA0017-150x100.jpg 150w, https:\/\/www2.unifap.br\/cambientais\/files\/2024\/12\/IMG-20241220-WA0017-226x150.jpg 226w, https:\/\/www2.unifap.br\/cambientais\/files\/2024\/12\/IMG-20241220-WA0017.jpg 1600w\" sizes=\"(max-width: 800px) 100vw, 800px\" \/>\t\t\t\t\t\t\t\t\t\t\t\t\t\t\t<\/div>\n\t\t\t\t<\/div>\n\t\t\t\t<div class=\"elementor-element elementor-element-a3c64bf elementor-widget elementor-widget-image\" data-id=\"a3c64bf\" data-element_type=\"widget\" data-e-type=\"widget\" data-widget_type=\"image.default\">\n\t\t\t\t<div class=\"elementor-widget-container\">\n\t\t\t\t\t\t\t\t\t\t\t\t\t\t\t<img decoding=\"async\" width=\"800\" height=\"532\" src=\"https:\/\/www2.unifap.br\/cambientais\/files\/2024\/12\/IMG-20241220-WA0016-1024x681.jpg\" class=\"attachment-large size-large wp-image-4576\" alt=\"\" srcset=\"https:\/\/www2.unifap.br\/cambientais\/files\/2024\/12\/IMG-20241220-WA0016-1024x681.jpg 1024w, https:\/\/www2.unifap.br\/cambientais\/files\/2024\/12\/IMG-20241220-WA0016-300x200.jpg 300w, https:\/\/www2.unifap.br\/cambientais\/files\/2024\/12\/IMG-20241220-WA0016-768x511.jpg 768w, https:\/\/www2.unifap.br\/cambientais\/files\/2024\/12\/IMG-20241220-WA0016-1536x1021.jpg 1536w, https:\/\/www2.unifap.br\/cambientais\/files\/2024\/12\/IMG-20241220-WA0016-150x100.jpg 150w, https:\/\/www2.unifap.br\/cambientais\/files\/2024\/12\/IMG-20241220-WA0016-226x150.jpg 226w, https:\/\/www2.unifap.br\/cambientais\/files\/2024\/12\/IMG-20241220-WA0016.jpg 1600w\" sizes=\"(max-width: 800px) 100vw, 800px\" \/>\t\t\t\t\t\t\t\t\t\t\t\t\t\t\t<\/div>\n\t\t\t\t<\/div>\n\t\t\t\t\t<\/div>\n\t\t<\/div>\n\t\t\t\t<div class=\"elementor-column elementor-col-50 elementor-top-column elementor-element elementor-element-7cc9ab6\" data-id=\"7cc9ab6\" data-element_type=\"column\" data-e-type=\"column\">\n\t\t\t<div class=\"elementor-widget-wrap elementor-element-populated\">\n\t\t\t\t\t\t<div class=\"elementor-element elementor-element-cdf9eaa elementor-widget elementor-widget-image\" data-id=\"cdf9eaa\" data-element_type=\"widget\" data-e-type=\"widget\" data-widget_type=\"image.default\">\n\t\t\t\t<div class=\"elementor-widget-container\">\n\t\t\t\t\t\t\t\t\t\t\t\t\t\t\t<img loading=\"lazy\" decoding=\"async\" width=\"800\" height=\"532\" src=\"https:\/\/www2.unifap.br\/cambientais\/files\/2024\/12\/IMG-20241220-WA0014-1024x681.jpg\" class=\"attachment-large size-large wp-image-4574\" alt=\"\" srcset=\"https:\/\/www2.unifap.br\/cambientais\/files\/2024\/12\/IMG-20241220-WA0014-1024x681.jpg 1024w, https:\/\/www2.unifap.br\/cambientais\/files\/2024\/12\/IMG-20241220-WA0014-300x200.jpg 300w, https:\/\/www2.unifap.br\/cambientais\/files\/2024\/12\/IMG-20241220-WA0014-768x511.jpg 768w, https:\/\/www2.unifap.br\/cambientais\/files\/2024\/12\/IMG-20241220-WA0014-1536x1021.jpg 1536w, https:\/\/www2.unifap.br\/cambientais\/files\/2024\/12\/IMG-20241220-WA0014-150x100.jpg 150w, https:\/\/www2.unifap.br\/cambientais\/files\/2024\/12\/IMG-20241220-WA0014-226x150.jpg 226w, https:\/\/www2.unifap.br\/cambientais\/files\/2024\/12\/IMG-20241220-WA0014.jpg 1600w\" sizes=\"(max-width: 800px) 100vw, 800px\" \/>\t\t\t\t\t\t\t\t\t\t\t\t\t\t\t<\/div>\n\t\t\t\t<\/div>\n\t\t\t\t<div class=\"elementor-element elementor-element-0b0b24b elementor-widget elementor-widget-image\" data-id=\"0b0b24b\" data-element_type=\"widget\" data-e-type=\"widget\" data-widget_type=\"image.default\">\n\t\t\t\t<div class=\"elementor-widget-container\">\n\t\t\t\t\t\t\t\t\t\t\t\t\t\t\t<img loading=\"lazy\" decoding=\"async\" width=\"800\" height=\"532\" src=\"https:\/\/www2.unifap.br\/cambientais\/files\/2024\/12\/IMG-20241220-WA0015-1024x681.jpg\" class=\"attachment-large size-large wp-image-4575\" alt=\"\" srcset=\"https:\/\/www2.unifap.br\/cambientais\/files\/2024\/12\/IMG-20241220-WA0015-1024x681.jpg 1024w, https:\/\/www2.unifap.br\/cambientais\/files\/2024\/12\/IMG-20241220-WA0015-300x200.jpg 300w, https:\/\/www2.unifap.br\/cambientais\/files\/2024\/12\/IMG-20241220-WA0015-768x511.jpg 768w, https:\/\/www2.unifap.br\/cambientais\/files\/2024\/12\/IMG-20241220-WA0015-1536x1021.jpg 1536w, https:\/\/www2.unifap.br\/cambientais\/files\/2024\/12\/IMG-20241220-WA0015-150x100.jpg 150w, https:\/\/www2.unifap.br\/cambientais\/files\/2024\/12\/IMG-20241220-WA0015-226x150.jpg 226w, https:\/\/www2.unifap.br\/cambientais\/files\/2024\/12\/IMG-20241220-WA0015.jpg 1600w\" sizes=\"(max-width: 800px) 100vw, 800px\" \/>\t\t\t\t\t\t\t\t\t\t\t\t\t\t\t<\/div>\n\t\t\t\t<\/div>\n\t\t\t\t\t<\/div>\n\t\t<\/div>\n\t\t\t\t\t<\/div>\n\t\t<\/section>\n\t\t\t\t<section class=\"elementor-section elementor-top-section elementor-element elementor-element-7560c6f elementor-section-boxed elementor-section-height-default elementor-section-height-default\" data-id=\"7560c6f\" data-element_type=\"section\" data-e-type=\"section\">\n\t\t\t\t\t\t<div class=\"elementor-container elementor-column-gap-default\">\n\t\t\t\t\t<div class=\"elementor-column elementor-col-100 elementor-top-column elementor-element elementor-element-3823e48\" data-id=\"3823e48\" data-element_type=\"column\" data-e-type=\"column\">\n\t\t\t<div class=\"elementor-widget-wrap elementor-element-populated\">\n\t\t\t\t\t\t<div class=\"elementor-element elementor-element-3c15c20 elementor-widget elementor-widget-image\" data-id=\"3c15c20\" data-element_type=\"widget\" data-e-type=\"widget\" data-widget_type=\"image.default\">\n\t\t\t\t<div class=\"elementor-widget-container\">\n\t\t\t\t\t\t\t\t\t\t\t\t\t\t\t<img loading=\"lazy\" decoding=\"async\" width=\"800\" height=\"532\" src=\"https:\/\/www2.unifap.br\/cambientais\/files\/2024\/12\/IMG-20241220-WA0012-1024x681.jpg\" class=\"attachment-large size-large wp-image-4572\" alt=\"\" srcset=\"https:\/\/www2.unifap.br\/cambientais\/files\/2024\/12\/IMG-20241220-WA0012-1024x681.jpg 1024w, https:\/\/www2.unifap.br\/cambientais\/files\/2024\/12\/IMG-20241220-WA0012-300x200.jpg 300w, https:\/\/www2.unifap.br\/cambientais\/files\/2024\/12\/IMG-20241220-WA0012-768x511.jpg 768w, https:\/\/www2.unifap.br\/cambientais\/files\/2024\/12\/IMG-20241220-WA0012-1536x1021.jpg 1536w, https:\/\/www2.unifap.br\/cambientais\/files\/2024\/12\/IMG-20241220-WA0012-150x100.jpg 150w, https:\/\/www2.unifap.br\/cambientais\/files\/2024\/12\/IMG-20241220-WA0012-226x150.jpg 226w, https:\/\/www2.unifap.br\/cambientais\/files\/2024\/12\/IMG-20241220-WA0012.jpg 1600w\" sizes=\"(max-width: 800px) 100vw, 800px\" \/>\t\t\t\t\t\t\t\t\t\t\t\t\t\t\t<\/div>\n\t\t\t\t<\/div>\n\t\t\t\t\t<\/div>\n\t\t<\/div>\n\t\t\t\t\t<\/div>\n\t\t<\/section>\n\t\t\t\t<\/div>\n\t\t","protected":false},"excerpt":{"rendered":"<p>No dia 14 de dezembro de 2024, discentes do curso de Ci\u00eancias Ambientais participaram. em conjunto com alunos de outros cursos da UNIFAP e outras institui\u00e7\u00f5es, de soltura de mais 2.000 quel\u00f4nios promovida pela superintend\u00eancia do IBAMA no munic\u00edpio de Pracu\u00faba, estado do Amap\u00e1. A experi\u00eancia de participar de um \u2026 <a class=\"continue-reading-link\" href=\"http:\/\/www2.unifap.br\/cambientais\/2024\/12\/20\/discentes-do-curso-de-ciencias-ambientais-participam-de-soltura-de-quelonios-promovida-pelo-ibama-em-pracuuba-ap\/\"> Continue Lendo <span class=\"meta-nav\">&rarr; <\/span><\/a><\/p>\n","protected":false},"author":3995,"featured_media":0,"comment_status":"open","ping_status":"open","sticky":false,"template":"","format":"standard","meta":{"inline_featured_image":false,"ngg_post_thumbnail":0,"footnotes":""},"categories":[1],"tags":[],"class_list":["post-4571","post","type-post","status-publish","format-standard","hentry","category-sem-categoria"],"_links":{"self":[{"href":"http:\/\/www2.unifap.br\/cambientais\/wp-json\/wp\/v2\/posts\/4571","targetHints":{"allow":["GET"]}}],"collection":[{"href":"http:\/\/www2.unifap.br\/cambientais\/wp-json\/wp\/v2\/posts"}],"about":[{"href":"http:\/\/www2.unifap.br\/cambientais\/wp-json\/wp\/v2\/types\/post"}],"author":[{"embeddable":true,"href":"http:\/\/www2.unifap.br\/cambientais\/wp-json\/wp\/v2\/users\/3995"}],"replies":[{"embeddable":true,"href":"http:\/\/www2.unifap.br\/cambientais\/wp-json\/wp\/v2\/comments?post=4571"}],"version-history":[{"count":3,"href":"http:\/\/www2.unifap.br\/cambientais\/wp-json\/wp\/v2\/posts\/4571\/revisions"}],"predecessor-version":[{"id":4587,"href":"http:\/\/www2.unifap.br\/cambientais\/wp-json\/wp\/v2\/posts\/4571\/revisions\/4587"}],"wp:attachment":[{"href":"http:\/\/www2.unifap.br\/cambientais\/wp-json\/wp\/v2\/media?parent=4571"}],"wp:term":[{"taxonomy":"category","embeddable":true,"href":"http:\/\/www2.unifap.br\/cambientais\/wp-json\/wp\/v2\/categories?post=4571"},{"taxonomy":"post_tag","embeddable":true,"href":"http:\/\/www2.unifap.br\/cambientais\/wp-json\/wp\/v2\/tags?post=4571"}],"curies":[{"name":"wp","href":"https:\/\/api.w.org\/{rel}","templated":true}]}}