{"id":4602,"date":"2025-01-20T12:34:46","date_gmt":"2025-01-20T12:34:46","guid":{"rendered":"https:\/\/www2.unifap.br\/cambientais\/?p=4602"},"modified":"2025-01-20T12:35:23","modified_gmt":"2025-01-20T12:35:23","slug":"cadastro-do-curso-de-ciencias-ambientais-da-unifap-no-conselho-federal-de-quimica","status":"publish","type":"post","link":"http:\/\/www2.unifap.br\/cambientais\/2025\/01\/20\/cadastro-do-curso-de-ciencias-ambientais-da-unifap-no-conselho-federal-de-quimica\/","title":{"rendered":"Cadastro do curso de Ci\u00eancias Ambientais da UNIFAP no Conselho Federal de Qu\u00edmica"},"content":{"rendered":"\t\t<div data-elementor-type=\"wp-post\" data-elementor-id=\"4602\" class=\"elementor elementor-4602\">\n\t\t\t\t\t\t<section class=\"elementor-section elementor-top-section elementor-element elementor-element-9529a45 elementor-section-boxed elementor-section-height-default elementor-section-height-default\" data-id=\"9529a45\" data-element_type=\"section\" data-e-type=\"section\">\n\t\t\t\t\t\t<div class=\"elementor-container elementor-column-gap-default\">\n\t\t\t\t\t<div class=\"elementor-column elementor-col-50 elementor-top-column elementor-element elementor-element-0120c9a\" data-id=\"0120c9a\" data-element_type=\"column\" data-e-type=\"column\">\n\t\t\t<div class=\"elementor-widget-wrap elementor-element-populated\">\n\t\t\t\t\t\t<div class=\"elementor-element elementor-element-a5ab725 elementor-widget elementor-widget-image\" data-id=\"a5ab725\" data-element_type=\"widget\" data-e-type=\"widget\" data-widget_type=\"image.default\">\n\t\t\t\t<div class=\"elementor-widget-container\">\n\t\t\t\t\t\t\t\t\t\t\t\t\t\t\t<img fetchpriority=\"high\" decoding=\"async\" width=\"768\" height=\"1059\" src=\"http:\/\/www2.unifap.br\/cambientais\/files\/2025\/01\/EDSON-JPG-COLORIDA-Edson-Tiago-1-768x1059.jpg\" class=\"attachment-medium_large size-medium_large wp-image-4604\" alt=\"\" srcset=\"http:\/\/www2.unifap.br\/cambientais\/files\/2025\/01\/EDSON-JPG-COLORIDA-Edson-Tiago-1-768x1059.jpg 768w, http:\/\/www2.unifap.br\/cambientais\/files\/2025\/01\/EDSON-JPG-COLORIDA-Edson-Tiago-1-218x300.jpg 218w, http:\/\/www2.unifap.br\/cambientais\/files\/2025\/01\/EDSON-JPG-COLORIDA-Edson-Tiago-1-743x1024.jpg 743w, http:\/\/www2.unifap.br\/cambientais\/files\/2025\/01\/EDSON-JPG-COLORIDA-Edson-Tiago-1-109x150.jpg 109w, http:\/\/www2.unifap.br\/cambientais\/files\/2025\/01\/EDSON-JPG-COLORIDA-Edson-Tiago-1.jpg 853w\" sizes=\"(max-width: 768px) 100vw, 768px\" \/>\t\t\t\t\t\t\t\t\t\t\t\t\t\t\t<\/div>\n\t\t\t\t<\/div>\n\t\t\t\t\t<\/div>\n\t\t<\/div>\n\t\t\t\t<div class=\"elementor-column elementor-col-50 elementor-top-column elementor-element elementor-element-82bb2e2\" data-id=\"82bb2e2\" data-element_type=\"column\" data-e-type=\"column\">\n\t\t\t<div class=\"elementor-widget-wrap elementor-element-populated\">\n\t\t\t\t\t\t<div class=\"elementor-element elementor-element-7c01c27 elementor-widget elementor-widget-image\" data-id=\"7c01c27\" data-element_type=\"widget\" data-e-type=\"widget\" data-widget_type=\"image.default\">\n\t\t\t\t<div class=\"elementor-widget-container\">\n\t\t\t\t\t\t\t\t\t\t\t\t\t\t\t<img decoding=\"async\" width=\"225\" height=\"225\" src=\"http:\/\/www2.unifap.br\/cambientais\/files\/2025\/01\/images.png\" class=\"attachment-large size-large wp-image-4606\" alt=\"\" srcset=\"http:\/\/www2.unifap.br\/cambientais\/files\/2025\/01\/images.png 225w, http:\/\/www2.unifap.br\/cambientais\/files\/2025\/01\/images-150x150.png 150w\" sizes=\"(max-width: 225px) 100vw, 225px\" \/>\t\t\t\t\t\t\t\t\t\t\t\t\t\t\t<\/div>\n\t\t\t\t<\/div>\n\t\t\t\t<div class=\"elementor-element elementor-element-cc6b6af elementor-widget elementor-widget-image\" data-id=\"cc6b6af\" data-element_type=\"widget\" data-e-type=\"widget\" data-widget_type=\"image.default\">\n\t\t\t\t<div class=\"elementor-widget-container\">\n\t\t\t\t\t\t\t\t\t\t\t\t\t\t\t<img decoding=\"async\" width=\"394\" height=\"180\" src=\"http:\/\/www2.unifap.br\/cambientais\/files\/2025\/01\/unnamed.png\" class=\"attachment-large size-large wp-image-4605\" alt=\"\" srcset=\"http:\/\/www2.unifap.br\/cambientais\/files\/2025\/01\/unnamed.png 394w, http:\/\/www2.unifap.br\/cambientais\/files\/2025\/01\/unnamed-300x137.png 300w, http:\/\/www2.unifap.br\/cambientais\/files\/2025\/01\/unnamed-150x69.png 150w, http:\/\/www2.unifap.br\/cambientais\/files\/2025\/01\/unnamed-250x114.png 250w\" sizes=\"(max-width: 394px) 100vw, 394px\" \/>\t\t\t\t\t\t\t\t\t\t\t\t\t\t\t<\/div>\n\t\t\t\t<\/div>\n\t\t\t\t\t<\/div>\n\t\t<\/div>\n\t\t\t\t\t<\/div>\n\t\t<\/section>\n\t\t\t\t<section class=\"elementor-section elementor-top-section elementor-element elementor-element-841553b elementor-section-boxed elementor-section-height-default elementor-section-height-default\" data-id=\"841553b\" data-element_type=\"section\" data-e-type=\"section\">\n\t\t\t\t\t\t<div class=\"elementor-container elementor-column-gap-default\">\n\t\t\t\t\t<div class=\"elementor-column elementor-col-100 elementor-top-column elementor-element elementor-element-f93b3b8\" data-id=\"f93b3b8\" data-element_type=\"column\" data-e-type=\"column\">\n\t\t\t<div class=\"elementor-widget-wrap elementor-element-populated\">\n\t\t\t\t\t\t<div class=\"elementor-element elementor-element-7bd7182 elementor-widget elementor-widget-text-editor\" data-id=\"7bd7182\" data-element_type=\"widget\" data-e-type=\"widget\" data-widget_type=\"text-editor.default\">\n\t\t\t\t<div class=\"elementor-widget-container\">\n\t\t\t\t\t\t\t\t\t<p><span style=\"color: #000000\">O curso de Ci\u00eancias Ambientais da UNIFAP apresentou requerimento de cadastro para que os\u00a0<\/span><span style=\"color: #000000;font-family: var( --e-global-typography-text-font-family ), Sans-serif;font-weight: var( --e-global-typography-text-font-weight );font-size: inherit\">profissionais formados em sua grade curricular<\/span><span style=\"color: #000000;font-family: var( --e-global-typography-text-font-family ), Sans-serif;font-weight: var( --e-global-typography-text-font-weight );font-size: inherit\">\u00a0<\/span><span style=\"color: #000000;font-family: var( --e-global-typography-text-font-family ), Sans-serif;font-weight: var( --e-global-typography-text-font-weight );font-size: inherit\">possam obter o registro no Conselho Regional de Qu\u00edmica &#8211; 6\u00aa Regi\u00e3o, jurisdi\u00e7\u00e3o Par\u00e1 e Amap\u00e1; e, em Dezembro 2024, houve parecer favor\u00e1vel do Pleno do Conselho Federal de Qu\u00edmica. Neste sentido, os profissionais formados no Curso de Ci\u00eancias Ambientais da UNIFAP est\u00e3o habilitados para pleitearem seu cadastro no Conselho de Classe Regional de Qu\u00edmica. (<\/span><span style=\"color: #0000ff\"><a style=\"color: #0000ff\" href=\"http:\/\/www2.unifap.br\/cambientais\/files\/2025\/01\/SEI_0123483_Acordao_1256.pdf\" target=\"_blank\" rel=\"noopener\">ver \u00edntegra do ac\u00f3rd\u00e3o<\/a><\/span><span style=\"color: #000000;font-family: var( --e-global-typography-text-font-family ), Sans-serif;font-weight: var( --e-global-typography-text-font-weight );font-size: inherit\">).<\/span><\/p>\t\t\t\t\t\t\t\t<\/div>\n\t\t\t\t<\/div>\n\t\t\t\t\t<\/div>\n\t\t<\/div>\n\t\t\t\t\t<\/div>\n\t\t<\/section>\n\t\t\t\t<\/div>\n\t\t","protected":false},"excerpt":{"rendered":"<p>O curso de Ci\u00eancias Ambientais da UNIFAP apresentou requerimento de cadastro para que os\u00a0profissionais formados em sua grade curricular\u00a0possam obter o registro no Conselho Regional de Qu\u00edmica &#8211; 6\u00aa Regi\u00e3o, jurisdi\u00e7\u00e3o Par\u00e1 e Amap\u00e1; e, em Dezembro 2024, houve parecer favor\u00e1vel do Pleno do Conselho Federal de Qu\u00edmica. Neste sentido, \u2026 <a class=\"continue-reading-link\" href=\"http:\/\/www2.unifap.br\/cambientais\/2025\/01\/20\/cadastro-do-curso-de-ciencias-ambientais-da-unifap-no-conselho-federal-de-quimica\/\"> Continue Lendo <span class=\"meta-nav\">&rarr; <\/span><\/a><\/p>\n","protected":false},"author":3995,"featured_media":0,"comment_status":"open","ping_status":"open","sticky":false,"template":"","format":"standard","meta":{"inline_featured_image":false,"ngg_post_thumbnail":0,"footnotes":""},"categories":[1],"tags":[],"class_list":["post-4602","post","type-post","status-publish","format-standard","hentry","category-sem-categoria"],"_links":{"self":[{"href":"http:\/\/www2.unifap.br\/cambientais\/wp-json\/wp\/v2\/posts\/4602","targetHints":{"allow":["GET"]}}],"collection":[{"href":"http:\/\/www2.unifap.br\/cambientais\/wp-json\/wp\/v2\/posts"}],"about":[{"href":"http:\/\/www2.unifap.br\/cambientais\/wp-json\/wp\/v2\/types\/post"}],"author":[{"embeddable":true,"href":"http:\/\/www2.unifap.br\/cambientais\/wp-json\/wp\/v2\/users\/3995"}],"replies":[{"embeddable":true,"href":"http:\/\/www2.unifap.br\/cambientais\/wp-json\/wp\/v2\/comments?post=4602"}],"version-history":[{"count":3,"href":"http:\/\/www2.unifap.br\/cambientais\/wp-json\/wp\/v2\/posts\/4602\/revisions"}],"predecessor-version":[{"id":4610,"href":"http:\/\/www2.unifap.br\/cambientais\/wp-json\/wp\/v2\/posts\/4602\/revisions\/4610"}],"wp:attachment":[{"href":"http:\/\/www2.unifap.br\/cambientais\/wp-json\/wp\/v2\/media?parent=4602"}],"wp:term":[{"taxonomy":"category","embeddable":true,"href":"http:\/\/www2.unifap.br\/cambientais\/wp-json\/wp\/v2\/categories?post=4602"},{"taxonomy":"post_tag","embeddable":true,"href":"http:\/\/www2.unifap.br\/cambientais\/wp-json\/wp\/v2\/tags?post=4602"}],"curies":[{"name":"wp","href":"https:\/\/api.w.org\/{rel}","templated":true}]}}