{"id":4708,"date":"2025-04-09T00:46:55","date_gmt":"2025-04-09T00:46:55","guid":{"rendered":"https:\/\/www2.unifap.br\/cambientais\/?p=4708"},"modified":"2025-04-09T01:08:03","modified_gmt":"2025-04-09T01:08:03","slug":"08-04-2025-professora-regina-ferreira-e-homenageada-pela-assembleia-legislativa-do-amapa","status":"publish","type":"post","link":"http:\/\/www2.unifap.br\/cambientais\/2025\/04\/09\/08-04-2025-professora-regina-ferreira-e-homenageada-pela-assembleia-legislativa-do-amapa\/","title":{"rendered":"08\/04\/2025 &#8211; Professora Regina Ferreira \u00e9 homenageada pela Assembl\u00e9ia Legislativa do Amap\u00e1"},"content":{"rendered":"\t\t<div data-elementor-type=\"wp-post\" data-elementor-id=\"4708\" class=\"elementor elementor-4708\">\n\t\t\t\t\t\t<section class=\"elementor-section elementor-top-section elementor-element elementor-element-39a22bb elementor-section-boxed elementor-section-height-default elementor-section-height-default\" data-id=\"39a22bb\" data-element_type=\"section\" data-e-type=\"section\">\n\t\t\t\t\t\t<div class=\"elementor-container elementor-column-gap-default\">\n\t\t\t\t\t<div class=\"elementor-column elementor-col-33 elementor-top-column elementor-element elementor-element-4a5572d\" data-id=\"4a5572d\" data-element_type=\"column\" data-e-type=\"column\">\n\t\t\t<div class=\"elementor-widget-wrap elementor-element-populated\">\n\t\t\t\t\t\t<div class=\"elementor-element elementor-element-44cf6b4 elementor-widget__width-auto elementor-widget elementor-widget-image\" data-id=\"44cf6b4\" data-element_type=\"widget\" data-e-type=\"widget\" data-widget_type=\"image.default\">\n\t\t\t\t<div class=\"elementor-widget-container\">\n\t\t\t\t\t\t\t\t\t\t\t\t\t\t\t<img fetchpriority=\"high\" decoding=\"async\" width=\"576\" height=\"1024\" src=\"https:\/\/www2.unifap.br\/cambientais\/files\/2025\/04\/Imagem-do-WhatsApp-de-2025-04-08-as-13.13.35_e5419a1e-576x1024.jpg\" class=\"attachment-large size-large wp-image-4703\" alt=\"\" srcset=\"https:\/\/www2.unifap.br\/cambientais\/files\/2025\/04\/Imagem-do-WhatsApp-de-2025-04-08-as-13.13.35_e5419a1e-576x1024.jpg 576w, https:\/\/www2.unifap.br\/cambientais\/files\/2025\/04\/Imagem-do-WhatsApp-de-2025-04-08-as-13.13.35_e5419a1e-169x300.jpg 169w, https:\/\/www2.unifap.br\/cambientais\/files\/2025\/04\/Imagem-do-WhatsApp-de-2025-04-08-as-13.13.35_e5419a1e-768x1365.jpg 768w, https:\/\/www2.unifap.br\/cambientais\/files\/2025\/04\/Imagem-do-WhatsApp-de-2025-04-08-as-13.13.35_e5419a1e-864x1536.jpg 864w, https:\/\/www2.unifap.br\/cambientais\/files\/2025\/04\/Imagem-do-WhatsApp-de-2025-04-08-as-13.13.35_e5419a1e-84x150.jpg 84w, https:\/\/www2.unifap.br\/cambientais\/files\/2025\/04\/Imagem-do-WhatsApp-de-2025-04-08-as-13.13.35_e5419a1e.jpg 900w\" sizes=\"(max-width: 576px) 100vw, 576px\" \/>\t\t\t\t\t\t\t\t\t\t\t\t\t\t\t<\/div>\n\t\t\t\t<\/div>\n\t\t\t\t\t<\/div>\n\t\t<\/div>\n\t\t\t\t<div class=\"elementor-column elementor-col-33 elementor-top-column elementor-element elementor-element-ac7513d\" data-id=\"ac7513d\" data-element_type=\"column\" data-e-type=\"column\">\n\t\t\t<div class=\"elementor-widget-wrap elementor-element-populated\">\n\t\t\t\t\t\t<div class=\"elementor-element elementor-element-b66c91a elementor-widget elementor-widget-image\" data-id=\"b66c91a\" data-element_type=\"widget\" data-e-type=\"widget\" data-widget_type=\"image.default\">\n\t\t\t\t<div class=\"elementor-widget-container\">\n\t\t\t\t\t\t\t\t\t\t\t\t\t\t\t<img decoding=\"async\" width=\"683\" height=\"1024\" src=\"https:\/\/www2.unifap.br\/cambientais\/files\/2025\/04\/Imagem-do-WhatsApp-de-2025-04-08-as-16.36.20_5b800493-683x1024.jpg\" class=\"attachment-large size-large wp-image-4704\" alt=\"\" srcset=\"https:\/\/www2.unifap.br\/cambientais\/files\/2025\/04\/Imagem-do-WhatsApp-de-2025-04-08-as-16.36.20_5b800493-683x1024.jpg 683w, https:\/\/www2.unifap.br\/cambientais\/files\/2025\/04\/Imagem-do-WhatsApp-de-2025-04-08-as-16.36.20_5b800493-200x300.jpg 200w, https:\/\/www2.unifap.br\/cambientais\/files\/2025\/04\/Imagem-do-WhatsApp-de-2025-04-08-as-16.36.20_5b800493-768x1152.jpg 768w, https:\/\/www2.unifap.br\/cambientais\/files\/2025\/04\/Imagem-do-WhatsApp-de-2025-04-08-as-16.36.20_5b800493-100x150.jpg 100w, https:\/\/www2.unifap.br\/cambientais\/files\/2025\/04\/Imagem-do-WhatsApp-de-2025-04-08-as-16.36.20_5b800493.jpg 1000w\" sizes=\"(max-width: 683px) 100vw, 683px\" \/>\t\t\t\t\t\t\t\t\t\t\t\t\t\t\t<\/div>\n\t\t\t\t<\/div>\n\t\t\t\t\t<\/div>\n\t\t<\/div>\n\t\t\t\t<div class=\"elementor-column elementor-col-33 elementor-top-column elementor-element elementor-element-c7e311a\" data-id=\"c7e311a\" data-element_type=\"column\" data-e-type=\"column\">\n\t\t\t<div class=\"elementor-widget-wrap elementor-element-populated\">\n\t\t\t\t\t\t<div class=\"elementor-element elementor-element-230aa0e elementor-widget elementor-widget-image\" data-id=\"230aa0e\" data-element_type=\"widget\" data-e-type=\"widget\" data-widget_type=\"image.default\">\n\t\t\t\t<div class=\"elementor-widget-container\">\n\t\t\t\t\t\t\t\t\t\t\t\t\t\t\t<img decoding=\"async\" width=\"768\" height=\"1024\" src=\"https:\/\/www2.unifap.br\/cambientais\/files\/2025\/04\/Imagem-do-WhatsApp-de-2025-04-08-as-16.36.20_e2cf68e4-768x1024.jpg\" class=\"attachment-large size-large wp-image-4705\" alt=\"\" srcset=\"https:\/\/www2.unifap.br\/cambientais\/files\/2025\/04\/Imagem-do-WhatsApp-de-2025-04-08-as-16.36.20_e2cf68e4-768x1024.jpg 768w, https:\/\/www2.unifap.br\/cambientais\/files\/2025\/04\/Imagem-do-WhatsApp-de-2025-04-08-as-16.36.20_e2cf68e4-225x300.jpg 225w, https:\/\/www2.unifap.br\/cambientais\/files\/2025\/04\/Imagem-do-WhatsApp-de-2025-04-08-as-16.36.20_e2cf68e4-113x150.jpg 113w, https:\/\/www2.unifap.br\/cambientais\/files\/2025\/04\/Imagem-do-WhatsApp-de-2025-04-08-as-16.36.20_e2cf68e4.jpg 960w\" sizes=\"(max-width: 768px) 100vw, 768px\" \/>\t\t\t\t\t\t\t\t\t\t\t\t\t\t\t<\/div>\n\t\t\t\t<\/div>\n\t\t\t\t\t<\/div>\n\t\t<\/div>\n\t\t\t\t\t<\/div>\n\t\t<\/section>\n\t\t\t\t<section class=\"elementor-section elementor-top-section elementor-element elementor-element-c33a156 elementor-section-boxed elementor-section-height-default elementor-section-height-default\" data-id=\"c33a156\" data-element_type=\"section\" data-e-type=\"section\">\n\t\t\t\t\t\t<div class=\"elementor-container elementor-column-gap-default\">\n\t\t\t\t\t<div class=\"elementor-column elementor-col-100 elementor-top-column elementor-element elementor-element-6381e65\" data-id=\"6381e65\" data-element_type=\"column\" data-e-type=\"column\">\n\t\t\t<div class=\"elementor-widget-wrap elementor-element-populated\">\n\t\t\t\t\t\t<div class=\"elementor-element elementor-element-e60563a elementor-widget elementor-widget-text-editor\" data-id=\"e60563a\" data-element_type=\"widget\" data-e-type=\"widget\" data-widget_type=\"text-editor.default\">\n\t\t\t\t<div class=\"elementor-widget-container\">\n\t\t\t\t\t\t\t\t\t<p><span style=\"color: #000000\">No dia 08\/04\/2025, <strong><em>Regina C\u00e9lis Martins Ferreira<\/em><\/strong>, Economista, Mestre em Desenvolvimento Regional e Professora <span style=\"font-size: inherit\">do Curso de Ci\u00eancias Ambientais da UNIFAP, recebeu juntamente com outros ilustres cidad\u00e3os na Assembleia Legislativa do Estado do Amap\u00e1 (ALAP), o <b>T\u00edtulo de Cidad\u00e3 Amapaense<\/b>.&nbsp;<\/span><\/span><\/p>\n<p><span style=\"font-size: inherit;color: #000000\">O colegiado do curso parabeniza a docente e reconhece a justa homenagem que prestigia o trabalho, dedica\u00e7\u00e3o e seu sucesso para o desenvolvimento da sociedade amapaense.<\/span><\/p>\n<p><span style=\"color: #000000\">No seu discurso, a Professora Regina citou a import\u00e2ncia do curso de Ci\u00eancias Ambientais, do Departamento de Meio Ambiente e Desenvolvimento (DMAD), e da Universidade Federal do Amap\u00e1 (UNIFAP), para ampliar as oportunidades e a voca\u00e7\u00e3o do estado do Amap\u00e1 para o desenvolvimento sustent\u00e1vel da Amaz\u00f4nia.<\/span><\/p>\t\t\t\t\t\t\t\t<\/div>\n\t\t\t\t<\/div>\n\t\t\t\t\t<\/div>\n\t\t<\/div>\n\t\t\t\t\t<\/div>\n\t\t<\/section>\n\t\t\t\t<section class=\"elementor-section elementor-top-section elementor-element elementor-element-bccc6a1 elementor-section-boxed elementor-section-height-default elementor-section-height-default\" data-id=\"bccc6a1\" data-element_type=\"section\" data-e-type=\"section\">\n\t\t\t\t\t\t<div class=\"elementor-container elementor-column-gap-default\">\n\t\t\t\t\t<div class=\"elementor-column elementor-col-100 elementor-top-column elementor-element elementor-element-72321a5\" data-id=\"72321a5\" data-element_type=\"column\" data-e-type=\"column\">\n\t\t\t<div class=\"elementor-widget-wrap elementor-element-populated\">\n\t\t\t\t\t\t<div class=\"elementor-element elementor-element-12e7c70 elementor-widget elementor-widget-image\" data-id=\"12e7c70\" data-element_type=\"widget\" data-e-type=\"widget\" data-widget_type=\"image.default\">\n\t\t\t\t<div class=\"elementor-widget-container\">\n\t\t\t\t\t\t\t\t\t\t\t\t\t\t\t<img loading=\"lazy\" decoding=\"async\" width=\"800\" height=\"478\" src=\"https:\/\/www2.unifap.br\/cambientais\/files\/2025\/04\/Imagem-do-WhatsApp-de-2025-04-08-as-13.13.34_e295d365-1024x612.jpg\" class=\"attachment-large size-large wp-image-4702\" alt=\"\" srcset=\"https:\/\/www2.unifap.br\/cambientais\/files\/2025\/04\/Imagem-do-WhatsApp-de-2025-04-08-as-13.13.34_e295d365-1024x612.jpg 1024w, https:\/\/www2.unifap.br\/cambientais\/files\/2025\/04\/Imagem-do-WhatsApp-de-2025-04-08-as-13.13.34_e295d365-300x179.jpg 300w, https:\/\/www2.unifap.br\/cambientais\/files\/2025\/04\/Imagem-do-WhatsApp-de-2025-04-08-as-13.13.34_e295d365-768x459.jpg 768w, https:\/\/www2.unifap.br\/cambientais\/files\/2025\/04\/Imagem-do-WhatsApp-de-2025-04-08-as-13.13.34_e295d365-1536x918.jpg 1536w, https:\/\/www2.unifap.br\/cambientais\/files\/2025\/04\/Imagem-do-WhatsApp-de-2025-04-08-as-13.13.34_e295d365-150x90.jpg 150w, https:\/\/www2.unifap.br\/cambientais\/files\/2025\/04\/Imagem-do-WhatsApp-de-2025-04-08-as-13.13.34_e295d365-250x150.jpg 250w, https:\/\/www2.unifap.br\/cambientais\/files\/2025\/04\/Imagem-do-WhatsApp-de-2025-04-08-as-13.13.34_e295d365.jpg 1545w\" sizes=\"(max-width: 800px) 100vw, 800px\" \/>\t\t\t\t\t\t\t\t\t\t\t\t\t\t\t<\/div>\n\t\t\t\t<\/div>\n\t\t\t\t\t<\/div>\n\t\t<\/div>\n\t\t\t\t\t<\/div>\n\t\t<\/section>\n\t\t\t\t<\/div>\n\t\t","protected":false},"excerpt":{"rendered":"<p>No dia 08\/04\/2025, Regina C\u00e9lis Martins Ferreira, Economista, Mestre em Desenvolvimento Regional e Professora do Curso de Ci\u00eancias Ambientais da UNIFAP, recebeu juntamente com outros ilustres cidad\u00e3os na Assembleia Legislativa do Estado do Amap\u00e1 (ALAP), o T\u00edtulo de Cidad\u00e3 Amapaense.&nbsp; O colegiado do curso parabeniza a docente e reconhece a \u2026 <a class=\"continue-reading-link\" href=\"http:\/\/www2.unifap.br\/cambientais\/2025\/04\/09\/08-04-2025-professora-regina-ferreira-e-homenageada-pela-assembleia-legislativa-do-amapa\/\"> Continue Lendo <span class=\"meta-nav\">&rarr; <\/span><\/a><\/p>\n","protected":false},"author":3995,"featured_media":0,"comment_status":"open","ping_status":"open","sticky":false,"template":"","format":"standard","meta":{"inline_featured_image":false,"ngg_post_thumbnail":0,"footnotes":""},"categories":[1],"tags":[],"class_list":["post-4708","post","type-post","status-publish","format-standard","hentry","category-sem-categoria"],"_links":{"self":[{"href":"http:\/\/www2.unifap.br\/cambientais\/wp-json\/wp\/v2\/posts\/4708","targetHints":{"allow":["GET"]}}],"collection":[{"href":"http:\/\/www2.unifap.br\/cambientais\/wp-json\/wp\/v2\/posts"}],"about":[{"href":"http:\/\/www2.unifap.br\/cambientais\/wp-json\/wp\/v2\/types\/post"}],"author":[{"embeddable":true,"href":"http:\/\/www2.unifap.br\/cambientais\/wp-json\/wp\/v2\/users\/3995"}],"replies":[{"embeddable":true,"href":"http:\/\/www2.unifap.br\/cambientais\/wp-json\/wp\/v2\/comments?post=4708"}],"version-history":[{"count":15,"href":"http:\/\/www2.unifap.br\/cambientais\/wp-json\/wp\/v2\/posts\/4708\/revisions"}],"predecessor-version":[{"id":4723,"href":"http:\/\/www2.unifap.br\/cambientais\/wp-json\/wp\/v2\/posts\/4708\/revisions\/4723"}],"wp:attachment":[{"href":"http:\/\/www2.unifap.br\/cambientais\/wp-json\/wp\/v2\/media?parent=4708"}],"wp:term":[{"taxonomy":"category","embeddable":true,"href":"http:\/\/www2.unifap.br\/cambientais\/wp-json\/wp\/v2\/categories?post=4708"},{"taxonomy":"post_tag","embeddable":true,"href":"http:\/\/www2.unifap.br\/cambientais\/wp-json\/wp\/v2\/tags?post=4708"}],"curies":[{"name":"wp","href":"https:\/\/api.w.org\/{rel}","templated":true}]}}