{"id":4729,"date":"2025-04-16T22:10:29","date_gmt":"2025-04-16T22:10:29","guid":{"rendered":"https:\/\/www2.unifap.br\/cambientais\/?p=4729"},"modified":"2025-04-16T22:13:11","modified_gmt":"2025-04-16T22:13:11","slug":"11-04-2025-visita-tecnica-discentes-de-ciencias-ambientais-a-eta-santana-ap","status":"publish","type":"post","link":"http:\/\/www2.unifap.br\/cambientais\/2025\/04\/16\/11-04-2025-visita-tecnica-discentes-de-ciencias-ambientais-a-eta-santana-ap\/","title":{"rendered":"11\/04\/2025 &#8211; Visita t\u00e9cnica discentes de ci\u00eancias ambientais a ETA Santana\/AP"},"content":{"rendered":"\t\t<div data-elementor-type=\"wp-post\" data-elementor-id=\"4729\" class=\"elementor elementor-4729\">\n\t\t\t\t\t\t<section class=\"elementor-section elementor-top-section elementor-element elementor-element-6b52fd5 elementor-section-boxed elementor-section-height-default elementor-section-height-default\" data-id=\"6b52fd5\" data-element_type=\"section\" data-e-type=\"section\">\n\t\t\t\t\t\t<div class=\"elementor-container elementor-column-gap-default\">\n\t\t\t\t\t<div class=\"elementor-column elementor-col-100 elementor-top-column elementor-element elementor-element-9486825\" data-id=\"9486825\" data-element_type=\"column\" data-e-type=\"column\">\n\t\t\t<div class=\"elementor-widget-wrap elementor-element-populated\">\n\t\t\t\t\t\t<div class=\"elementor-element elementor-element-6841942 elementor-widget elementor-widget-image\" data-id=\"6841942\" data-element_type=\"widget\" data-e-type=\"widget\" data-widget_type=\"image.default\">\n\t\t\t\t<div class=\"elementor-widget-container\">\n\t\t\t\t\t\t\t\t\t\t\t\t\t\t\t<img fetchpriority=\"high\" decoding=\"async\" width=\"800\" height=\"634\" src=\"http:\/\/www2.unifap.br\/cambientais\/files\/2025\/04\/1.jpg\" class=\"attachment-large size-large wp-image-4730\" alt=\"\" srcset=\"http:\/\/www2.unifap.br\/cambientais\/files\/2025\/04\/1.jpg 860w, http:\/\/www2.unifap.br\/cambientais\/files\/2025\/04\/1-300x238.jpg 300w, http:\/\/www2.unifap.br\/cambientais\/files\/2025\/04\/1-768x609.jpg 768w, http:\/\/www2.unifap.br\/cambientais\/files\/2025\/04\/1-150x119.jpg 150w, http:\/\/www2.unifap.br\/cambientais\/files\/2025\/04\/1-189x150.jpg 189w\" sizes=\"(max-width: 800px) 100vw, 800px\" \/>\t\t\t\t\t\t\t\t\t\t\t\t\t\t\t<\/div>\n\t\t\t\t<\/div>\n\t\t\t\t<div class=\"elementor-element elementor-element-647e677 elementor-widget elementor-widget-text-editor\" data-id=\"647e677\" data-element_type=\"widget\" data-e-type=\"widget\" data-widget_type=\"text-editor.default\">\n\t\t\t\t<div class=\"elementor-widget-container\">\n\t\t\t\t\t\t\t\t\t<p><span style=\"color: #000000\">Discentes do curso de gradua\u00e7\u00e3o e p\u00f3s-gradua\u00e7\u00e3o em Ci\u00eancias Ambientais (PPGCA) participaram de uma visita t\u00e9cnica na Esta\u00e7\u00e3o de Tratamento de \u00c1gua (ETA) de Santana no dia 11\/04\/2025.\u00a0<\/span><\/p><p><span style=\"color: #000000\">A visita guiada contou com o apoio de t\u00e9cnicos da Concession\u00e1ria de Saneamento do Amap\u00e1 (CSA) e foi acompanhada pelas professoras Karina Valverde e G\u00e9ssica Santos.\u00a0<\/span><\/p><p><span style=\"color: #000000;font-size: inherit\">Durante a visita, foram apresentadas as etapas que comp\u00f5em o processo convencional de tratamento de \u00e1gua<\/span><\/p>\t\t\t\t\t\t\t\t<\/div>\n\t\t\t\t<\/div>\n\t\t\t\t\t<\/div>\n\t\t<\/div>\n\t\t\t\t\t<\/div>\n\t\t<\/section>\n\t\t\t\t<section class=\"elementor-section elementor-top-section elementor-element elementor-element-05a9d71 elementor-section-boxed elementor-section-height-default elementor-section-height-default\" data-id=\"05a9d71\" data-element_type=\"section\" data-e-type=\"section\">\n\t\t\t\t\t\t<div class=\"elementor-container elementor-column-gap-default\">\n\t\t\t\t\t<div class=\"elementor-column elementor-col-50 elementor-top-column elementor-element elementor-element-537e260\" data-id=\"537e260\" data-element_type=\"column\" data-e-type=\"column\">\n\t\t\t<div class=\"elementor-widget-wrap elementor-element-populated\">\n\t\t\t\t\t\t<div class=\"elementor-element elementor-element-64eb7bc elementor-widget elementor-widget-image\" data-id=\"64eb7bc\" data-element_type=\"widget\" data-e-type=\"widget\" data-widget_type=\"image.default\">\n\t\t\t\t<div class=\"elementor-widget-container\">\n\t\t\t\t\t\t\t\t\t\t\t\t\t\t\t<img decoding=\"async\" width=\"800\" height=\"600\" src=\"http:\/\/www2.unifap.br\/cambientais\/files\/2025\/04\/3-1024x768.jpg\" class=\"attachment-large size-large wp-image-4732\" alt=\"\" srcset=\"http:\/\/www2.unifap.br\/cambientais\/files\/2025\/04\/3-1024x768.jpg 1024w, http:\/\/www2.unifap.br\/cambientais\/files\/2025\/04\/3-300x225.jpg 300w, http:\/\/www2.unifap.br\/cambientais\/files\/2025\/04\/3-768x576.jpg 768w, http:\/\/www2.unifap.br\/cambientais\/files\/2025\/04\/3-150x113.jpg 150w, http:\/\/www2.unifap.br\/cambientais\/files\/2025\/04\/3-200x150.jpg 200w, http:\/\/www2.unifap.br\/cambientais\/files\/2025\/04\/3.jpg 1280w\" sizes=\"(max-width: 800px) 100vw, 800px\" \/>\t\t\t\t\t\t\t\t\t\t\t\t\t\t\t<\/div>\n\t\t\t\t<\/div>\n\t\t\t\t<div class=\"elementor-element elementor-element-f179b62 elementor-widget elementor-widget-image\" data-id=\"f179b62\" data-element_type=\"widget\" data-e-type=\"widget\" data-widget_type=\"image.default\">\n\t\t\t\t<div class=\"elementor-widget-container\">\n\t\t\t\t\t\t\t\t\t\t\t\t\t\t\t<img decoding=\"async\" width=\"800\" height=\"600\" src=\"http:\/\/www2.unifap.br\/cambientais\/files\/2025\/04\/4-1024x768.jpg\" class=\"attachment-large size-large wp-image-4733\" alt=\"\" srcset=\"http:\/\/www2.unifap.br\/cambientais\/files\/2025\/04\/4-1024x768.jpg 1024w, http:\/\/www2.unifap.br\/cambientais\/files\/2025\/04\/4-300x225.jpg 300w, http:\/\/www2.unifap.br\/cambientais\/files\/2025\/04\/4-768x576.jpg 768w, http:\/\/www2.unifap.br\/cambientais\/files\/2025\/04\/4-1536x1152.jpg 1536w, http:\/\/www2.unifap.br\/cambientais\/files\/2025\/04\/4-150x113.jpg 150w, http:\/\/www2.unifap.br\/cambientais\/files\/2025\/04\/4-200x150.jpg 200w, http:\/\/www2.unifap.br\/cambientais\/files\/2025\/04\/4.jpg 1600w\" sizes=\"(max-width: 800px) 100vw, 800px\" \/>\t\t\t\t\t\t\t\t\t\t\t\t\t\t\t<\/div>\n\t\t\t\t<\/div>\n\t\t\t\t\t<\/div>\n\t\t<\/div>\n\t\t\t\t<div class=\"elementor-column elementor-col-50 elementor-top-column elementor-element elementor-element-1a70488\" data-id=\"1a70488\" data-element_type=\"column\" data-e-type=\"column\">\n\t\t\t<div class=\"elementor-widget-wrap elementor-element-populated\">\n\t\t\t\t\t\t<div class=\"elementor-element elementor-element-2e91940 elementor-widget elementor-widget-image\" data-id=\"2e91940\" data-element_type=\"widget\" data-e-type=\"widget\" data-widget_type=\"image.default\">\n\t\t\t\t<div class=\"elementor-widget-container\">\n\t\t\t\t\t\t\t\t\t\t\t\t\t\t\t<img loading=\"lazy\" decoding=\"async\" width=\"800\" height=\"600\" src=\"http:\/\/www2.unifap.br\/cambientais\/files\/2025\/04\/2-1024x768.jpg\" class=\"attachment-large size-large wp-image-4731\" alt=\"\" srcset=\"http:\/\/www2.unifap.br\/cambientais\/files\/2025\/04\/2-1024x768.jpg 1024w, http:\/\/www2.unifap.br\/cambientais\/files\/2025\/04\/2-300x225.jpg 300w, http:\/\/www2.unifap.br\/cambientais\/files\/2025\/04\/2-768x576.jpg 768w, http:\/\/www2.unifap.br\/cambientais\/files\/2025\/04\/2-150x113.jpg 150w, http:\/\/www2.unifap.br\/cambientais\/files\/2025\/04\/2-200x150.jpg 200w, http:\/\/www2.unifap.br\/cambientais\/files\/2025\/04\/2.jpg 1280w\" sizes=\"(max-width: 800px) 100vw, 800px\" \/>\t\t\t\t\t\t\t\t\t\t\t\t\t\t\t<\/div>\n\t\t\t\t<\/div>\n\t\t\t\t<div class=\"elementor-element elementor-element-cd8de05 elementor-widget elementor-widget-image\" data-id=\"cd8de05\" data-element_type=\"widget\" data-e-type=\"widget\" data-widget_type=\"image.default\">\n\t\t\t\t<div class=\"elementor-widget-container\">\n\t\t\t\t\t\t\t\t\t\t\t\t\t\t\t<img loading=\"lazy\" decoding=\"async\" width=\"745\" height=\"915\" src=\"http:\/\/www2.unifap.br\/cambientais\/files\/2025\/04\/5.jpg\" class=\"attachment-large size-large wp-image-4734\" alt=\"\" srcset=\"http:\/\/www2.unifap.br\/cambientais\/files\/2025\/04\/5.jpg 745w, http:\/\/www2.unifap.br\/cambientais\/files\/2025\/04\/5-244x300.jpg 244w, http:\/\/www2.unifap.br\/cambientais\/files\/2025\/04\/5-122x150.jpg 122w\" sizes=\"(max-width: 745px) 100vw, 745px\" \/>\t\t\t\t\t\t\t\t\t\t\t\t\t\t\t<\/div>\n\t\t\t\t<\/div>\n\t\t\t\t\t<\/div>\n\t\t<\/div>\n\t\t\t\t\t<\/div>\n\t\t<\/section>\n\t\t\t\t<\/div>\n\t\t","protected":false},"excerpt":{"rendered":"<p>Discentes do curso de gradua\u00e7\u00e3o e p\u00f3s-gradua\u00e7\u00e3o em Ci\u00eancias Ambientais (PPGCA) participaram de uma visita t\u00e9cnica na Esta\u00e7\u00e3o de Tratamento de \u00c1gua (ETA) de Santana no dia 11\/04\/2025.\u00a0 A visita guiada contou com o apoio de t\u00e9cnicos da Concession\u00e1ria de Saneamento do Amap\u00e1 (CSA) e foi acompanhada pelas professoras Karina \u2026 <a class=\"continue-reading-link\" href=\"http:\/\/www2.unifap.br\/cambientais\/2025\/04\/16\/11-04-2025-visita-tecnica-discentes-de-ciencias-ambientais-a-eta-santana-ap\/\"> Continue Lendo <span class=\"meta-nav\">&rarr; <\/span><\/a><\/p>\n","protected":false},"author":3995,"featured_media":0,"comment_status":"open","ping_status":"open","sticky":false,"template":"","format":"standard","meta":{"inline_featured_image":false,"ngg_post_thumbnail":0,"footnotes":""},"categories":[1],"tags":[],"class_list":["post-4729","post","type-post","status-publish","format-standard","hentry","category-sem-categoria"],"_links":{"self":[{"href":"http:\/\/www2.unifap.br\/cambientais\/wp-json\/wp\/v2\/posts\/4729","targetHints":{"allow":["GET"]}}],"collection":[{"href":"http:\/\/www2.unifap.br\/cambientais\/wp-json\/wp\/v2\/posts"}],"about":[{"href":"http:\/\/www2.unifap.br\/cambientais\/wp-json\/wp\/v2\/types\/post"}],"author":[{"embeddable":true,"href":"http:\/\/www2.unifap.br\/cambientais\/wp-json\/wp\/v2\/users\/3995"}],"replies":[{"embeddable":true,"href":"http:\/\/www2.unifap.br\/cambientais\/wp-json\/wp\/v2\/comments?post=4729"}],"version-history":[{"count":3,"href":"http:\/\/www2.unifap.br\/cambientais\/wp-json\/wp\/v2\/posts\/4729\/revisions"}],"predecessor-version":[{"id":4737,"href":"http:\/\/www2.unifap.br\/cambientais\/wp-json\/wp\/v2\/posts\/4729\/revisions\/4737"}],"wp:attachment":[{"href":"http:\/\/www2.unifap.br\/cambientais\/wp-json\/wp\/v2\/media?parent=4729"}],"wp:term":[{"taxonomy":"category","embeddable":true,"href":"http:\/\/www2.unifap.br\/cambientais\/wp-json\/wp\/v2\/categories?post=4729"},{"taxonomy":"post_tag","embeddable":true,"href":"http:\/\/www2.unifap.br\/cambientais\/wp-json\/wp\/v2\/tags?post=4729"}],"curies":[{"name":"wp","href":"https:\/\/api.w.org\/{rel}","templated":true}]}}