{"id":4738,"date":"2025-04-16T22:39:12","date_gmt":"2025-04-16T22:39:12","guid":{"rendered":"https:\/\/www2.unifap.br\/cambientais\/?p=4738"},"modified":"2025-04-24T18:18:01","modified_gmt":"2025-04-24T18:18:01","slug":"qualificacoes-e-defesas-tcc-sl-2024-2","status":"publish","type":"post","link":"http:\/\/www2.unifap.br\/cambientais\/2025\/04\/16\/qualificacoes-e-defesas-tcc-sl-2024-2\/","title":{"rendered":"Qualifica\u00e7\u00f5es e Defesas TCC \u2013 SL 2024.2"},"content":{"rendered":"\t\t<div data-elementor-type=\"wp-post\" data-elementor-id=\"4738\" class=\"elementor elementor-4738\">\n\t\t\t\t\t\t<section class=\"elementor-section elementor-top-section elementor-element elementor-element-3eca052 elementor-section-boxed elementor-section-height-default elementor-section-height-default\" data-id=\"3eca052\" data-element_type=\"section\" data-e-type=\"section\">\n\t\t\t\t\t\t<div class=\"elementor-container elementor-column-gap-default\">\n\t\t\t\t\t<div class=\"elementor-column elementor-col-100 elementor-top-column elementor-element elementor-element-d6c0858\" data-id=\"d6c0858\" data-element_type=\"column\" data-e-type=\"column\">\n\t\t\t<div class=\"elementor-widget-wrap elementor-element-populated\">\n\t\t\t\t\t\t<div class=\"elementor-element elementor-element-5f43550 elementor-widget elementor-widget-text-editor\" data-id=\"5f43550\" data-element_type=\"widget\" data-e-type=\"widget\" data-widget_type=\"text-editor.default\">\n\t\t\t\t<div class=\"elementor-widget-container\">\n\t\t\t\t\t\t\t\t\t<h4>A coordena\u00e7\u00e3o do curso de ci\u00eancias ambientais convida a toda a comunidade para prestigiar as qualifica\u00e7\u00f5es de projeto de TCC e defesa final de TCC dos discentes abaixo relacionados.\u00a0<\/h4><h4>Informamos ainda que conforme delibera\u00e7\u00e3o do colegiado fica definido que a participa\u00e7\u00e3o, comprovada via frequ\u00eancia, como ouvinte nas qualifica\u00e7\u00f5es ou defesas gerar\u00e3o uma declara\u00e7\u00e3o que pode ser utilizada para credita\u00e7\u00e3o de Atividades Curriculares Complementares (ACCs).<\/h4>\t\t\t\t\t\t\t\t<\/div>\n\t\t\t\t<\/div>\n\t\t\t\t\t<\/div>\n\t\t<\/div>\n\t\t\t\t\t<\/div>\n\t\t<\/section>\n\t\t\t\t<section class=\"elementor-section elementor-top-section elementor-element elementor-element-072952a elementor-section-boxed elementor-section-height-default elementor-section-height-default\" data-id=\"072952a\" data-element_type=\"section\" data-e-type=\"section\">\n\t\t\t\t\t\t<div class=\"elementor-container elementor-column-gap-default\">\n\t\t\t\t\t<div class=\"elementor-column elementor-col-100 elementor-top-column elementor-element elementor-element-a105f7f\" data-id=\"a105f7f\" data-element_type=\"column\" data-e-type=\"column\">\n\t\t\t<div class=\"elementor-widget-wrap elementor-element-populated\">\n\t\t\t\t\t\t<div class=\"elementor-element elementor-element-0e64043 elementor-widget elementor-widget-image\" data-id=\"0e64043\" data-element_type=\"widget\" data-e-type=\"widget\" data-widget_type=\"image.default\">\n\t\t\t\t<div class=\"elementor-widget-container\">\n\t\t\t\t\t\t\t\t\t\t\t\t\t\t\t<img fetchpriority=\"high\" decoding=\"async\" width=\"633\" height=\"914\" src=\"http:\/\/www2.unifap.br\/cambientais\/files\/2025\/04\/defesas-2024.2.2-4.png\" class=\"attachment-large size-large wp-image-4768\" alt=\"\" srcset=\"http:\/\/www2.unifap.br\/cambientais\/files\/2025\/04\/defesas-2024.2.2-4.png 633w, http:\/\/www2.unifap.br\/cambientais\/files\/2025\/04\/defesas-2024.2.2-4-208x300.png 208w, http:\/\/www2.unifap.br\/cambientais\/files\/2025\/04\/defesas-2024.2.2-4-104x150.png 104w\" sizes=\"(max-width: 633px) 100vw, 633px\" \/>\t\t\t\t\t\t\t\t\t\t\t\t\t\t\t<\/div>\n\t\t\t\t<\/div>\n\t\t\t\t\t<\/div>\n\t\t<\/div>\n\t\t\t\t\t<\/div>\n\t\t<\/section>\n\t\t\t\t<\/div>\n\t\t","protected":false},"excerpt":{"rendered":"<p>A coordena\u00e7\u00e3o do curso de ci\u00eancias ambientais convida a toda a comunidade para prestigiar as qualifica\u00e7\u00f5es de projeto de TCC e defesa final de TCC dos discentes abaixo relacionados.\u00a0 Informamos ainda que conforme delibera\u00e7\u00e3o do colegiado fica definido que a participa\u00e7\u00e3o, comprovada via frequ\u00eancia, como ouvinte nas qualifica\u00e7\u00f5es ou defesas \u2026 <a class=\"continue-reading-link\" href=\"http:\/\/www2.unifap.br\/cambientais\/2025\/04\/16\/qualificacoes-e-defesas-tcc-sl-2024-2\/\"> Continue Lendo <span class=\"meta-nav\">&rarr; <\/span><\/a><\/p>\n","protected":false},"author":3995,"featured_media":0,"comment_status":"open","ping_status":"open","sticky":false,"template":"","format":"standard","meta":{"inline_featured_image":false,"ngg_post_thumbnail":0,"footnotes":""},"categories":[1],"tags":[],"class_list":["post-4738","post","type-post","status-publish","format-standard","hentry","category-sem-categoria"],"_links":{"self":[{"href":"http:\/\/www2.unifap.br\/cambientais\/wp-json\/wp\/v2\/posts\/4738","targetHints":{"allow":["GET"]}}],"collection":[{"href":"http:\/\/www2.unifap.br\/cambientais\/wp-json\/wp\/v2\/posts"}],"about":[{"href":"http:\/\/www2.unifap.br\/cambientais\/wp-json\/wp\/v2\/types\/post"}],"author":[{"embeddable":true,"href":"http:\/\/www2.unifap.br\/cambientais\/wp-json\/wp\/v2\/users\/3995"}],"replies":[{"embeddable":true,"href":"http:\/\/www2.unifap.br\/cambientais\/wp-json\/wp\/v2\/comments?post=4738"}],"version-history":[{"count":24,"href":"http:\/\/www2.unifap.br\/cambientais\/wp-json\/wp\/v2\/posts\/4738\/revisions"}],"predecessor-version":[{"id":4771,"href":"http:\/\/www2.unifap.br\/cambientais\/wp-json\/wp\/v2\/posts\/4738\/revisions\/4771"}],"wp:attachment":[{"href":"http:\/\/www2.unifap.br\/cambientais\/wp-json\/wp\/v2\/media?parent=4738"}],"wp:term":[{"taxonomy":"category","embeddable":true,"href":"http:\/\/www2.unifap.br\/cambientais\/wp-json\/wp\/v2\/categories?post=4738"},{"taxonomy":"post_tag","embeddable":true,"href":"http:\/\/www2.unifap.br\/cambientais\/wp-json\/wp\/v2\/tags?post=4738"}],"curies":[{"name":"wp","href":"https:\/\/api.w.org\/{rel}","templated":true}]}}