{"id":4871,"date":"2025-04-28T19:05:16","date_gmt":"2025-04-28T19:05:16","guid":{"rendered":"https:\/\/www2.unifap.br\/cambientais\/?p=4871"},"modified":"2025-04-28T19:08:44","modified_gmt":"2025-04-28T19:08:44","slug":"24-04-2025-visita-tecnica-discentes-de-ciencias-ambientais-a-eta-macapa-ap","status":"publish","type":"post","link":"http:\/\/www2.unifap.br\/cambientais\/2025\/04\/28\/24-04-2025-visita-tecnica-discentes-de-ciencias-ambientais-a-eta-macapa-ap\/","title":{"rendered":"24\/04\/2025 \u2013 Visita t\u00e9cnica discentes de ci\u00eancias ambientais a ETA Macap\u00e1\/AP"},"content":{"rendered":"\t\t<div data-elementor-type=\"wp-post\" data-elementor-id=\"4871\" class=\"elementor elementor-4871\">\n\t\t\t\t\t\t<section class=\"elementor-section elementor-top-section elementor-element elementor-element-a6ef78d elementor-section-boxed elementor-section-height-default elementor-section-height-default\" data-id=\"a6ef78d\" data-element_type=\"section\" data-e-type=\"section\">\n\t\t\t\t\t\t<div class=\"elementor-container elementor-column-gap-default\">\n\t\t\t\t\t<div class=\"elementor-column elementor-col-100 elementor-top-column elementor-element elementor-element-1931eae\" data-id=\"1931eae\" data-element_type=\"column\" data-e-type=\"column\">\n\t\t\t<div class=\"elementor-widget-wrap elementor-element-populated\">\n\t\t\t\t\t\t<div class=\"elementor-element elementor-element-49a634d elementor-widget elementor-widget-image\" data-id=\"49a634d\" data-element_type=\"widget\" data-e-type=\"widget\" data-widget_type=\"image.default\">\n\t\t\t\t<div class=\"elementor-widget-container\">\n\t\t\t\t\t\t\t\t\t\t\t\t\t\t\t<img fetchpriority=\"high\" decoding=\"async\" width=\"627\" height=\"637\" src=\"https:\/\/www2.unifap.br\/cambientais\/files\/2025\/04\/59.jpg\" class=\"attachment-large size-large wp-image-4872\" alt=\"\" srcset=\"https:\/\/www2.unifap.br\/cambientais\/files\/2025\/04\/59.jpg 627w, https:\/\/www2.unifap.br\/cambientais\/files\/2025\/04\/59-295x300.jpg 295w, https:\/\/www2.unifap.br\/cambientais\/files\/2025\/04\/59-148x150.jpg 148w\" sizes=\"(max-width: 627px) 100vw, 627px\" \/>\t\t\t\t\t\t\t\t\t\t\t\t\t\t\t<\/div>\n\t\t\t\t<\/div>\n\t\t\t\t\t<\/div>\n\t\t<\/div>\n\t\t\t\t\t<\/div>\n\t\t<\/section>\n\t\t\t\t<section class=\"elementor-section elementor-top-section elementor-element elementor-element-7870140 elementor-section-boxed elementor-section-height-default elementor-section-height-default\" data-id=\"7870140\" data-element_type=\"section\" data-e-type=\"section\">\n\t\t\t\t\t\t<div class=\"elementor-container elementor-column-gap-default\">\n\t\t\t\t\t<div class=\"elementor-column elementor-col-100 elementor-top-column elementor-element elementor-element-7d06f9b\" data-id=\"7d06f9b\" data-element_type=\"column\" data-e-type=\"column\">\n\t\t\t<div class=\"elementor-widget-wrap elementor-element-populated\">\n\t\t\t\t\t\t<div class=\"elementor-element elementor-element-a5ae52a elementor-widget elementor-widget-text-editor\" data-id=\"a5ae52a\" data-element_type=\"widget\" data-e-type=\"widget\" data-widget_type=\"text-editor.default\">\n\t\t\t\t<div class=\"elementor-widget-container\">\n\t\t\t\t\t\t\t\t\t<p><span style=\"color: #000000\">Discentes do curso de gradua\u00e7\u00e3o e p\u00f3s-gradua\u00e7\u00e3o em Ci\u00eancias Ambientais (PPGCA) participaram de uma visita t\u00e9cnica na Esta\u00e7\u00e3o de Tratamento de \u00c1gua (ETA) de Macap\u00e1 no dia 24\/04\/2025.\u00a0<\/span><\/p><p><span style=\"color: #000000\">A visita guiada contou com o apoio de t\u00e9cnicos da Concession\u00e1ria de Saneamento do Amap\u00e1 (CSA) e foi acompanhada pela docente Karina Valverde e os t\u00e9cnicos Paulo Gibson e Geison Xisto.<\/span><\/p><p><span style=\"color: #000000\">Durante a visita, foram apresentadas as etapas que comp\u00f5em o processo convencional de tratamento de \u00e1gua da capital amapaense.<\/span><\/p>\t\t\t\t\t\t\t\t<\/div>\n\t\t\t\t<\/div>\n\t\t\t\t\t<\/div>\n\t\t<\/div>\n\t\t\t\t\t<\/div>\n\t\t<\/section>\n\t\t\t\t<section class=\"elementor-section elementor-top-section elementor-element elementor-element-3afa87e elementor-section-boxed elementor-section-height-default elementor-section-height-default\" data-id=\"3afa87e\" data-element_type=\"section\" data-e-type=\"section\">\n\t\t\t\t\t\t<div class=\"elementor-container elementor-column-gap-default\">\n\t\t\t\t\t<div class=\"elementor-column elementor-col-50 elementor-top-column elementor-element elementor-element-fcc6fb1\" data-id=\"fcc6fb1\" data-element_type=\"column\" data-e-type=\"column\">\n\t\t\t<div class=\"elementor-widget-wrap elementor-element-populated\">\n\t\t\t\t\t\t<div class=\"elementor-element elementor-element-1e009e6 elementor-widget elementor-widget-image\" data-id=\"1e009e6\" data-element_type=\"widget\" data-e-type=\"widget\" data-widget_type=\"image.default\">\n\t\t\t\t<div class=\"elementor-widget-container\">\n\t\t\t\t\t\t\t\t\t\t\t\t\t\t\t<img decoding=\"async\" width=\"625\" height=\"628\" src=\"https:\/\/www2.unifap.br\/cambientais\/files\/2025\/04\/52.jpg\" class=\"attachment-large size-large wp-image-4874\" alt=\"\" srcset=\"https:\/\/www2.unifap.br\/cambientais\/files\/2025\/04\/52.jpg 625w, https:\/\/www2.unifap.br\/cambientais\/files\/2025\/04\/52-300x300.jpg 300w, https:\/\/www2.unifap.br\/cambientais\/files\/2025\/04\/52-150x150.jpg 150w, https:\/\/www2.unifap.br\/cambientais\/files\/2025\/04\/52-149x150.jpg 149w\" sizes=\"(max-width: 625px) 100vw, 625px\" \/>\t\t\t\t\t\t\t\t\t\t\t\t\t\t\t<\/div>\n\t\t\t\t<\/div>\n\t\t\t\t<div class=\"elementor-element elementor-element-f0aa21b elementor-widget elementor-widget-image\" data-id=\"f0aa21b\" data-element_type=\"widget\" data-e-type=\"widget\" data-widget_type=\"image.default\">\n\t\t\t\t<div class=\"elementor-widget-container\">\n\t\t\t\t\t\t\t\t\t\t\t\t\t\t\t<img decoding=\"async\" width=\"800\" height=\"600\" src=\"https:\/\/www2.unifap.br\/cambientais\/files\/2025\/04\/50-1024x768.jpg\" class=\"attachment-large size-large wp-image-4875\" alt=\"\" srcset=\"https:\/\/www2.unifap.br\/cambientais\/files\/2025\/04\/50-1024x768.jpg 1024w, https:\/\/www2.unifap.br\/cambientais\/files\/2025\/04\/50-300x225.jpg 300w, https:\/\/www2.unifap.br\/cambientais\/files\/2025\/04\/50-768x576.jpg 768w, https:\/\/www2.unifap.br\/cambientais\/files\/2025\/04\/50-150x113.jpg 150w, https:\/\/www2.unifap.br\/cambientais\/files\/2025\/04\/50-200x150.jpg 200w, https:\/\/www2.unifap.br\/cambientais\/files\/2025\/04\/50.jpg 1280w\" sizes=\"(max-width: 800px) 100vw, 800px\" \/>\t\t\t\t\t\t\t\t\t\t\t\t\t\t\t<\/div>\n\t\t\t\t<\/div>\n\t\t\t\t\t<\/div>\n\t\t<\/div>\n\t\t\t\t<div class=\"elementor-column elementor-col-50 elementor-top-column elementor-element elementor-element-bb90629\" data-id=\"bb90629\" data-element_type=\"column\" data-e-type=\"column\">\n\t\t\t<div class=\"elementor-widget-wrap elementor-element-populated\">\n\t\t\t\t\t\t<div class=\"elementor-element elementor-element-c0a8f8c elementor-widget elementor-widget-image\" data-id=\"c0a8f8c\" data-element_type=\"widget\" data-e-type=\"widget\" data-widget_type=\"image.default\">\n\t\t\t\t<div class=\"elementor-widget-container\">\n\t\t\t\t\t\t\t\t\t\t\t\t\t\t\t<img loading=\"lazy\" decoding=\"async\" width=\"800\" height=\"625\" src=\"https:\/\/www2.unifap.br\/cambientais\/files\/2025\/04\/55.jpg\" class=\"attachment-large size-large wp-image-4873\" alt=\"\" srcset=\"https:\/\/www2.unifap.br\/cambientais\/files\/2025\/04\/55.jpg 921w, https:\/\/www2.unifap.br\/cambientais\/files\/2025\/04\/55-300x235.jpg 300w, https:\/\/www2.unifap.br\/cambientais\/files\/2025\/04\/55-768x600.jpg 768w, https:\/\/www2.unifap.br\/cambientais\/files\/2025\/04\/55-150x117.jpg 150w, https:\/\/www2.unifap.br\/cambientais\/files\/2025\/04\/55-192x150.jpg 192w\" sizes=\"(max-width: 800px) 100vw, 800px\" \/>\t\t\t\t\t\t\t\t\t\t\t\t\t\t\t<\/div>\n\t\t\t\t<\/div>\n\t\t\t\t<div class=\"elementor-element elementor-element-d1e1bb7 elementor-widget elementor-widget-image\" data-id=\"d1e1bb7\" data-element_type=\"widget\" data-e-type=\"widget\" data-widget_type=\"image.default\">\n\t\t\t\t<div class=\"elementor-widget-container\">\n\t\t\t\t\t\t\t\t\t\t\t\t\t\t\t<img loading=\"lazy\" decoding=\"async\" width=\"800\" height=\"561\" src=\"https:\/\/www2.unifap.br\/cambientais\/files\/2025\/04\/46.jpg\" class=\"attachment-large size-large wp-image-4876\" alt=\"\" srcset=\"https:\/\/www2.unifap.br\/cambientais\/files\/2025\/04\/46.jpg 1019w, https:\/\/www2.unifap.br\/cambientais\/files\/2025\/04\/46-300x211.jpg 300w, https:\/\/www2.unifap.br\/cambientais\/files\/2025\/04\/46-768x539.jpg 768w, https:\/\/www2.unifap.br\/cambientais\/files\/2025\/04\/46-150x105.jpg 150w, https:\/\/www2.unifap.br\/cambientais\/files\/2025\/04\/46-214x150.jpg 214w\" sizes=\"(max-width: 800px) 100vw, 800px\" \/>\t\t\t\t\t\t\t\t\t\t\t\t\t\t\t<\/div>\n\t\t\t\t<\/div>\n\t\t\t\t\t<\/div>\n\t\t<\/div>\n\t\t\t\t\t<\/div>\n\t\t<\/section>\n\t\t\t\t<\/div>\n\t\t","protected":false},"excerpt":{"rendered":"<p>Discentes do curso de gradua\u00e7\u00e3o e p\u00f3s-gradua\u00e7\u00e3o em Ci\u00eancias Ambientais (PPGCA) participaram de uma visita t\u00e9cnica na Esta\u00e7\u00e3o de Tratamento de \u00c1gua (ETA) de Macap\u00e1 no dia 24\/04\/2025.\u00a0 A visita guiada contou com o apoio de t\u00e9cnicos da Concession\u00e1ria de Saneamento do Amap\u00e1 (CSA) e foi acompanhada pela docente Karina \u2026 <a class=\"continue-reading-link\" href=\"http:\/\/www2.unifap.br\/cambientais\/2025\/04\/28\/24-04-2025-visita-tecnica-discentes-de-ciencias-ambientais-a-eta-macapa-ap\/\"> Continue Lendo <span class=\"meta-nav\">&rarr; <\/span><\/a><\/p>\n","protected":false},"author":3995,"featured_media":0,"comment_status":"open","ping_status":"open","sticky":false,"template":"","format":"standard","meta":{"inline_featured_image":false,"ngg_post_thumbnail":0,"footnotes":""},"categories":[1],"tags":[],"class_list":["post-4871","post","type-post","status-publish","format-standard","hentry","category-sem-categoria"],"_links":{"self":[{"href":"http:\/\/www2.unifap.br\/cambientais\/wp-json\/wp\/v2\/posts\/4871","targetHints":{"allow":["GET"]}}],"collection":[{"href":"http:\/\/www2.unifap.br\/cambientais\/wp-json\/wp\/v2\/posts"}],"about":[{"href":"http:\/\/www2.unifap.br\/cambientais\/wp-json\/wp\/v2\/types\/post"}],"author":[{"embeddable":true,"href":"http:\/\/www2.unifap.br\/cambientais\/wp-json\/wp\/v2\/users\/3995"}],"replies":[{"embeddable":true,"href":"http:\/\/www2.unifap.br\/cambientais\/wp-json\/wp\/v2\/comments?post=4871"}],"version-history":[{"count":6,"href":"http:\/\/www2.unifap.br\/cambientais\/wp-json\/wp\/v2\/posts\/4871\/revisions"}],"predecessor-version":[{"id":4882,"href":"http:\/\/www2.unifap.br\/cambientais\/wp-json\/wp\/v2\/posts\/4871\/revisions\/4882"}],"wp:attachment":[{"href":"http:\/\/www2.unifap.br\/cambientais\/wp-json\/wp\/v2\/media?parent=4871"}],"wp:term":[{"taxonomy":"category","embeddable":true,"href":"http:\/\/www2.unifap.br\/cambientais\/wp-json\/wp\/v2\/categories?post=4871"},{"taxonomy":"post_tag","embeddable":true,"href":"http:\/\/www2.unifap.br\/cambientais\/wp-json\/wp\/v2\/tags?post=4871"}],"curies":[{"name":"wp","href":"https:\/\/api.w.org\/{rel}","templated":true}]}}