{"id":4883,"date":"2025-04-28T19:14:00","date_gmt":"2025-04-28T19:14:00","guid":{"rendered":"https:\/\/www2.unifap.br\/cambientais\/?p=4883"},"modified":"2025-04-28T19:46:28","modified_gmt":"2025-04-28T19:46:28","slug":"acao-do-projeto-unifap-lixo-zero-na-escola-estadual-sebastiana-lenir-de-almeida","status":"publish","type":"post","link":"http:\/\/www2.unifap.br\/cambientais\/2025\/04\/28\/acao-do-projeto-unifap-lixo-zero-na-escola-estadual-sebastiana-lenir-de-almeida\/","title":{"rendered":"A\u00e7\u00e3o do projeto UNIFAP Lixo Zero na Escola Estadual Sebastiana Lenir\u00a0de\u00a0Almeida"},"content":{"rendered":"\t\t<div data-elementor-type=\"wp-post\" data-elementor-id=\"4883\" class=\"elementor elementor-4883\">\n\t\t\t\t\t\t<section class=\"elementor-section elementor-top-section elementor-element elementor-element-f910bdb elementor-section-boxed elementor-section-height-default elementor-section-height-default\" data-id=\"f910bdb\" data-element_type=\"section\" data-e-type=\"section\">\n\t\t\t\t\t\t<div class=\"elementor-container elementor-column-gap-default\">\n\t\t\t\t\t<div class=\"elementor-column elementor-col-100 elementor-top-column elementor-element elementor-element-eda2f8e\" data-id=\"eda2f8e\" data-element_type=\"column\" data-e-type=\"column\">\n\t\t\t<div class=\"elementor-widget-wrap elementor-element-populated\">\n\t\t\t\t\t\t<div class=\"elementor-element elementor-element-1e804c8 elementor-widget elementor-widget-image\" data-id=\"1e804c8\" data-element_type=\"widget\" data-e-type=\"widget\" data-widget_type=\"image.default\">\n\t\t\t\t<div class=\"elementor-widget-container\">\n\t\t\t\t\t\t\t\t\t\t\t\t\t\t\t<img fetchpriority=\"high\" decoding=\"async\" width=\"800\" height=\"423\" src=\"https:\/\/www2.unifap.br\/cambientais\/files\/2025\/04\/IMG-20250428-WA0110-1-1024x542.jpg\" class=\"attachment-large size-large wp-image-4892\" alt=\"\" srcset=\"https:\/\/www2.unifap.br\/cambientais\/files\/2025\/04\/IMG-20250428-WA0110-1-1024x542.jpg 1024w, https:\/\/www2.unifap.br\/cambientais\/files\/2025\/04\/IMG-20250428-WA0110-1-300x159.jpg 300w, https:\/\/www2.unifap.br\/cambientais\/files\/2025\/04\/IMG-20250428-WA0110-1-768x407.jpg 768w, https:\/\/www2.unifap.br\/cambientais\/files\/2025\/04\/IMG-20250428-WA0110-1-1536x813.jpg 1536w, https:\/\/www2.unifap.br\/cambientais\/files\/2025\/04\/IMG-20250428-WA0110-1-2048x1084.jpg 2048w, https:\/\/www2.unifap.br\/cambientais\/files\/2025\/04\/IMG-20250428-WA0110-1-150x79.jpg 150w, https:\/\/www2.unifap.br\/cambientais\/files\/2025\/04\/IMG-20250428-WA0110-1-250x132.jpg 250w\" sizes=\"(max-width: 800px) 100vw, 800px\" \/>\t\t\t\t\t\t\t\t\t\t\t\t\t\t\t<\/div>\n\t\t\t\t<\/div>\n\t\t\t\t\t<\/div>\n\t\t<\/div>\n\t\t\t\t\t<\/div>\n\t\t<\/section>\n\t\t\t\t<section class=\"elementor-section elementor-top-section elementor-element elementor-element-3e958c8 elementor-section-boxed elementor-section-height-default elementor-section-height-default\" data-id=\"3e958c8\" data-element_type=\"section\" data-e-type=\"section\">\n\t\t\t\t\t\t<div class=\"elementor-container elementor-column-gap-default\">\n\t\t\t\t\t<div class=\"elementor-column elementor-col-100 elementor-top-column elementor-element elementor-element-f15d291\" data-id=\"f15d291\" data-element_type=\"column\" data-e-type=\"column\">\n\t\t\t<div class=\"elementor-widget-wrap elementor-element-populated\">\n\t\t\t\t\t\t<div class=\"elementor-element elementor-element-3eb45f0 elementor-widget elementor-widget-text-editor\" data-id=\"3eb45f0\" data-element_type=\"widget\" data-e-type=\"widget\" data-widget_type=\"text-editor.default\">\n\t\t\t\t<div class=\"elementor-widget-container\">\n\t\t\t\t\t\t\t\t\t<h4>Discentes do projeto Unifap Lixo Zero, coordenado pela professora Gessica Santos, realizaram uma a\u00e7\u00e3o de educa\u00e7\u00e3o ambiental na Escola Estadual Sebastiana Lenir de Almeida&nbsp;<span style=\"font-size: inherit\">(localizada no bairro Trem, na cidade de Macap\u00e1\/AP) no \u00faltimo s\u00e1bado, dia 26\/04\/2025.<\/span><\/h4>\n<h4><span style=\"color: #000000\"><span style=\"font-size: inherit\">O objetivo destas a\u00e7\u00f5es \u00e9 levar&nbsp;<\/span><span style=\"font-size: inherit\">conhecimento sobre quest\u00f5es ambientais e ensinar pr\u00e1ticas de compostagem que podem ser multiplicadas pelos jovens em sua comunidade. O tema desta a\u00e7\u00e3o foi &#8220;<\/span><span style=\"font-size: inherit\"><i>Vamos transformar o Brasil com Educa\u00e7\u00e3o e Justi\u00e7a Clim\u00e1tica<\/i>.&#8221;<\/span><\/span><\/h4>\n<h4><span style=\"color: #000000\">Local: Escola Estadual Sebastiana Lenir de Almeida<\/span><br><span style=\"color: #000000\">Data: 26\/04\/2025<\/span><br><span style=\"color: #000000\">Hor\u00e1rio: 7h45 at\u00e9 10h30<\/span><br><span style=\"color: #000000\">Objetivo: fortalecer a\u00e7\u00f5es formativas no campo da educa\u00e7\u00e3o ambiental.<\/span><\/h4>\t\t\t\t\t\t\t\t<\/div>\n\t\t\t\t<\/div>\n\t\t\t\t\t<\/div>\n\t\t<\/div>\n\t\t\t\t\t<\/div>\n\t\t<\/section>\n\t\t\t\t<section class=\"elementor-section elementor-top-section elementor-element elementor-element-e0ad843 elementor-section-boxed elementor-section-height-default elementor-section-height-default\" data-id=\"e0ad843\" data-element_type=\"section\" data-e-type=\"section\">\n\t\t\t\t\t\t<div class=\"elementor-container elementor-column-gap-default\">\n\t\t\t\t\t<div class=\"elementor-column elementor-col-50 elementor-top-column elementor-element elementor-element-3fc2046\" data-id=\"3fc2046\" data-element_type=\"column\" data-e-type=\"column\">\n\t\t\t<div class=\"elementor-widget-wrap elementor-element-populated\">\n\t\t\t\t\t\t<div class=\"elementor-element elementor-element-bc05f3d elementor-widget elementor-widget-image\" data-id=\"bc05f3d\" data-element_type=\"widget\" data-e-type=\"widget\" data-widget_type=\"image.default\">\n\t\t\t\t<div class=\"elementor-widget-container\">\n\t\t\t\t\t\t\t\t\t\t\t\t\t\t\t<img decoding=\"async\" width=\"800\" height=\"370\" src=\"https:\/\/www2.unifap.br\/cambientais\/files\/2025\/04\/IMG-20250428-WA0114-1024x473.jpg\" class=\"attachment-large size-large wp-image-4885\" alt=\"\" srcset=\"https:\/\/www2.unifap.br\/cambientais\/files\/2025\/04\/IMG-20250428-WA0114-1024x473.jpg 1024w, https:\/\/www2.unifap.br\/cambientais\/files\/2025\/04\/IMG-20250428-WA0114-300x139.jpg 300w, https:\/\/www2.unifap.br\/cambientais\/files\/2025\/04\/IMG-20250428-WA0114-768x355.jpg 768w, https:\/\/www2.unifap.br\/cambientais\/files\/2025\/04\/IMG-20250428-WA0114-1536x710.jpg 1536w, https:\/\/www2.unifap.br\/cambientais\/files\/2025\/04\/IMG-20250428-WA0114-2048x946.jpg 2048w, https:\/\/www2.unifap.br\/cambientais\/files\/2025\/04\/IMG-20250428-WA0114-150x69.jpg 150w, https:\/\/www2.unifap.br\/cambientais\/files\/2025\/04\/IMG-20250428-WA0114-250x116.jpg 250w\" sizes=\"(max-width: 800px) 100vw, 800px\" \/>\t\t\t\t\t\t\t\t\t\t\t\t\t\t\t<\/div>\n\t\t\t\t<\/div>\n\t\t\t\t<div class=\"elementor-element elementor-element-0c31b65 elementor-widget elementor-widget-image\" data-id=\"0c31b65\" data-element_type=\"widget\" data-e-type=\"widget\" data-widget_type=\"image.default\">\n\t\t\t\t<div class=\"elementor-widget-container\">\n\t\t\t\t\t\t\t\t\t\t\t\t\t\t\t<img decoding=\"async\" width=\"800\" height=\"370\" src=\"https:\/\/www2.unifap.br\/cambientais\/files\/2025\/04\/IMG-20250428-WA0112-1024x473.jpg\" class=\"attachment-large size-large wp-image-4887\" alt=\"\" srcset=\"https:\/\/www2.unifap.br\/cambientais\/files\/2025\/04\/IMG-20250428-WA0112-1024x473.jpg 1024w, https:\/\/www2.unifap.br\/cambientais\/files\/2025\/04\/IMG-20250428-WA0112-300x139.jpg 300w, https:\/\/www2.unifap.br\/cambientais\/files\/2025\/04\/IMG-20250428-WA0112-768x355.jpg 768w, https:\/\/www2.unifap.br\/cambientais\/files\/2025\/04\/IMG-20250428-WA0112-1536x710.jpg 1536w, https:\/\/www2.unifap.br\/cambientais\/files\/2025\/04\/IMG-20250428-WA0112-2048x946.jpg 2048w, https:\/\/www2.unifap.br\/cambientais\/files\/2025\/04\/IMG-20250428-WA0112-150x69.jpg 150w, https:\/\/www2.unifap.br\/cambientais\/files\/2025\/04\/IMG-20250428-WA0112-250x116.jpg 250w\" sizes=\"(max-width: 800px) 100vw, 800px\" \/>\t\t\t\t\t\t\t\t\t\t\t\t\t\t\t<\/div>\n\t\t\t\t<\/div>\n\t\t\t\t\t<\/div>\n\t\t<\/div>\n\t\t\t\t<div class=\"elementor-column elementor-col-50 elementor-top-column elementor-element elementor-element-01f27b5\" data-id=\"01f27b5\" data-element_type=\"column\" data-e-type=\"column\">\n\t\t\t<div class=\"elementor-widget-wrap elementor-element-populated\">\n\t\t\t\t\t\t<div class=\"elementor-element elementor-element-413d353 elementor-widget elementor-widget-image\" data-id=\"413d353\" data-element_type=\"widget\" data-e-type=\"widget\" data-widget_type=\"image.default\">\n\t\t\t\t<div class=\"elementor-widget-container\">\n\t\t\t\t\t\t\t\t\t\t\t\t\t\t\t<img loading=\"lazy\" decoding=\"async\" width=\"800\" height=\"370\" src=\"https:\/\/www2.unifap.br\/cambientais\/files\/2025\/04\/IMG-20250428-WA0111-1024x473.jpg\" class=\"attachment-large size-large wp-image-4886\" alt=\"\" srcset=\"https:\/\/www2.unifap.br\/cambientais\/files\/2025\/04\/IMG-20250428-WA0111-1024x473.jpg 1024w, https:\/\/www2.unifap.br\/cambientais\/files\/2025\/04\/IMG-20250428-WA0111-300x139.jpg 300w, https:\/\/www2.unifap.br\/cambientais\/files\/2025\/04\/IMG-20250428-WA0111-768x355.jpg 768w, https:\/\/www2.unifap.br\/cambientais\/files\/2025\/04\/IMG-20250428-WA0111-1536x710.jpg 1536w, https:\/\/www2.unifap.br\/cambientais\/files\/2025\/04\/IMG-20250428-WA0111-2048x946.jpg 2048w, https:\/\/www2.unifap.br\/cambientais\/files\/2025\/04\/IMG-20250428-WA0111-150x69.jpg 150w, https:\/\/www2.unifap.br\/cambientais\/files\/2025\/04\/IMG-20250428-WA0111-250x116.jpg 250w\" sizes=\"(max-width: 800px) 100vw, 800px\" \/>\t\t\t\t\t\t\t\t\t\t\t\t\t\t\t<\/div>\n\t\t\t\t<\/div>\n\t\t\t\t<div class=\"elementor-element elementor-element-d15eaa9 elementor-widget elementor-widget-image\" data-id=\"d15eaa9\" data-element_type=\"widget\" data-e-type=\"widget\" data-widget_type=\"image.default\">\n\t\t\t\t<div class=\"elementor-widget-container\">\n\t\t\t\t\t\t\t\t\t\t\t\t\t\t\t<img loading=\"lazy\" decoding=\"async\" width=\"800\" height=\"370\" src=\"https:\/\/www2.unifap.br\/cambientais\/files\/2025\/04\/IMG-20250428-WA0113-1024x473.jpg\" class=\"attachment-large size-large wp-image-4884\" alt=\"\" srcset=\"https:\/\/www2.unifap.br\/cambientais\/files\/2025\/04\/IMG-20250428-WA0113-1024x473.jpg 1024w, https:\/\/www2.unifap.br\/cambientais\/files\/2025\/04\/IMG-20250428-WA0113-300x139.jpg 300w, https:\/\/www2.unifap.br\/cambientais\/files\/2025\/04\/IMG-20250428-WA0113-768x355.jpg 768w, https:\/\/www2.unifap.br\/cambientais\/files\/2025\/04\/IMG-20250428-WA0113-1536x710.jpg 1536w, https:\/\/www2.unifap.br\/cambientais\/files\/2025\/04\/IMG-20250428-WA0113-2048x946.jpg 2048w, https:\/\/www2.unifap.br\/cambientais\/files\/2025\/04\/IMG-20250428-WA0113-150x69.jpg 150w, https:\/\/www2.unifap.br\/cambientais\/files\/2025\/04\/IMG-20250428-WA0113-250x116.jpg 250w\" sizes=\"(max-width: 800px) 100vw, 800px\" \/>\t\t\t\t\t\t\t\t\t\t\t\t\t\t\t<\/div>\n\t\t\t\t<\/div>\n\t\t\t\t\t<\/div>\n\t\t<\/div>\n\t\t\t\t\t<\/div>\n\t\t<\/section>\n\t\t\t\t<\/div>\n\t\t","protected":false},"excerpt":{"rendered":"<p>Discentes do projeto Unifap Lixo Zero, coordenado pela professora Gessica Santos, realizaram uma a\u00e7\u00e3o de educa\u00e7\u00e3o ambiental na Escola Estadual Sebastiana Lenir de Almeida&nbsp;(localizada no bairro Trem, na cidade de Macap\u00e1\/AP) no \u00faltimo s\u00e1bado, dia 26\/04\/2025. O objetivo destas a\u00e7\u00f5es \u00e9 levar&nbsp;conhecimento sobre quest\u00f5es ambientais e ensinar pr\u00e1ticas de compostagem \u2026 <a class=\"continue-reading-link\" href=\"http:\/\/www2.unifap.br\/cambientais\/2025\/04\/28\/acao-do-projeto-unifap-lixo-zero-na-escola-estadual-sebastiana-lenir-de-almeida\/\"> Continue Lendo <span class=\"meta-nav\">&rarr; <\/span><\/a><\/p>\n","protected":false},"author":3995,"featured_media":0,"comment_status":"open","ping_status":"open","sticky":false,"template":"","format":"standard","meta":{"inline_featured_image":false,"ngg_post_thumbnail":0,"footnotes":""},"categories":[1],"tags":[],"class_list":["post-4883","post","type-post","status-publish","format-standard","hentry","category-sem-categoria"],"_links":{"self":[{"href":"http:\/\/www2.unifap.br\/cambientais\/wp-json\/wp\/v2\/posts\/4883","targetHints":{"allow":["GET"]}}],"collection":[{"href":"http:\/\/www2.unifap.br\/cambientais\/wp-json\/wp\/v2\/posts"}],"about":[{"href":"http:\/\/www2.unifap.br\/cambientais\/wp-json\/wp\/v2\/types\/post"}],"author":[{"embeddable":true,"href":"http:\/\/www2.unifap.br\/cambientais\/wp-json\/wp\/v2\/users\/3995"}],"replies":[{"embeddable":true,"href":"http:\/\/www2.unifap.br\/cambientais\/wp-json\/wp\/v2\/comments?post=4883"}],"version-history":[{"count":12,"href":"http:\/\/www2.unifap.br\/cambientais\/wp-json\/wp\/v2\/posts\/4883\/revisions"}],"predecessor-version":[{"id":4901,"href":"http:\/\/www2.unifap.br\/cambientais\/wp-json\/wp\/v2\/posts\/4883\/revisions\/4901"}],"wp:attachment":[{"href":"http:\/\/www2.unifap.br\/cambientais\/wp-json\/wp\/v2\/media?parent=4883"}],"wp:term":[{"taxonomy":"category","embeddable":true,"href":"http:\/\/www2.unifap.br\/cambientais\/wp-json\/wp\/v2\/categories?post=4883"},{"taxonomy":"post_tag","embeddable":true,"href":"http:\/\/www2.unifap.br\/cambientais\/wp-json\/wp\/v2\/tags?post=4883"}],"curies":[{"name":"wp","href":"https:\/\/api.w.org\/{rel}","templated":true}]}}