{"id":4918,"date":"2025-05-17T15:43:16","date_gmt":"2025-05-17T15:43:16","guid":{"rendered":"https:\/\/www2.unifap.br\/cambientais\/?p=4918"},"modified":"2025-05-17T15:46:05","modified_gmt":"2025-05-17T15:46:05","slug":"pre-cop-30-na-unifap-21-a-23-05-2025","status":"publish","type":"post","link":"http:\/\/www2.unifap.br\/cambientais\/2025\/05\/17\/pre-cop-30-na-unifap-21-a-23-05-2025\/","title":{"rendered":"Pr\u00e9-COP 30 na UNIFAP &#8211; 21 a 23\/05\/2025"},"content":{"rendered":"\t\t<div data-elementor-type=\"wp-post\" data-elementor-id=\"4918\" class=\"elementor elementor-4918\">\n\t\t\t\t\t\t<section class=\"elementor-section elementor-top-section elementor-element elementor-element-0c98b85 elementor-section-boxed elementor-section-height-default elementor-section-height-default\" data-id=\"0c98b85\" data-element_type=\"section\" data-e-type=\"section\">\n\t\t\t\t\t\t<div class=\"elementor-container elementor-column-gap-default\">\n\t\t\t\t\t<div class=\"elementor-column elementor-col-100 elementor-top-column elementor-element elementor-element-0367975\" data-id=\"0367975\" data-element_type=\"column\" data-e-type=\"column\">\n\t\t\t<div class=\"elementor-widget-wrap elementor-element-populated\">\n\t\t\t\t\t\t<div class=\"elementor-element elementor-element-99fdd2c elementor-widget elementor-widget-image\" data-id=\"99fdd2c\" data-element_type=\"widget\" data-e-type=\"widget\" data-widget_type=\"image.default\">\n\t\t\t\t<div class=\"elementor-widget-container\">\n\t\t\t\t\t\t\t\t\t\t\t\t\t\t\t<img fetchpriority=\"high\" decoding=\"async\" width=\"800\" height=\"662\" src=\"https:\/\/www2.unifap.br\/cambientais\/files\/2025\/05\/pre-cop-unifap.png\" class=\"attachment-large size-large wp-image-4919\" alt=\"\" srcset=\"https:\/\/www2.unifap.br\/cambientais\/files\/2025\/05\/pre-cop-unifap.png 867w, https:\/\/www2.unifap.br\/cambientais\/files\/2025\/05\/pre-cop-unifap-300x248.png 300w, https:\/\/www2.unifap.br\/cambientais\/files\/2025\/05\/pre-cop-unifap-768x635.png 768w, https:\/\/www2.unifap.br\/cambientais\/files\/2025\/05\/pre-cop-unifap-150x124.png 150w, https:\/\/www2.unifap.br\/cambientais\/files\/2025\/05\/pre-cop-unifap-181x150.png 181w\" sizes=\"(max-width: 800px) 100vw, 800px\" \/>\t\t\t\t\t\t\t\t\t\t\t\t\t\t\t<\/div>\n\t\t\t\t<\/div>\n\t\t\t\t\t<\/div>\n\t\t<\/div>\n\t\t\t\t\t<\/div>\n\t\t<\/section>\n\t\t\t\t<section class=\"elementor-section elementor-top-section elementor-element elementor-element-755d367 elementor-section-boxed elementor-section-height-default elementor-section-height-default\" data-id=\"755d367\" data-element_type=\"section\" data-e-type=\"section\">\n\t\t\t\t\t\t<div class=\"elementor-container elementor-column-gap-default\">\n\t\t\t\t\t<div class=\"elementor-column elementor-col-100 elementor-top-column elementor-element elementor-element-2b1c431\" data-id=\"2b1c431\" data-element_type=\"column\" data-e-type=\"column\">\n\t\t\t<div class=\"elementor-widget-wrap elementor-element-populated\">\n\t\t\t\t\t\t<div class=\"elementor-element elementor-element-d6d1afd elementor-widget elementor-widget-text-editor\" data-id=\"d6d1afd\" data-element_type=\"widget\" data-e-type=\"widget\" data-widget_type=\"text-editor.default\">\n\t\t\t\t<div class=\"elementor-widget-container\">\n\t\t\t\t\t\t\t\t\t<h2>Programa\u00e7\u00e3o cient\u00edfica ocorrer\u00e1 entre os dias 21 e 23 de maio de 2025 na Biblioteca Central da UNIFAP &#8211; Campus Marco Zero<\/h2><div>\u00a0<\/div><div style=\"text-align: center\"><span style=\"color: #000000\">Site do evento e inscri\u00e7\u00f5es:<\/span> <span style=\"color: #0000ff\"><a style=\"color: #0000ff\" href=\"https:\/\/www2.unifap.br\/dpq\/pre-cop-30\/\">https:\/\/www2.unifap.br\/dpq\/pre-cop-30\/<\/a><\/span><\/div>\t\t\t\t\t\t\t\t<\/div>\n\t\t\t\t<\/div>\n\t\t\t\t\t<\/div>\n\t\t<\/div>\n\t\t\t\t\t<\/div>\n\t\t<\/section>\n\t\t\t\t<section class=\"elementor-section elementor-top-section elementor-element elementor-element-15b103a elementor-section-boxed elementor-section-height-default elementor-section-height-default\" data-id=\"15b103a\" data-element_type=\"section\" data-e-type=\"section\">\n\t\t\t\t\t\t<div class=\"elementor-container elementor-column-gap-default\">\n\t\t\t\t\t<div class=\"elementor-column elementor-col-100 elementor-top-column elementor-element elementor-element-24f561c\" data-id=\"24f561c\" data-element_type=\"column\" data-e-type=\"column\">\n\t\t\t<div class=\"elementor-widget-wrap elementor-element-populated\">\n\t\t\t\t\t\t<div class=\"elementor-element elementor-element-6c76cc5 elementor-widget elementor-widget-image\" data-id=\"6c76cc5\" data-element_type=\"widget\" data-e-type=\"widget\" data-widget_type=\"image.default\">\n\t\t\t\t<div class=\"elementor-widget-container\">\n\t\t\t\t\t\t\t\t\t\t\t\t\t\t\t<img decoding=\"async\" width=\"674\" height=\"542\" src=\"https:\/\/www2.unifap.br\/cambientais\/files\/2025\/05\/PROGRAMACAO-E-INSCRICOES.png\" class=\"attachment-large size-large wp-image-4920\" alt=\"\" srcset=\"https:\/\/www2.unifap.br\/cambientais\/files\/2025\/05\/PROGRAMACAO-E-INSCRICOES.png 674w, https:\/\/www2.unifap.br\/cambientais\/files\/2025\/05\/PROGRAMACAO-E-INSCRICOES-300x241.png 300w, https:\/\/www2.unifap.br\/cambientais\/files\/2025\/05\/PROGRAMACAO-E-INSCRICOES-150x121.png 150w, https:\/\/www2.unifap.br\/cambientais\/files\/2025\/05\/PROGRAMACAO-E-INSCRICOES-187x150.png 187w\" sizes=\"(max-width: 674px) 100vw, 674px\" \/>\t\t\t\t\t\t\t\t\t\t\t\t\t\t\t<\/div>\n\t\t\t\t<\/div>\n\t\t\t\t\t<\/div>\n\t\t<\/div>\n\t\t\t\t\t<\/div>\n\t\t<\/section>\n\t\t\t\t<\/div>\n\t\t","protected":false},"excerpt":{"rendered":"<p>Programa\u00e7\u00e3o cient\u00edfica ocorrer\u00e1 entre os dias 21 e 23 de maio de 2025 na Biblioteca Central da UNIFAP &#8211; Campus Marco Zero \u00a0Site do evento e inscri\u00e7\u00f5es: https:\/\/www2.unifap.br\/dpq\/pre-cop-30\/<\/p>\n","protected":false},"author":3995,"featured_media":0,"comment_status":"open","ping_status":"open","sticky":false,"template":"","format":"standard","meta":{"inline_featured_image":false,"ngg_post_thumbnail":0,"footnotes":""},"categories":[1],"tags":[],"class_list":["post-4918","post","type-post","status-publish","format-standard","hentry","category-sem-categoria"],"_links":{"self":[{"href":"http:\/\/www2.unifap.br\/cambientais\/wp-json\/wp\/v2\/posts\/4918","targetHints":{"allow":["GET"]}}],"collection":[{"href":"http:\/\/www2.unifap.br\/cambientais\/wp-json\/wp\/v2\/posts"}],"about":[{"href":"http:\/\/www2.unifap.br\/cambientais\/wp-json\/wp\/v2\/types\/post"}],"author":[{"embeddable":true,"href":"http:\/\/www2.unifap.br\/cambientais\/wp-json\/wp\/v2\/users\/3995"}],"replies":[{"embeddable":true,"href":"http:\/\/www2.unifap.br\/cambientais\/wp-json\/wp\/v2\/comments?post=4918"}],"version-history":[{"count":3,"href":"http:\/\/www2.unifap.br\/cambientais\/wp-json\/wp\/v2\/posts\/4918\/revisions"}],"predecessor-version":[{"id":4923,"href":"http:\/\/www2.unifap.br\/cambientais\/wp-json\/wp\/v2\/posts\/4918\/revisions\/4923"}],"wp:attachment":[{"href":"http:\/\/www2.unifap.br\/cambientais\/wp-json\/wp\/v2\/media?parent=4918"}],"wp:term":[{"taxonomy":"category","embeddable":true,"href":"http:\/\/www2.unifap.br\/cambientais\/wp-json\/wp\/v2\/categories?post=4918"},{"taxonomy":"post_tag","embeddable":true,"href":"http:\/\/www2.unifap.br\/cambientais\/wp-json\/wp\/v2\/tags?post=4918"}],"curies":[{"name":"wp","href":"https:\/\/api.w.org\/{rel}","templated":true}]}}