{"id":5048,"date":"2025-08-20T19:22:12","date_gmt":"2025-08-20T19:22:12","guid":{"rendered":"https:\/\/www2.unifap.br\/cambientais\/?p=5048"},"modified":"2025-08-20T19:43:51","modified_gmt":"2025-08-20T19:43:51","slug":"selecao-bolsista-de-extensao-2025-2026","status":"publish","type":"post","link":"http:\/\/www2.unifap.br\/cambientais\/2025\/08\/20\/selecao-bolsista-de-extensao-2025-2026\/","title":{"rendered":"SELE\u00c7\u00c3O BOLSISTA DE EXTENS\u00c3O &#8211; 2025-2026"},"content":{"rendered":"\t\t<div data-elementor-type=\"wp-post\" data-elementor-id=\"5048\" class=\"elementor elementor-5048\">\n\t\t\t\t\t\t<section class=\"elementor-section elementor-top-section elementor-element elementor-element-919e16d elementor-section-boxed elementor-section-height-default elementor-section-height-default\" data-id=\"919e16d\" data-element_type=\"section\" data-e-type=\"section\">\n\t\t\t\t\t\t<div class=\"elementor-container elementor-column-gap-default\">\n\t\t\t\t\t<div class=\"elementor-column elementor-col-100 elementor-top-column elementor-element elementor-element-8c5696c\" data-id=\"8c5696c\" data-element_type=\"column\" data-e-type=\"column\">\n\t\t\t<div class=\"elementor-widget-wrap elementor-element-populated\">\n\t\t\t\t\t\t<div class=\"elementor-element elementor-element-a08186c elementor-widget elementor-widget-image\" data-id=\"a08186c\" data-element_type=\"widget\" data-e-type=\"widget\" data-widget_type=\"image.default\">\n\t\t\t\t<div class=\"elementor-widget-container\">\n\t\t\t\t\t\t\t\t\t\t\t\t\t\t\t<img fetchpriority=\"high\" decoding=\"async\" width=\"800\" height=\"335\" src=\"https:\/\/www2.unifap.br\/cambientais\/files\/2025\/08\/EXTENSAO-1024x429.png\" class=\"attachment-large size-large wp-image-5049\" alt=\"\" srcset=\"https:\/\/www2.unifap.br\/cambientais\/files\/2025\/08\/EXTENSAO-1024x429.png 1024w, https:\/\/www2.unifap.br\/cambientais\/files\/2025\/08\/EXTENSAO-300x126.png 300w, https:\/\/www2.unifap.br\/cambientais\/files\/2025\/08\/EXTENSAO-768x322.png 768w, https:\/\/www2.unifap.br\/cambientais\/files\/2025\/08\/EXTENSAO-150x63.png 150w, https:\/\/www2.unifap.br\/cambientais\/files\/2025\/08\/EXTENSAO-250x105.png 250w, https:\/\/www2.unifap.br\/cambientais\/files\/2025\/08\/EXTENSAO.png 1294w\" sizes=\"(max-width: 800px) 100vw, 800px\" \/>\t\t\t\t\t\t\t\t\t\t\t\t\t\t\t<\/div>\n\t\t\t\t<\/div>\n\t\t\t\t\t<\/div>\n\t\t<\/div>\n\t\t\t\t\t<\/div>\n\t\t<\/section>\n\t\t\t\t<section class=\"elementor-section elementor-top-section elementor-element elementor-element-24b0326 elementor-section-boxed elementor-section-height-default elementor-section-height-default\" data-id=\"24b0326\" data-element_type=\"section\" data-e-type=\"section\">\n\t\t\t\t\t\t<div class=\"elementor-container elementor-column-gap-default\">\n\t\t\t\t\t<div class=\"elementor-column elementor-col-100 elementor-top-column elementor-element elementor-element-a6b7488\" data-id=\"a6b7488\" data-element_type=\"column\" data-e-type=\"column\">\n\t\t\t<div class=\"elementor-widget-wrap elementor-element-populated\">\n\t\t\t\t\t\t<div class=\"elementor-element elementor-element-56ca58c elementor-widget elementor-widget-text-editor\" data-id=\"56ca58c\" data-element_type=\"widget\" data-e-type=\"widget\" data-widget_type=\"text-editor.default\">\n\t\t\t\t<div class=\"elementor-widget-container\">\n\t\t\t\t\t\t\t\t\t<p class=\"cvGsUA direction-ltr align-justify para-style-body\"><span class=\"a_GcMg font-feature-liga-off font-feature-clig-off font-feature-calt-off text-decoration-none text-strikethrough-none\" style=\"color: #000000\">O projeto \u201c Extens\u00e3o Ambiental \u2013 Saberes e pr\u00e1ticas em Ci\u00eancias Ambientais \u201d do curso de Ci\u00eancias Ambientais, cadastrado no DEX\/PROEAC sob o n\u00famero &#8211; PJ 080\/2025, coordenado pela Professora Dra. Alzira Marques Oliveira est\u00e1 selecionando um (a) bolsista para atuar como monitor (a) das a\u00e7\u00f5es de extens\u00e3o previstas nos pr\u00f3ximos 6 (seis) meses a contar da data de vig\u00eancia do projeto (25\/08\/2025 a 24\/05\/2026). A bolsa poder\u00e1 ser prorrogado para o per\u00edodo integral de vig\u00eancia do projeto ou o bolsista poder\u00e1 ser substitu\u00eddo a qualquer momento, dependendo do seu rendimento e capacidade.<\/span><\/p>\n<p class=\"cvGsUA direction-ltr align-justify para-style-body\"><span class=\"a_GcMg font-feature-liga-off font-feature-clig-off font-feature-calt-off text-decoration-none text-strikethrough-none\" style=\"color: #ff0000\">O valor da bolsa ser\u00e1 de R$ 500,00 (quinhentos reais).<\/span><\/p>\n<p class=\"cvGsUA direction-ltr align-justify para-style-body\"><span class=\"a_GcMg font-feature-liga-off font-feature-clig-off font-feature-calt-off text-decoration-none text-strikethrough-none\" style=\"color: #000000\">Os interessados dever\u00e3o estar nas turmas 2024 ou 2025 do curso de ci\u00eancias ambientais da UNIFAP* e possuir rendimento acad\u00eamico exemplar e enviar todos os documentos exigidos no ato da inscri\u00e7\u00e3o. Entrevistas complementares poder\u00e3o ser agendadas como crit\u00e9rio de desempate.<\/span><\/p>\n<p class=\"cvGsUA direction-ltr align-justify para-style-body\"><span class=\"a_GcMg font-feature-liga-off font-feature-clig-off font-feature-calt-off text-decoration-none text-strikethrough-none\" style=\"color: #000000\">Os(as) candidatos(as) ser\u00e3o classificados conforme seu \u00edndice Geral de Rendimento Acad\u00eamico (IRA) considerando as inscri\u00e7\u00f5es realizadas entre os dias 20-21\/08\/2025.<\/span><\/p>\n<p class=\"cvGsUA direction-ltr align-justify para-style-body\"><span class=\"a_GcMg font-feature-liga-off font-feature-clig-off font-feature-calt-off text-decoration-none text-strikethrough-none\" style=\"color: #000000\">As entrevistas ser\u00e3o agendadas, conforme a necessidade, para o dia 22\/08\/2025 no Bloco de Ci\u00eancias Ambientais (sala da coordena\u00e7\u00e3o) das 08h \u00e0s 12h.<\/span><\/p>\n<p class=\"cvGsUA direction-ltr align-justify para-style-body\"><span class=\"a_GcMg font-feature-liga-off font-feature-clig-off font-feature-calt-off text-decoration-none text-strikethrough-none\" style=\"color: #000000\">INSCRI\u00c7\u00d5ES E MAIS INFORMA\u00c7\u00d5ES SOBRE OS CRIT\u00c9RIOS DE ELEGIBILIDADE:<\/span><\/p>\n<p style=\"text-align: center\"><span style=\"color: #000000\">CLIQUE NO LINK ABAIXO PARA INSCRI\u00c7\u00c3O<\/span><\/p>\n<p style=\"text-align: center\"><span style=\"text-decoration: underline\"><span style=\"color: #0000ff\"><a style=\"color: #0000ff;text-decoration: underline\" href=\"https:\/\/forms.gle\/okkjaScsq9rvYKci9\">FORMUL\u00c1RIO PARA INSCRI\u00c7\u00c3O<\/a><\/span><\/span><\/p>\n<p class=\"cvGsUA direction-ltr align-justify para-style-body\"><span style=\"color: #000000\"><span class=\"a_GcMg font-feature-liga-off font-feature-clig-off font-feature-calt-off text-decoration-none text-strikethrough-none\">*Este crit\u00e9rio de inclus\u00e3o refere-se \u00e0s turmas que ingressaram na institui\u00e7\u00e3o ap\u00f3s a institucionaliza\u00e7\u00e3o das Atividades Curriculares de Extens\u00e3o no Projeto Pedag\u00f3gico do Curso de Ci\u00eancias Ambientais a partir da <\/span><a class=\"a_GcMg font-feature-liga-off font-feature-clig-off font-feature-calt-off text-decoration-underline text-strikethrough-none\" style=\"color: #000000\" href=\"https:\/\/www2.unifap.br\/cambientais\/files\/2024\/09\/RES.20._2024_-_CONSU_-_Converso_da_Res._9.2023_-_CONSU_-_Homologa_a_aprovao_d.pdf\" target=\"_blank\" rel=\"noopener\">Resolu\u00e7\u00e3o n\u00ba 20\/2024 CONSU\/UNIFAP<\/a><span class=\"a_GcMg font-feature-liga-off font-feature-clig-off font-feature-calt-off text-decoration-none text-strikethrough-none\">.<\/span><\/span><\/p>\t\t\t\t\t\t\t\t<\/div>\n\t\t\t\t<\/div>\n\t\t\t\t\t<\/div>\n\t\t<\/div>\n\t\t\t\t\t<\/div>\n\t\t<\/section>\n\t\t\t\t<\/div>\n\t\t","protected":false},"excerpt":{"rendered":"<p>O projeto \u201c Extens\u00e3o Ambiental \u2013 Saberes e pr\u00e1ticas em Ci\u00eancias Ambientais \u201d do curso de Ci\u00eancias Ambientais, cadastrado no DEX\/PROEAC sob o n\u00famero &#8211; PJ 080\/2025, coordenado pela Professora Dra. Alzira Marques Oliveira est\u00e1 selecionando um (a) bolsista para atuar como monitor (a) das a\u00e7\u00f5es de extens\u00e3o previstas nos \u2026 <a class=\"continue-reading-link\" href=\"http:\/\/www2.unifap.br\/cambientais\/2025\/08\/20\/selecao-bolsista-de-extensao-2025-2026\/\"> Continue Lendo <span class=\"meta-nav\">&rarr; <\/span><\/a><\/p>\n","protected":false},"author":3995,"featured_media":0,"comment_status":"open","ping_status":"open","sticky":false,"template":"","format":"standard","meta":{"inline_featured_image":false,"ngg_post_thumbnail":0,"footnotes":""},"categories":[1],"tags":[],"class_list":["post-5048","post","type-post","status-publish","format-standard","hentry","category-sem-categoria"],"_links":{"self":[{"href":"http:\/\/www2.unifap.br\/cambientais\/wp-json\/wp\/v2\/posts\/5048","targetHints":{"allow":["GET"]}}],"collection":[{"href":"http:\/\/www2.unifap.br\/cambientais\/wp-json\/wp\/v2\/posts"}],"about":[{"href":"http:\/\/www2.unifap.br\/cambientais\/wp-json\/wp\/v2\/types\/post"}],"author":[{"embeddable":true,"href":"http:\/\/www2.unifap.br\/cambientais\/wp-json\/wp\/v2\/users\/3995"}],"replies":[{"embeddable":true,"href":"http:\/\/www2.unifap.br\/cambientais\/wp-json\/wp\/v2\/comments?post=5048"}],"version-history":[{"count":9,"href":"http:\/\/www2.unifap.br\/cambientais\/wp-json\/wp\/v2\/posts\/5048\/revisions"}],"predecessor-version":[{"id":5059,"href":"http:\/\/www2.unifap.br\/cambientais\/wp-json\/wp\/v2\/posts\/5048\/revisions\/5059"}],"wp:attachment":[{"href":"http:\/\/www2.unifap.br\/cambientais\/wp-json\/wp\/v2\/media?parent=5048"}],"wp:term":[{"taxonomy":"category","embeddable":true,"href":"http:\/\/www2.unifap.br\/cambientais\/wp-json\/wp\/v2\/categories?post=5048"},{"taxonomy":"post_tag","embeddable":true,"href":"http:\/\/www2.unifap.br\/cambientais\/wp-json\/wp\/v2\/tags?post=5048"}],"curies":[{"name":"wp","href":"https:\/\/api.w.org\/{rel}","templated":true}]}}