{"id":5078,"date":"2025-09-22T19:35:39","date_gmt":"2025-09-22T19:35:39","guid":{"rendered":"https:\/\/www2.unifap.br\/cambientais\/?p=5078"},"modified":"2025-09-22T19:41:18","modified_gmt":"2025-09-22T19:41:18","slug":"20-09-dia-mundial-de-limpeza-de-rios-e-praias","status":"publish","type":"post","link":"http:\/\/www2.unifap.br\/cambientais\/2025\/09\/22\/20-09-dia-mundial-de-limpeza-de-rios-e-praias\/","title":{"rendered":"20\/09 &#8211; Dia Mundial de Limpeza de Rios e Praias"},"content":{"rendered":"\t\t<div data-elementor-type=\"wp-post\" data-elementor-id=\"5078\" class=\"elementor elementor-5078\">\n\t\t\t\t\t\t<section class=\"elementor-section elementor-top-section elementor-element elementor-element-b523779 elementor-section-boxed elementor-section-height-default elementor-section-height-default\" data-id=\"b523779\" data-element_type=\"section\" data-e-type=\"section\">\n\t\t\t\t\t\t<div class=\"elementor-container elementor-column-gap-default\">\n\t\t\t\t\t<div class=\"elementor-column elementor-col-50 elementor-top-column elementor-element elementor-element-3542051\" data-id=\"3542051\" data-element_type=\"column\" data-e-type=\"column\">\n\t\t\t<div class=\"elementor-widget-wrap elementor-element-populated\">\n\t\t\t\t\t\t<div class=\"elementor-element elementor-element-0adf862 elementor-widget elementor-widget-image\" data-id=\"0adf862\" data-element_type=\"widget\" data-e-type=\"widget\" data-widget_type=\"image.default\">\n\t\t\t\t<div class=\"elementor-widget-container\">\n\t\t\t\t\t\t\t\t\t\t\t\t\t\t\t<img fetchpriority=\"high\" decoding=\"async\" width=\"580\" height=\"1024\" src=\"https:\/\/www2.unifap.br\/cambientais\/files\/2025\/09\/IMG-20250922-WA0070-580x1024.jpg\" class=\"attachment-large size-large wp-image-5082\" alt=\"\" srcset=\"https:\/\/www2.unifap.br\/cambientais\/files\/2025\/09\/IMG-20250922-WA0070-580x1024.jpg 580w, https:\/\/www2.unifap.br\/cambientais\/files\/2025\/09\/IMG-20250922-WA0070-170x300.jpg 170w, https:\/\/www2.unifap.br\/cambientais\/files\/2025\/09\/IMG-20250922-WA0070-768x1356.jpg 768w, https:\/\/www2.unifap.br\/cambientais\/files\/2025\/09\/IMG-20250922-WA0070-85x150.jpg 85w, https:\/\/www2.unifap.br\/cambientais\/files\/2025\/09\/IMG-20250922-WA0070.jpg 828w\" sizes=\"(max-width: 580px) 100vw, 580px\" \/>\t\t\t\t\t\t\t\t\t\t\t\t\t\t\t<\/div>\n\t\t\t\t<\/div>\n\t\t\t\t<div class=\"elementor-element elementor-element-2c73458 elementor-widget elementor-widget-image\" data-id=\"2c73458\" data-element_type=\"widget\" data-e-type=\"widget\" data-widget_type=\"image.default\">\n\t\t\t\t<div class=\"elementor-widget-container\">\n\t\t\t\t\t\t\t\t\t\t\t\t\t\t\t<img decoding=\"async\" width=\"606\" height=\"1024\" src=\"https:\/\/www2.unifap.br\/cambientais\/files\/2025\/09\/IMG-20250922-WA0069-606x1024.jpg\" class=\"attachment-large size-large wp-image-5084\" alt=\"\" srcset=\"https:\/\/www2.unifap.br\/cambientais\/files\/2025\/09\/IMG-20250922-WA0069-606x1024.jpg 606w, https:\/\/www2.unifap.br\/cambientais\/files\/2025\/09\/IMG-20250922-WA0069-178x300.jpg 178w, https:\/\/www2.unifap.br\/cambientais\/files\/2025\/09\/IMG-20250922-WA0069-768x1297.jpg 768w, https:\/\/www2.unifap.br\/cambientais\/files\/2025\/09\/IMG-20250922-WA0069-89x150.jpg 89w, https:\/\/www2.unifap.br\/cambientais\/files\/2025\/09\/IMG-20250922-WA0069.jpg 828w\" sizes=\"(max-width: 606px) 100vw, 606px\" \/>\t\t\t\t\t\t\t\t\t\t\t\t\t\t\t<\/div>\n\t\t\t\t<\/div>\n\t\t\t\t\t<\/div>\n\t\t<\/div>\n\t\t\t\t<div class=\"elementor-column elementor-col-50 elementor-top-column elementor-element elementor-element-1f4ff3a\" data-id=\"1f4ff3a\" data-element_type=\"column\" data-e-type=\"column\">\n\t\t\t<div class=\"elementor-widget-wrap elementor-element-populated\">\n\t\t\t\t\t\t<div class=\"elementor-element elementor-element-1ccb969 elementor-widget elementor-widget-image\" data-id=\"1ccb969\" data-element_type=\"widget\" data-e-type=\"widget\" data-widget_type=\"image.default\">\n\t\t\t\t<div class=\"elementor-widget-container\">\n\t\t\t\t\t\t\t\t\t\t\t\t\t\t\t<img decoding=\"async\" width=\"770\" height=\"1024\" src=\"https:\/\/www2.unifap.br\/cambientais\/files\/2025\/09\/Imagem-do-WhatsApp-de-2025-09-22-as-15.25.10_f9a0c4bf-770x1024.jpg\" class=\"attachment-large size-large wp-image-5080\" alt=\"\" srcset=\"https:\/\/www2.unifap.br\/cambientais\/files\/2025\/09\/Imagem-do-WhatsApp-de-2025-09-22-as-15.25.10_f9a0c4bf-770x1024.jpg 770w, https:\/\/www2.unifap.br\/cambientais\/files\/2025\/09\/Imagem-do-WhatsApp-de-2025-09-22-as-15.25.10_f9a0c4bf-226x300.jpg 226w, https:\/\/www2.unifap.br\/cambientais\/files\/2025\/09\/Imagem-do-WhatsApp-de-2025-09-22-as-15.25.10_f9a0c4bf-768x1021.jpg 768w, https:\/\/www2.unifap.br\/cambientais\/files\/2025\/09\/Imagem-do-WhatsApp-de-2025-09-22-as-15.25.10_f9a0c4bf-113x150.jpg 113w, https:\/\/www2.unifap.br\/cambientais\/files\/2025\/09\/Imagem-do-WhatsApp-de-2025-09-22-as-15.25.10_f9a0c4bf.jpg 963w\" sizes=\"(max-width: 770px) 100vw, 770px\" \/>\t\t\t\t\t\t\t\t\t\t\t\t\t\t\t<\/div>\n\t\t\t\t<\/div>\n\t\t\t\t<div class=\"elementor-element elementor-element-f4574ad elementor-widget elementor-widget-image\" data-id=\"f4574ad\" data-element_type=\"widget\" data-e-type=\"widget\" data-widget_type=\"image.default\">\n\t\t\t\t<div class=\"elementor-widget-container\">\n\t\t\t\t\t\t\t\t\t\t\t\t\t\t\t<img loading=\"lazy\" decoding=\"async\" width=\"584\" height=\"1024\" src=\"https:\/\/www2.unifap.br\/cambientais\/files\/2025\/09\/IMG-20250922-WA0071-584x1024.jpg\" class=\"attachment-large size-large wp-image-5083\" alt=\"\" srcset=\"https:\/\/www2.unifap.br\/cambientais\/files\/2025\/09\/IMG-20250922-WA0071-584x1024.jpg 584w, https:\/\/www2.unifap.br\/cambientais\/files\/2025\/09\/IMG-20250922-WA0071-171x300.jpg 171w, https:\/\/www2.unifap.br\/cambientais\/files\/2025\/09\/IMG-20250922-WA0071-768x1347.jpg 768w, https:\/\/www2.unifap.br\/cambientais\/files\/2025\/09\/IMG-20250922-WA0071-86x150.jpg 86w, https:\/\/www2.unifap.br\/cambientais\/files\/2025\/09\/IMG-20250922-WA0071.jpg 828w\" sizes=\"(max-width: 584px) 100vw, 584px\" \/>\t\t\t\t\t\t\t\t\t\t\t\t\t\t\t<\/div>\n\t\t\t\t<\/div>\n\t\t\t\t\t<\/div>\n\t\t<\/div>\n\t\t\t\t\t<\/div>\n\t\t<\/section>\n\t\t\t\t<section class=\"elementor-section elementor-top-section elementor-element elementor-element-5ad84e6 elementor-section-boxed elementor-section-height-default elementor-section-height-default\" data-id=\"5ad84e6\" data-element_type=\"section\" data-e-type=\"section\">\n\t\t\t\t\t\t<div class=\"elementor-container elementor-column-gap-default\">\n\t\t\t\t\t<div class=\"elementor-column elementor-col-100 elementor-top-column elementor-element elementor-element-b127ee5\" data-id=\"b127ee5\" data-element_type=\"column\" data-e-type=\"column\">\n\t\t\t<div class=\"elementor-widget-wrap elementor-element-populated\">\n\t\t\t\t\t\t<div class=\"elementor-element elementor-element-3deaa77 elementor-widget elementor-widget-text-editor\" data-id=\"3deaa77\" data-element_type=\"widget\" data-e-type=\"widget\" data-widget_type=\"text-editor.default\">\n\t\t\t\t<div class=\"elementor-widget-container\">\n\t\t\t\t\t\t\t\t\t<p><span style=\"color: #000000\">No dia 20 de setembro de 2025, discentes do curso de Ci\u00eancias Ambientais vinculados ao projeto de extens\u00e3o UNIFAP Lixo Zero participaram de a\u00e7\u00e3o promovida pelo Projeto COSTAMAR em alus\u00e3o ao Dia Mundial de Limpeza de Rios e Praias.<\/span><\/p><p><span style=\"color: #000000\">A a\u00e7\u00e3o ocorreu na APA da Fazendinha e houve o recolhimento de materiais descartados na regi\u00e3o.<\/span><\/p><p><span style=\"color: #000000\">Promover a cidadania consciente e a sustentabilidade \u00e9 tarefa de todos n\u00f3s.<\/span><\/p>\t\t\t\t\t\t\t\t<\/div>\n\t\t\t\t<\/div>\n\t\t\t\t<div class=\"elementor-element elementor-element-4b3db28 elementor-widget elementor-widget-image\" data-id=\"4b3db28\" data-element_type=\"widget\" data-e-type=\"widget\" data-widget_type=\"image.default\">\n\t\t\t\t<div class=\"elementor-widget-container\">\n\t\t\t\t\t\t\t\t\t\t\t\t\t\t\t<img loading=\"lazy\" decoding=\"async\" width=\"768\" height=\"1024\" src=\"https:\/\/www2.unifap.br\/cambientais\/files\/2025\/09\/Imagem-do-WhatsApp-de-2025-09-22-as-15.25.20_5c9a93f5-768x1024.jpg\" class=\"attachment-large size-large wp-image-5079\" alt=\"\" srcset=\"https:\/\/www2.unifap.br\/cambientais\/files\/2025\/09\/Imagem-do-WhatsApp-de-2025-09-22-as-15.25.20_5c9a93f5-768x1024.jpg 768w, https:\/\/www2.unifap.br\/cambientais\/files\/2025\/09\/Imagem-do-WhatsApp-de-2025-09-22-as-15.25.20_5c9a93f5-225x300.jpg 225w, https:\/\/www2.unifap.br\/cambientais\/files\/2025\/09\/Imagem-do-WhatsApp-de-2025-09-22-as-15.25.20_5c9a93f5-1152x1536.jpg 1152w, https:\/\/www2.unifap.br\/cambientais\/files\/2025\/09\/Imagem-do-WhatsApp-de-2025-09-22-as-15.25.20_5c9a93f5-1536x2048.jpg 1536w, https:\/\/www2.unifap.br\/cambientais\/files\/2025\/09\/Imagem-do-WhatsApp-de-2025-09-22-as-15.25.20_5c9a93f5-113x150.jpg 113w, https:\/\/www2.unifap.br\/cambientais\/files\/2025\/09\/Imagem-do-WhatsApp-de-2025-09-22-as-15.25.20_5c9a93f5-scaled.jpg 1920w\" sizes=\"(max-width: 768px) 100vw, 768px\" \/>\t\t\t\t\t\t\t\t\t\t\t\t\t\t\t<\/div>\n\t\t\t\t<\/div>\n\t\t\t\t\t<\/div>\n\t\t<\/div>\n\t\t\t\t\t<\/div>\n\t\t<\/section>\n\t\t\t\t<\/div>\n\t\t","protected":false},"excerpt":{"rendered":"<p>No dia 20 de setembro de 2025, discentes do curso de Ci\u00eancias Ambientais vinculados ao projeto de extens\u00e3o UNIFAP Lixo Zero participaram de a\u00e7\u00e3o promovida pelo Projeto COSTAMAR em alus\u00e3o ao Dia Mundial de Limpeza de Rios e Praias. A a\u00e7\u00e3o ocorreu na APA da Fazendinha e houve o recolhimento \u2026 <a class=\"continue-reading-link\" href=\"http:\/\/www2.unifap.br\/cambientais\/2025\/09\/22\/20-09-dia-mundial-de-limpeza-de-rios-e-praias\/\"> Continue Lendo <span class=\"meta-nav\">&rarr; <\/span><\/a><\/p>\n","protected":false},"author":3995,"featured_media":0,"comment_status":"open","ping_status":"open","sticky":false,"template":"","format":"standard","meta":{"inline_featured_image":false,"ngg_post_thumbnail":0,"footnotes":""},"categories":[1],"tags":[],"class_list":["post-5078","post","type-post","status-publish","format-standard","hentry","category-sem-categoria"],"_links":{"self":[{"href":"http:\/\/www2.unifap.br\/cambientais\/wp-json\/wp\/v2\/posts\/5078","targetHints":{"allow":["GET"]}}],"collection":[{"href":"http:\/\/www2.unifap.br\/cambientais\/wp-json\/wp\/v2\/posts"}],"about":[{"href":"http:\/\/www2.unifap.br\/cambientais\/wp-json\/wp\/v2\/types\/post"}],"author":[{"embeddable":true,"href":"http:\/\/www2.unifap.br\/cambientais\/wp-json\/wp\/v2\/users\/3995"}],"replies":[{"embeddable":true,"href":"http:\/\/www2.unifap.br\/cambientais\/wp-json\/wp\/v2\/comments?post=5078"}],"version-history":[{"count":6,"href":"http:\/\/www2.unifap.br\/cambientais\/wp-json\/wp\/v2\/posts\/5078\/revisions"}],"predecessor-version":[{"id":5090,"href":"http:\/\/www2.unifap.br\/cambientais\/wp-json\/wp\/v2\/posts\/5078\/revisions\/5090"}],"wp:attachment":[{"href":"http:\/\/www2.unifap.br\/cambientais\/wp-json\/wp\/v2\/media?parent=5078"}],"wp:term":[{"taxonomy":"category","embeddable":true,"href":"http:\/\/www2.unifap.br\/cambientais\/wp-json\/wp\/v2\/categories?post=5078"},{"taxonomy":"post_tag","embeddable":true,"href":"http:\/\/www2.unifap.br\/cambientais\/wp-json\/wp\/v2\/tags?post=5078"}],"curies":[{"name":"wp","href":"https:\/\/api.w.org\/{rel}","templated":true}]}}