{"id":339,"date":"2015-07-06T17:44:48","date_gmt":"2015-07-06T17:44:48","guid":{"rendered":"http:\/\/www2.unifap.br\/derca\/?p=339"},"modified":"2015-08-04T19:20:54","modified_gmt":"2015-08-04T19:20:54","slug":"convocacao-para-habilitacao-e-matricula-sisu-2015-2-campus-santana","status":"publish","type":"post","link":"http:\/\/www2.unifap.br\/derca\/2015\/07\/06\/convocacao-para-habilitacao-e-matricula-sisu-2015-2-campus-santana\/","title":{"rendered":"CONVOCA\u00c7\u00c3O PARA MATRICULA &#8211; CHAMADA P\u00daBLICA SISU 2015.2 &#8211; CAMPUS SANTANA"},"content":{"rendered":"<p>A Pr\u00f3-Reitora de Ensino de Gradua\u00e7\u00e3o da Universidade Federal do Amap\u00e1 &#8211; UNIFAP, no uso de suas atribui\u00e7\u00f5es legais e estatut\u00e1rias e em conformidade CONVOCA PARA HABILITA\u00c7\u00c3O E MATR\u00cdCULA EM 1\u00aa CHAMADA P\u00daBLICA os candidatos em lista de espera do SISTEMA DE SELE\u00c7\u00c3O UNIFICADA 2\u00ba SEMESTRE DE 2015.<\/p>\n<p><a href=\"http:\/\/www2.unifap.br\/derca\/files\/2015\/07\/Edital-n\u00ba.-026_1\u00aa-CHAMADA-P\u00daBLICA-SISU-2015.pdf\">Edital n\u00ba. 026_1\u00aa CHAMADA P\u00daBLICA &#8211; SISU 2015<\/a><\/p>\n<p><a href=\"http:\/\/www2.unifap.br\/derca\/files\/2015\/07\/Edital-n\u00ba.-027_2\u00aa-CHAMADA-P\u00daBLICA-SISU-2015.pdf\">Edital n\u00ba. 027_2\u00aa CHAMADA P\u00daBLICA &#8211; SISU 2015<\/a><\/p>\n<p><a href=\"http:\/\/www2.unifap.br\/derca\/files\/2015\/07\/Edital-n\u00ba.-028_3\u00aa-CHAMADA-P\u00daBLICA-SISU-2015.pdf\">Edital n\u00ba. 028_3\u00aa CHAMADA P\u00daBLICA &#8211; SISU 2015<\/a> &#8211; 31\/07\/2015<\/p>\n<p><a href=\"http:\/\/www2.unifap.br\/derca\/files\/2015\/07\/COMUNICADO.pdf\">COMUNICADO<\/a><\/p>\n<p>3\u00aa CHAMADA PUBLICA REMARCADA PARA O DIA 11\/08\/2015 CONFORME EDITAL EM ANEXO ABAIXO:<br \/>\n<a href=\"http:\/\/www2.unifap.br\/derca\/files\/2015\/07\/Edital-n\u00ba.-029_3\u00aa-CHAMADA-P\u00daBLICA-REMARCADA-SISU-2015.pdf\">Edital n\u00ba. 029_3\u00aa CHAMADA P\u00daBLICA REMARCADA- SISU 2015<\/a><\/p>\n","protected":false},"excerpt":{"rendered":"<p>A Pr\u00f3-Reitora de Ensino de Gradua\u00e7\u00e3o da Universidade Federal do Amap\u00e1 &#8211; UNIFAP, no uso de suas atribui\u00e7\u00f5es legais e estatut\u00e1rias e em conformidade CONVOCA PARA HABILITA\u00c7\u00c3O E MATR\u00cdCULA EM 1\u00aa CHAMADA P\u00daBLICA os candidatos em lista de espera do SISTEMA DE SELE\u00c7\u00c3O UNIFICADA 2\u00ba SEMESTRE DE 2015. Edital n\u00ba. 026_1\u00aa CHAMADA P\u00daBLICA &#8211; SISU&#8230;<\/p>\n","protected":false},"author":751,"featured_media":0,"comment_status":"closed","ping_status":"closed","sticky":false,"template":"","format":"standard","meta":{"inline_featured_image":false,"site-sidebar-layout":"default","site-content-layout":"","ast-site-content-layout":"default","site-content-style":"default","site-sidebar-style":"default","ast-global-header-display":"","ast-banner-title-visibility":"","ast-main-header-display":"","ast-hfb-above-header-display":"","ast-hfb-below-header-display":"","ast-hfb-mobile-header-display":"","site-post-title":"","ast-breadcrumbs-content":"","ast-featured-img":"","footer-sml-layout":"","theme-transparent-header-meta":"","adv-header-id-meta":"","stick-header-meta":"","header-above-stick-meta":"","header-main-stick-meta":"","header-below-stick-meta":"","astra-migrate-meta-layouts":"default","ast-page-background-enabled":"default","ast-page-background-meta":{"desktop":{"background-color":"var(--ast-global-color-4)","background-image":"","background-repeat":"repeat","background-position":"center center","background-size":"auto","background-attachment":"scroll","background-type":"","background-media":"","overlay-type":"","overlay-color":"","overlay-opacity":"","overlay-gradient":""},"tablet":{"background-color":"","background-image":"","background-repeat":"repeat","background-position":"center center","background-size":"auto","background-attachment":"scroll","background-type":"","background-media":"","overlay-type":"","overlay-color":"","overlay-opacity":"","overlay-gradient":""},"mobile":{"background-color":"","background-image":"","background-repeat":"repeat","background-position":"center center","background-size":"auto","background-attachment":"scroll","background-type":"","background-media":"","overlay-type":"","overlay-color":"","overlay-opacity":"","overlay-gradient":""}},"ast-content-background-meta":{"desktop":{"background-color":"var(--ast-global-color-5)","background-image":"","background-repeat":"repeat","background-position":"center center","background-size":"auto","background-attachment":"scroll","background-type":"","background-media":"","overlay-type":"","overlay-color":"","overlay-opacity":"","overlay-gradient":""},"tablet":{"background-color":"var(--ast-global-color-5)","background-image":"","background-repeat":"repeat","background-position":"center center","background-size":"auto","background-attachment":"scroll","background-type":"","background-media":"","overlay-type":"","overlay-color":"","overlay-opacity":"","overlay-gradient":""},"mobile":{"background-color":"var(--ast-global-color-5)","background-image":"","background-repeat":"repeat","background-position":"center center","background-size":"auto","background-attachment":"scroll","background-type":"","background-media":"","overlay-type":"","overlay-color":"","overlay-opacity":"","overlay-gradient":""}},"ngg_post_thumbnail":0,"footnotes":""},"categories":[1],"tags":[],"class_list":["post-339","post","type-post","status-publish","format-standard","hentry","category-sem-categoria"],"_links":{"self":[{"href":"http:\/\/www2.unifap.br\/derca\/wp-json\/wp\/v2\/posts\/339","targetHints":{"allow":["GET"]}}],"collection":[{"href":"http:\/\/www2.unifap.br\/derca\/wp-json\/wp\/v2\/posts"}],"about":[{"href":"http:\/\/www2.unifap.br\/derca\/wp-json\/wp\/v2\/types\/post"}],"author":[{"embeddable":true,"href":"http:\/\/www2.unifap.br\/derca\/wp-json\/wp\/v2\/users\/751"}],"replies":[{"embeddable":true,"href":"http:\/\/www2.unifap.br\/derca\/wp-json\/wp\/v2\/comments?post=339"}],"version-history":[{"count":9,"href":"http:\/\/www2.unifap.br\/derca\/wp-json\/wp\/v2\/posts\/339\/revisions"}],"predecessor-version":[{"id":356,"href":"http:\/\/www2.unifap.br\/derca\/wp-json\/wp\/v2\/posts\/339\/revisions\/356"}],"wp:attachment":[{"href":"http:\/\/www2.unifap.br\/derca\/wp-json\/wp\/v2\/media?parent=339"}],"wp:term":[{"taxonomy":"category","embeddable":true,"href":"http:\/\/www2.unifap.br\/derca\/wp-json\/wp\/v2\/categories?post=339"},{"taxonomy":"post_tag","embeddable":true,"href":"http:\/\/www2.unifap.br\/derca\/wp-json\/wp\/v2\/tags?post=339"}],"curies":[{"name":"wp","href":"https:\/\/api.w.org\/{rel}","templated":true}]}}