{"id":365,"date":"2015-09-15T14:48:35","date_gmt":"2015-09-15T14:48:35","guid":{"rendered":"http:\/\/www2.unifap.br\/derca\/?p=365"},"modified":"2015-11-18T19:40:15","modified_gmt":"2015-11-18T19:40:15","slug":"convocacao-para-a-matricula-dos-aprovados-no-ps2015-2-campus-binacional","status":"publish","type":"post","link":"http:\/\/www2.unifap.br\/derca\/2015\/09\/15\/convocacao-para-a-matricula-dos-aprovados-no-ps2015-2-campus-binacional\/","title":{"rendered":"CONVOCA\u00c7\u00c3O PARA A MATR\u00cdCULA DOS APROVADOS NO PS\/2015.2 CAMPUS BINACIONAL"},"content":{"rendered":"<p>A Pr\u00f3-Reitora de Ensino de Gradua\u00e7\u00e3o da Universidade Federal do Amap\u00e1 &#8211; UNIFAP, no uso de suas atribui\u00e7\u00f5es legais e estatut\u00e1rias em conformidade com o Edital n\u00ba. 009-REITORIA\/UNIFAP, de 28\/05\/2015, CONVOCA para habilita\u00e7\u00e3o e matr\u00edcula os candidatos aprovados e classificados na 1o e 2o op\u00e7\u00e3o no Processo Seletivo 2015.2, para os Cursos de Gradua\u00e7\u00e3o desta Institui\u00e7\u00e3o de Ensino Superior, Campus Binacional \u2013 Oiapoque, conforme listagem publicada do site do DEPSEC\/UNIFAP.<\/p>\n<p><a href=\"http:\/\/www2.unifap.br\/derca\/files\/2015\/08\/EDITAL-N\u00ba-033-_PS-2015.2-CONVOCA\u00c7\u00c3O-PARA-MATR\u00cdCULA-_Campus-Binacional.pdf\">EDITAL N\u00ba 033 _PS 2015.2  &#8211; CONVOCA\u00c7\u00c3O PARA MATR\u00cdCULA _Campus Binacional<\/a><\/p>\n<p><a href=\"http:\/\/www2.unifap.br\/derca\/files\/2015\/09\/Edital-n\u00ba.-038_1\u00aa-CHAMADA-P\u00daBLICA-PS-2015.2.pdf\">Edital n\u00ba. 038_1\u00aa CHAMADA P\u00daBLICA &#8211; PS 2015.2<\/a><\/p>\n","protected":false},"excerpt":{"rendered":"<p>A Pr\u00f3-Reitora de Ensino de Gradua\u00e7\u00e3o da Universidade Federal do Amap\u00e1 &#8211; UNIFAP, no uso de suas atribui\u00e7\u00f5es legais e estatut\u00e1rias em conformidade com o Edital n\u00ba. 009-REITORIA\/UNIFAP, de 28\/05\/2015, CONVOCA para habilita\u00e7\u00e3o e matr\u00edcula os candidatos aprovados e classificados na 1o e 2o op\u00e7\u00e3o no Processo Seletivo 2015.2, para os Cursos de Gradua\u00e7\u00e3o desta&#8230;<\/p>\n","protected":false},"author":751,"featured_media":0,"comment_status":"closed","ping_status":"closed","sticky":false,"template":"","format":"standard","meta":{"inline_featured_image":false,"site-sidebar-layout":"default","site-content-layout":"","ast-site-content-layout":"default","site-content-style":"default","site-sidebar-style":"default","ast-global-header-display":"","ast-banner-title-visibility":"","ast-main-header-display":"","ast-hfb-above-header-display":"","ast-hfb-below-header-display":"","ast-hfb-mobile-header-display":"","site-post-title":"","ast-breadcrumbs-content":"","ast-featured-img":"","footer-sml-layout":"","theme-transparent-header-meta":"","adv-header-id-meta":"","stick-header-meta":"","header-above-stick-meta":"","header-main-stick-meta":"","header-below-stick-meta":"","astra-migrate-meta-layouts":"default","ast-page-background-enabled":"default","ast-page-background-meta":{"desktop":{"background-color":"var(--ast-global-color-4)","background-image":"","background-repeat":"repeat","background-position":"center center","background-size":"auto","background-attachment":"scroll","background-type":"","background-media":"","overlay-type":"","overlay-color":"","overlay-opacity":"","overlay-gradient":""},"tablet":{"background-color":"","background-image":"","background-repeat":"repeat","background-position":"center center","background-size":"auto","background-attachment":"scroll","background-type":"","background-media":"","overlay-type":"","overlay-color":"","overlay-opacity":"","overlay-gradient":""},"mobile":{"background-color":"","background-image":"","background-repeat":"repeat","background-position":"center center","background-size":"auto","background-attachment":"scroll","background-type":"","background-media":"","overlay-type":"","overlay-color":"","overlay-opacity":"","overlay-gradient":""}},"ast-content-background-meta":{"desktop":{"background-color":"var(--ast-global-color-5)","background-image":"","background-repeat":"repeat","background-position":"center center","background-size":"auto","background-attachment":"scroll","background-type":"","background-media":"","overlay-type":"","overlay-color":"","overlay-opacity":"","overlay-gradient":""},"tablet":{"background-color":"var(--ast-global-color-5)","background-image":"","background-repeat":"repeat","background-position":"center center","background-size":"auto","background-attachment":"scroll","background-type":"","background-media":"","overlay-type":"","overlay-color":"","overlay-opacity":"","overlay-gradient":""},"mobile":{"background-color":"var(--ast-global-color-5)","background-image":"","background-repeat":"repeat","background-position":"center center","background-size":"auto","background-attachment":"scroll","background-type":"","background-media":"","overlay-type":"","overlay-color":"","overlay-opacity":"","overlay-gradient":""}},"ngg_post_thumbnail":0,"footnotes":""},"categories":[1],"tags":[],"class_list":["post-365","post","type-post","status-publish","format-standard","hentry","category-sem-categoria"],"_links":{"self":[{"href":"http:\/\/www2.unifap.br\/derca\/wp-json\/wp\/v2\/posts\/365","targetHints":{"allow":["GET"]}}],"collection":[{"href":"http:\/\/www2.unifap.br\/derca\/wp-json\/wp\/v2\/posts"}],"about":[{"href":"http:\/\/www2.unifap.br\/derca\/wp-json\/wp\/v2\/types\/post"}],"author":[{"embeddable":true,"href":"http:\/\/www2.unifap.br\/derca\/wp-json\/wp\/v2\/users\/751"}],"replies":[{"embeddable":true,"href":"http:\/\/www2.unifap.br\/derca\/wp-json\/wp\/v2\/comments?post=365"}],"version-history":[{"count":2,"href":"http:\/\/www2.unifap.br\/derca\/wp-json\/wp\/v2\/posts\/365\/revisions"}],"predecessor-version":[{"id":371,"href":"http:\/\/www2.unifap.br\/derca\/wp-json\/wp\/v2\/posts\/365\/revisions\/371"}],"wp:attachment":[{"href":"http:\/\/www2.unifap.br\/derca\/wp-json\/wp\/v2\/media?parent=365"}],"wp:term":[{"taxonomy":"category","embeddable":true,"href":"http:\/\/www2.unifap.br\/derca\/wp-json\/wp\/v2\/categories?post=365"},{"taxonomy":"post_tag","embeddable":true,"href":"http:\/\/www2.unifap.br\/derca\/wp-json\/wp\/v2\/tags?post=365"}],"curies":[{"name":"wp","href":"https:\/\/api.w.org\/{rel}","templated":true}]}}