{"id":2790,"date":"2014-07-31T19:25:24","date_gmt":"2014-07-31T19:25:24","guid":{"rendered":"http:\/\/www2.unifap.br\/edfisica\/?p=2790"},"modified":"2014-12-10T13:08:56","modified_gmt":"2014-12-10T13:08:56","slug":"calendario-academico-2014","status":"publish","type":"post","link":"http:\/\/www2.unifap.br\/edfisica\/2014\/07\/31\/calendario-academico-2014\/","title":{"rendered":"CALEND\u00c1RIO ACAD\u00caMICO 2014"},"content":{"rendered":"<p><a href=\"http:\/\/www2.unifap.br\/edfisica\/files\/2014\/07\/Calend\u00e1rio-Acad\u00eamico-de-2014.pdf\">Calend\u00e1rio Acad\u00eamico de 2014<\/a><\/p>\n<p><a href=\"http:\/\/www2.unifap.br\/edfisica\/files\/2014\/07\/Calend\u00e1rio-Acad\u00eamico-de-2014.pdf\"><a href=\"http:\/\/www2.unifap.br\/edfisica\/files\/2014\/07\/CRONOGRAMA-DE-MATR\u00cdCULA-2014.2-1.pdf\"><a href=\"http:\/\/www2.unifap.br\/edfisica\/files\/2014\/07\/CRONOGRAMA-DE-MATR\u00cdCULA-2014.2-1.pdf\">CRONOGRAMA DE MATR\u00cdCULA 2014.2 (1)<\/a><\/a><\/a><\/p>\n","protected":false},"excerpt":{"rendered":"<p>Calend\u00e1rio Acad\u00eamico de 2014 CRONOGRAMA DE MATR\u00cdCULA 2014.2 (1)<\/p>\n","protected":false},"author":535,"featured_media":0,"comment_status":"closed","ping_status":"closed","sticky":false,"template":"","format":"standard","meta":{"inline_featured_image":false,"ngg_post_thumbnail":0,"footnotes":""},"categories":[3],"tags":[],"class_list":["post-2790","post","type-post","status-publish","format-standard","hentry","category-avisos"],"_links":{"self":[{"href":"http:\/\/www2.unifap.br\/edfisica\/wp-json\/wp\/v2\/posts\/2790","targetHints":{"allow":["GET"]}}],"collection":[{"href":"http:\/\/www2.unifap.br\/edfisica\/wp-json\/wp\/v2\/posts"}],"about":[{"href":"http:\/\/www2.unifap.br\/edfisica\/wp-json\/wp\/v2\/types\/post"}],"author":[{"embeddable":true,"href":"http:\/\/www2.unifap.br\/edfisica\/wp-json\/wp\/v2\/users\/535"}],"replies":[{"embeddable":true,"href":"http:\/\/www2.unifap.br\/edfisica\/wp-json\/wp\/v2\/comments?post=2790"}],"version-history":[{"count":3,"href":"http:\/\/www2.unifap.br\/edfisica\/wp-json\/wp\/v2\/posts\/2790\/revisions"}],"predecessor-version":[{"id":2794,"href":"http:\/\/www2.unifap.br\/edfisica\/wp-json\/wp\/v2\/posts\/2790\/revisions\/2794"}],"wp:attachment":[{"href":"http:\/\/www2.unifap.br\/edfisica\/wp-json\/wp\/v2\/media?parent=2790"}],"wp:term":[{"taxonomy":"category","embeddable":true,"href":"http:\/\/www2.unifap.br\/edfisica\/wp-json\/wp\/v2\/categories?post=2790"},{"taxonomy":"post_tag","embeddable":true,"href":"http:\/\/www2.unifap.br\/edfisica\/wp-json\/wp\/v2\/tags?post=2790"}],"curies":[{"name":"wp","href":"https:\/\/api.w.org\/{rel}","templated":true}]}}