{"id":4344,"date":"2016-03-16T16:39:48","date_gmt":"2016-03-16T16:39:48","guid":{"rendered":"http:\/\/www2.unifap.br\/edfisica\/?p=4344"},"modified":"2016-03-16T16:41:17","modified_gmt":"2016-03-16T16:41:17","slug":"comunicadodesport","status":"publish","type":"post","link":"http:\/\/www2.unifap.br\/edfisica\/2016\/03\/16\/comunicadodesport\/","title":{"rendered":"COMUNICADO\/DESPORT"},"content":{"rendered":"<p style=\"text-align: left\" align=\"center\"><a title=\"Em Virtude da Chamada P\u00fablica (SISU\/PS2016) \u00e0 Quadra de Esportes (Gin\u00e1sio), est\u00e1 RESERVADO APENAS Para o DERCA - Turno TARDE, Conforme Solicitado em: 04\/2016-DARA\/DERCA\" href=\"http:\/\/www2.unifap.br\/edfisica\/files\/2016\/03\/Cancelamneto_e_Suspensao_Temp_Quada.pdf\" target=\"_blank\"><b>Solicita\u00e7\u00f5es para uso da Quadra de Esportes\/Gin\u00e1sio <\/b>no per\u00edodo de <b>28\/03<\/b> at\u00e9 <b>05\/04\/2016 &#8211; <b>EST\u00c1 SUSPENSO<\/b>.<\/b><\/a><\/p>\n<p style=\"text-align: left\" align=\"center\"><!--more--><\/p>\n<p>Considerando ainda o Item: 3 da Autoriza\u00e7\u00e3o<\/p>\n<p>\u201c3 \u2013 Esta autoriza\u00e7\u00e3o fica sem efeito todas as vezes que a Coordena\u00e7\u00e3o do Curso de Educa\u00e7\u00e3o F\u00edsica\/ Divis\u00e3o de Esportes precisar utilizar o referido espa\u00e7o.\u201d<\/p>\n<p>Cancelamos ainda as autoriza\u00e7\u00f5es que est\u00e3o em conflito com data e hor\u00e1rio conforme quadro abaixo:<\/p>\n<table border=\"1\" cellspacing=\"0\" cellpadding=\"0\">\n<tbody>\n<tr>\n<td valign=\"top\" width=\"45\"><b>ITEM<\/b><\/td>\n<td valign=\"top\" width=\"142\"><b>DATA <\/b><\/td>\n<td valign=\"top\" width=\"96\"><b>HOR\u00c1RIO IN\u00cdCIO <\/b><\/td>\n<td valign=\"top\" width=\"127\"><b>HOR\u00c1RIO T\u00c9RMINO<\/b><\/td>\n<td valign=\"top\" width=\"171\"><b>DIA DA SEMANA<\/b><\/td>\n<\/tr>\n<tr>\n<td valign=\"top\" width=\"45\"><b>1\u00a0\u00a0\u00a0\u00a0\u00a0\u00a0\u00a0\u00a0 <\/b><b>\u00a0<\/b><\/td>\n<td valign=\"top\" width=\"142\">\n<p align=\"center\"><b>28, 29, 30 e 31\/03\/2016<\/b><\/p>\n<p align=\"center\"><b>01\/04\/2016<\/b><\/p>\n<\/td>\n<td valign=\"top\" width=\"96\">14h00min<\/td>\n<td valign=\"top\" width=\"127\">18h00hrs<\/td>\n<td valign=\"top\" width=\"171\"><b>Segunda; Ter\u00e7a; Quarta; Quinta e Sexta &#8211; feira.<\/b><\/td>\n<\/tr>\n<tr>\n<td valign=\"top\" width=\"45\"><b>2\u00a0\u00a0\u00a0\u00a0\u00a0\u00a0\u00a0\u00a0 <\/b><b>\u00a0<\/b><\/td>\n<td valign=\"top\" width=\"142\">\n<p align=\"center\"><b>04 e 05\/04<\/b>\/2016<\/p>\n<\/td>\n<td valign=\"top\" width=\"96\">14h00min<\/td>\n<td valign=\"top\" width=\"127\">18h00hrs<\/td>\n<td valign=\"top\" width=\"171\"><b>Segunda e Ter\u00e7a &#8211; feira<\/b><\/td>\n<\/tr>\n<\/tbody>\n<\/table>\n<p>Macap\u00e1, quarta-feira, 16 de mar\u00e7o de 2016.<\/p>\n<p>&nbsp;<\/p>\n<p align=\"center\">\u00c0 Divis\u00e3o de Esportes\/DESPORT<\/p>\n","protected":false},"excerpt":{"rendered":"<p>Solicita\u00e7\u00f5es para uso da Quadra de Esportes\/Gin\u00e1sio no per\u00edodo de 28\/03 at\u00e9 05\/04\/2016 &#8211; EST\u00c1 SUSPENSO.<\/p>\n","protected":false},"author":205,"featured_media":0,"comment_status":"closed","ping_status":"closed","sticky":false,"template":"","format":"standard","meta":{"inline_featured_image":false,"ngg_post_thumbnail":0,"footnotes":""},"categories":[3,9],"tags":[],"class_list":["post-4344","post","type-post","status-publish","format-standard","hentry","category-avisos","category-destaque"],"_links":{"self":[{"href":"http:\/\/www2.unifap.br\/edfisica\/wp-json\/wp\/v2\/posts\/4344","targetHints":{"allow":["GET"]}}],"collection":[{"href":"http:\/\/www2.unifap.br\/edfisica\/wp-json\/wp\/v2\/posts"}],"about":[{"href":"http:\/\/www2.unifap.br\/edfisica\/wp-json\/wp\/v2\/types\/post"}],"author":[{"embeddable":true,"href":"http:\/\/www2.unifap.br\/edfisica\/wp-json\/wp\/v2\/users\/205"}],"replies":[{"embeddable":true,"href":"http:\/\/www2.unifap.br\/edfisica\/wp-json\/wp\/v2\/comments?post=4344"}],"version-history":[{"count":2,"href":"http:\/\/www2.unifap.br\/edfisica\/wp-json\/wp\/v2\/posts\/4344\/revisions"}],"predecessor-version":[{"id":4347,"href":"http:\/\/www2.unifap.br\/edfisica\/wp-json\/wp\/v2\/posts\/4344\/revisions\/4347"}],"wp:attachment":[{"href":"http:\/\/www2.unifap.br\/edfisica\/wp-json\/wp\/v2\/media?parent=4344"}],"wp:term":[{"taxonomy":"category","embeddable":true,"href":"http:\/\/www2.unifap.br\/edfisica\/wp-json\/wp\/v2\/categories?post=4344"},{"taxonomy":"post_tag","embeddable":true,"href":"http:\/\/www2.unifap.br\/edfisica\/wp-json\/wp\/v2\/tags?post=4344"}],"curies":[{"name":"wp","href":"https:\/\/api.w.org\/{rel}","templated":true}]}}