{"id":7518,"date":"2017-10-21T11:22:54","date_gmt":"2017-10-21T11:22:54","guid":{"rendered":"http:\/\/www2.unifap.br\/edfisica\/?p=7518"},"modified":"2017-10-22T02:27:58","modified_gmt":"2017-10-22T02:27:58","slug":"judo","status":"publish","type":"post","link":"http:\/\/www2.unifap.br\/edfisica\/2017\/10\/21\/judo\/","title":{"rendered":"Jud\u00f4 conquista medalha de BRONZE para o Amap\u00e1 e UNIFAP em,Goi\u00e2nia\/GO &#8211; JUBs 2017"},"content":{"rendered":"<p align=\"center\"><!--more--><\/p>\n<p align=\"center\"><a href=\"http:\/\/www2.unifap.br\/edfisica\/2017\/10\/19\/informe-91\/\" target=\"_blank\">Informe n\u00ba 91A\/2017 CCEF\u00a0<\/a><\/p>\n<p>\u00a0\u00a0Divis\u00e3o de Esportes informa \u00e0 Comunidade Unifapiana, que \u00e0 discente\u00a0<b>SAMILA REBECA DIAS COELHO<\/b>\u00a0do curso de gradua\u00e7\u00e3o presencial L\u00edngua e Literatura Portuguesa, Campus Santana,<b>Conquista a medalha de BRONZE na 65\u00aa Edi\u00e7\u00e3o do JUB&#8217;s<\/b>, Goi\u00e2nia-GO, na modalidade individual: jud\u00f4 s\u00eanior (+ 20 anos) feminino leve -57 kg, Faixa Preta. [Fase Individual]<\/p>\n<p style=\"text-align: right\">\u00a0Macap\u00e1, (AP): 21 de outubro de 2017.<\/p>\n<p style=\"text-align: right\">A Divis\u00e3o de Esportes &#8211; ESPORT\/DEDU\/CCEF<\/p>\n<p style=\"text-align: right\"><!--more--><!--more--><\/p>\n<p style=\"text-align: left\">FOTOS<\/p>\n<div id='gallery-1' class='gallery galleryid-7518 gallery-columns-3 gallery-size-thumbnail'><figure class='gallery-item'>\n\t\t\t<div class='gallery-icon landscape'>\n\t\t\t\t<a href='http:\/\/www2.unifap.br\/edfisica\/files\/2017\/10\/Fotos_Jogo_JUDO_fase_disputa_Medal_Bronz_Samila_Rebeca-2.jpg'><img decoding=\"async\" width=\"150\" height=\"150\" src=\"http:\/\/www2.unifap.br\/edfisica\/files\/2017\/10\/Fotos_Jogo_JUDO_fase_disputa_Medal_Bronz_Samila_Rebeca-2-150x150.jpg\" class=\"attachment-thumbnail size-thumbnail\" alt=\"\" srcset=\"http:\/\/www2.unifap.br\/edfisica\/files\/2017\/10\/Fotos_Jogo_JUDO_fase_disputa_Medal_Bronz_Samila_Rebeca-2-150x150.jpg 150w, http:\/\/www2.unifap.br\/edfisica\/files\/2017\/10\/Fotos_Jogo_JUDO_fase_disputa_Medal_Bronz_Samila_Rebeca-2-70x70.jpg 70w\" sizes=\"(max-width: 150px) 100vw, 150px\" \/><\/a>\n\t\t\t<\/div><\/figure><figure class='gallery-item'>\n\t\t\t<div class='gallery-icon landscape'>\n\t\t\t\t<a href='http:\/\/www2.unifap.br\/edfisica\/files\/2017\/10\/fOTOS_Bronze_JUDO_Fem_Aluna-Atleta_Samila_Rebeca_21-10-17.jpg'><img decoding=\"async\" width=\"150\" height=\"150\" src=\"http:\/\/www2.unifap.br\/edfisica\/files\/2017\/10\/fOTOS_Bronze_JUDO_Fem_Aluna-Atleta_Samila_Rebeca_21-10-17-150x150.jpg\" class=\"attachment-thumbnail size-thumbnail\" alt=\"\" srcset=\"http:\/\/www2.unifap.br\/edfisica\/files\/2017\/10\/fOTOS_Bronze_JUDO_Fem_Aluna-Atleta_Samila_Rebeca_21-10-17-150x150.jpg 150w, http:\/\/www2.unifap.br\/edfisica\/files\/2017\/10\/fOTOS_Bronze_JUDO_Fem_Aluna-Atleta_Samila_Rebeca_21-10-17-70x70.jpg 70w\" sizes=\"(max-width: 150px) 100vw, 150px\" \/><\/a>\n\t\t\t<\/div><\/figure><figure class='gallery-item'>\n\t\t\t<div class='gallery-icon landscape'>\n\t\t\t\t<a href='http:\/\/www2.unifap.br\/edfisica\/files\/2017\/10\/Fotos_Jogo_JUDO_fase_disputa_Medal_Bronz_Samila_Rebeca-4.jpg'><img decoding=\"async\" width=\"150\" height=\"150\" src=\"http:\/\/www2.unifap.br\/edfisica\/files\/2017\/10\/Fotos_Jogo_JUDO_fase_disputa_Medal_Bronz_Samila_Rebeca-4-150x150.jpg\" class=\"attachment-thumbnail size-thumbnail\" alt=\"\" srcset=\"http:\/\/www2.unifap.br\/edfisica\/files\/2017\/10\/Fotos_Jogo_JUDO_fase_disputa_Medal_Bronz_Samila_Rebeca-4-150x150.jpg 150w, http:\/\/www2.unifap.br\/edfisica\/files\/2017\/10\/Fotos_Jogo_JUDO_fase_disputa_Medal_Bronz_Samila_Rebeca-4-70x70.jpg 70w\" sizes=\"(max-width: 150px) 100vw, 150px\" \/><\/a>\n\t\t\t<\/div><\/figure><figure class='gallery-item'>\n\t\t\t<div class='gallery-icon landscape'>\n\t\t\t\t<a href='http:\/\/www2.unifap.br\/edfisica\/files\/2017\/10\/Fotos_Jogo_JUDO_fase_disputa_Medal_Bronz_Samila_Rebeca-3.jpg'><img loading=\"lazy\" decoding=\"async\" width=\"150\" height=\"150\" src=\"http:\/\/www2.unifap.br\/edfisica\/files\/2017\/10\/Fotos_Jogo_JUDO_fase_disputa_Medal_Bronz_Samila_Rebeca-3-150x150.jpg\" class=\"attachment-thumbnail size-thumbnail\" alt=\"\" srcset=\"http:\/\/www2.unifap.br\/edfisica\/files\/2017\/10\/Fotos_Jogo_JUDO_fase_disputa_Medal_Bronz_Samila_Rebeca-3-150x150.jpg 150w, http:\/\/www2.unifap.br\/edfisica\/files\/2017\/10\/Fotos_Jogo_JUDO_fase_disputa_Medal_Bronz_Samila_Rebeca-3-70x70.jpg 70w\" sizes=\"(max-width: 150px) 100vw, 150px\" \/><\/a>\n\t\t\t<\/div><\/figure><figure class='gallery-item'>\n\t\t\t<div class='gallery-icon portrait'>\n\t\t\t\t<a href='http:\/\/www2.unifap.br\/edfisica\/files\/2017\/10\/fOTOS_Bronze_JUDO_com_Treinador_F_Aluna-Atleta_Samila_21-10-17.jpg'><img loading=\"lazy\" decoding=\"async\" width=\"150\" height=\"150\" src=\"http:\/\/www2.unifap.br\/edfisica\/files\/2017\/10\/fOTOS_Bronze_JUDO_com_Treinador_F_Aluna-Atleta_Samila_21-10-17-150x150.jpg\" class=\"attachment-thumbnail size-thumbnail\" alt=\"\" srcset=\"http:\/\/www2.unifap.br\/edfisica\/files\/2017\/10\/fOTOS_Bronze_JUDO_com_Treinador_F_Aluna-Atleta_Samila_21-10-17-150x150.jpg 150w, http:\/\/www2.unifap.br\/edfisica\/files\/2017\/10\/fOTOS_Bronze_JUDO_com_Treinador_F_Aluna-Atleta_Samila_21-10-17-70x70.jpg 70w\" sizes=\"(max-width: 150px) 100vw, 150px\" \/><\/a>\n\t\t\t<\/div><\/figure><figure class='gallery-item'>\n\t\t\t<div class='gallery-icon landscape'>\n\t\t\t\t<a href='http:\/\/www2.unifap.br\/edfisica\/files\/2017\/10\/fOTOS_no_Podium_sem_Bandeira_UNIFAP_Bronze_JUDO_F_Aluna-Atleta_Samila_21-10-17.jpg'><img loading=\"lazy\" decoding=\"async\" width=\"150\" height=\"150\" src=\"http:\/\/www2.unifap.br\/edfisica\/files\/2017\/10\/fOTOS_no_Podium_sem_Bandeira_UNIFAP_Bronze_JUDO_F_Aluna-Atleta_Samila_21-10-17-150x150.jpg\" class=\"attachment-thumbnail size-thumbnail\" alt=\"\" srcset=\"http:\/\/www2.unifap.br\/edfisica\/files\/2017\/10\/fOTOS_no_Podium_sem_Bandeira_UNIFAP_Bronze_JUDO_F_Aluna-Atleta_Samila_21-10-17-150x150.jpg 150w, http:\/\/www2.unifap.br\/edfisica\/files\/2017\/10\/fOTOS_no_Podium_sem_Bandeira_UNIFAP_Bronze_JUDO_F_Aluna-Atleta_Samila_21-10-17-70x70.jpg 70w\" sizes=\"(max-width: 150px) 100vw, 150px\" \/><\/a>\n\t\t\t<\/div><\/figure><figure class='gallery-item'>\n\t\t\t<div class='gallery-icon landscape'>\n\t\t\t\t<a href='http:\/\/www2.unifap.br\/edfisica\/files\/2017\/10\/Fotos_Jogo_JUDO_fase_disputa_Medal_Bronz_Samila_Rebeca-1.jpg'><img loading=\"lazy\" decoding=\"async\" width=\"150\" height=\"150\" src=\"http:\/\/www2.unifap.br\/edfisica\/files\/2017\/10\/Fotos_Jogo_JUDO_fase_disputa_Medal_Bronz_Samila_Rebeca-1-150x150.jpg\" class=\"attachment-thumbnail size-thumbnail\" alt=\"\" srcset=\"http:\/\/www2.unifap.br\/edfisica\/files\/2017\/10\/Fotos_Jogo_JUDO_fase_disputa_Medal_Bronz_Samila_Rebeca-1-150x150.jpg 150w, http:\/\/www2.unifap.br\/edfisica\/files\/2017\/10\/Fotos_Jogo_JUDO_fase_disputa_Medal_Bronz_Samila_Rebeca-1-70x70.jpg 70w\" sizes=\"(max-width: 150px) 100vw, 150px\" \/><\/a>\n\t\t\t<\/div><\/figure><figure class='gallery-item'>\n\t\t\t<div class='gallery-icon landscape'>\n\t\t\t\t<a href='http:\/\/www2.unifap.br\/edfisica\/files\/2017\/10\/fOTOS_Bronze_JUDO_Feme_Aluna-Atleta_Samila_Rebeca_21-10-17.jpg'><img loading=\"lazy\" decoding=\"async\" width=\"150\" height=\"150\" src=\"http:\/\/www2.unifap.br\/edfisica\/files\/2017\/10\/fOTOS_Bronze_JUDO_Feme_Aluna-Atleta_Samila_Rebeca_21-10-17-150x150.jpg\" class=\"attachment-thumbnail size-thumbnail\" alt=\"\" srcset=\"http:\/\/www2.unifap.br\/edfisica\/files\/2017\/10\/fOTOS_Bronze_JUDO_Feme_Aluna-Atleta_Samila_Rebeca_21-10-17-150x150.jpg 150w, http:\/\/www2.unifap.br\/edfisica\/files\/2017\/10\/fOTOS_Bronze_JUDO_Feme_Aluna-Atleta_Samila_Rebeca_21-10-17-70x70.jpg 70w\" sizes=\"(max-width: 150px) 100vw, 150px\" \/><\/a>\n\t\t\t<\/div><\/figure>\n\t\t<\/div>\n\n","protected":false},"excerpt":{"rendered":"","protected":false},"author":205,"featured_media":0,"comment_status":"open","ping_status":"open","sticky":false,"template":"","format":"standard","meta":{"inline_featured_image":false,"ngg_post_thumbnail":0,"footnotes":""},"categories":[9],"tags":[],"class_list":["post-7518","post","type-post","status-publish","format-standard","hentry","category-destaque"],"_links":{"self":[{"href":"http:\/\/www2.unifap.br\/edfisica\/wp-json\/wp\/v2\/posts\/7518","targetHints":{"allow":["GET"]}}],"collection":[{"href":"http:\/\/www2.unifap.br\/edfisica\/wp-json\/wp\/v2\/posts"}],"about":[{"href":"http:\/\/www2.unifap.br\/edfisica\/wp-json\/wp\/v2\/types\/post"}],"author":[{"embeddable":true,"href":"http:\/\/www2.unifap.br\/edfisica\/wp-json\/wp\/v2\/users\/205"}],"replies":[{"embeddable":true,"href":"http:\/\/www2.unifap.br\/edfisica\/wp-json\/wp\/v2\/comments?post=7518"}],"version-history":[{"count":2,"href":"http:\/\/www2.unifap.br\/edfisica\/wp-json\/wp\/v2\/posts\/7518\/revisions"}],"predecessor-version":[{"id":7528,"href":"http:\/\/www2.unifap.br\/edfisica\/wp-json\/wp\/v2\/posts\/7518\/revisions\/7528"}],"wp:attachment":[{"href":"http:\/\/www2.unifap.br\/edfisica\/wp-json\/wp\/v2\/media?parent=7518"}],"wp:term":[{"taxonomy":"category","embeddable":true,"href":"http:\/\/www2.unifap.br\/edfisica\/wp-json\/wp\/v2\/categories?post=7518"},{"taxonomy":"post_tag","embeddable":true,"href":"http:\/\/www2.unifap.br\/edfisica\/wp-json\/wp\/v2\/tags?post=7518"}],"curies":[{"name":"wp","href":"https:\/\/api.w.org\/{rel}","templated":true}]}}