{"id":7798,"date":"2018-02-01T16:04:35","date_gmt":"2018-02-01T16:04:35","guid":{"rendered":"http:\/\/www2.unifap.br\/edfisica\/?p=7798"},"modified":"2018-02-01T16:05:14","modified_gmt":"2018-02-01T16:05:14","slug":"infor_placa_formatura","status":"publish","type":"post","link":"http:\/\/www2.unifap.br\/edfisica\/2018\/02\/01\/infor_placa_formatura\/","title":{"rendered":"Demanda n\u00ba 587\/2018 \u2013 CCEF -PARECER da Divis\u00e3o de Legisla\u00e7\u00e3o Educacional \u2013 Acerca e sobre Placa de Formatura da Turma"},"content":{"rendered":"<div>\n<div style=\"text-align: left\">Resposta formal \u00e0 Solicita\u00e7\u00e3o on-line n\u00ba 587\/2018 &#8211; CCEF de um <strong>Aluno XXX<\/strong><\/div>\n<div style=\"text-align: left\">Demanda n\u00ba 587\/2018 \u2013 CCEF &#8211; Solicitamos PARECER da Divis\u00e3o de Legisla\u00e7\u00e3o Educacional \u2013 DLE\/UNIFAP<\/div>\n<div style=\"text-align: left\"><\/div>\n<div style=\"text-align: center\"><!--more--><img decoding=\"async\" alt=\"\" src=\"https:\/\/sigadmin.unifap.br\/shared\/img\/instituicao\/brasao.png\" \/><\/div>\n<div id=\"texto\" style=\"text-align: center\">MINIST\u00c9RIO DA EDUCA\u00c7\u00c3O<br \/>\nFUNDA\u00c7\u00c3O UNIVERSIDADE FEDERAL DO AMAP\u00c1<br \/>\nDIVIS\u00c3O DE LEGISLA\u00c7\u00c3O EDUCACIONAL &#8211; DLE<\/div>\n<div style=\"text-align: center\"><\/div>\n<\/div>\n<div id=\"relatorio\">\n<div><span style=\"color: #000000\">MEMORANDO ELETR\u00d4NICO N\u00ba 3\/2018 &#8211; DLE (11.02.25.06.09)\u00a0<\/span><br \/>\n<span style=\"color: #000000\">(Identificador: 201858749)\u00a0<\/span><span style=\"color: #000000\"><b>N\u00ba do Protocolo:<\/b>\u00a023125.003498\/2018-99<\/span><\/p>\n<\/div>\n<div><span style=\"color: #000000\">Macap\u00e1-AP, 01 de Fevereiro de 2018.<\/span><\/div>\n<div><span style=\"color: #000000\"><b>COORDENA\u00c7\u00c3O DO CURSO DE EDUCA\u00c7\u00c3O F\u00cdSICA &#8211; CCEF<\/b><\/span><\/div>\n<div><span style=\"color: #000000\">T\u00edtulo: RE.: Demanda n\u00ba 587\/2018 \u2013 CCEF &#8211; Solicitamos PARECER da Divis\u00e3o de Legisla\u00e7\u00e3o Educacional \u2013 DLE\/UNIFAP<\/span><\/div>\n<div>\n<p align=\"center\"><span style=\"color: #000000\"><strong>DESPACHO<\/strong><\/span><\/p>\n<p align=\"right\"><span style=\"color: #000000\">\u00a0<\/span><\/p>\n<p align=\"right\"><span style=\"color: #000000\">\u00a0<\/span><\/p>\n<p align=\"right\"><span style=\"color: #000000\">Macap\u00e1-AP,\u00a030\u00a0de\u00a0janeiro\u00a0de 2018.<\/span><\/p>\n<p align=\"center\"><span style=\"color: #000000\">\u00a0<\/span><\/p>\n<p align=\"left\"><span style=\"color: #000000\">\u00c0<strong>CCEF<\/strong><\/span><\/p>\n<p align=\"left\"><span style=\"color: #000000\">\u00a0<\/span><\/p>\n<p align=\"left\"><span style=\"color: #000000\"><strong>Prezado(a) coordenador(a),<\/strong><\/span><\/p>\n<p align=\"justify\"><span style=\"color: #000000\">\u00a0<\/span><\/p>\n<p align=\"justify\"><span style=\"color: #000000\">Em resposta ao requerimento do acad\u00eamico <strong>XXX<\/strong>,\u00a0o qual\u00a0solicita esclarecimentos quanto aos crit\u00e9rios de participa\u00e7\u00e3o em placa de formatura e se h\u00e1 regulamenta\u00e7\u00e3o ou normativas a respeito\u00a0de suas dimens\u00f5es e\/ou materiais de confec\u00e7\u00e3o,\u00a0esta DLE manifesta-se da forma seguinte:<\/span><\/p>\n<p align=\"justify\"><span style=\"color: #000000\">Cabe esclarecer que a cola\u00e7\u00e3o de grau \u00e9 obrigat\u00f3ria para a caracteriza\u00e7\u00e3o da conclus\u00e3o dos cursos de gradua\u00e7\u00e3o e \u00e9 o que ensejar\u00e1 o recebimento do correspondente diploma.<\/span><\/p>\n<p align=\"justify\"><span style=\"color: #000000\">A resolu\u00e7\u00e3o 009\/2005\/CONSU\/UNIFAP que regulamenta o ato de cola\u00e7\u00e3o de grau prev\u00ea os requisitos para que os estudantes participem da solenidade:<\/span><\/p>\n<p align=\"justify\"><span style=\"color: #000000\">\u00a0<\/span><span style=\"color: #000000\">Art. 4\u00ba Somente poder\u00e3o participar da solenidade, colando grau, os estudantes que tenham integralizado o curr\u00edculo do curso, e apresentado os documentos exigidos em legisla\u00e7\u00e3o espec\u00edfica, al\u00e9m de certid\u00e3o de inexist\u00eancia de d\u00e9bito junto \u00e0 Biblioteca Central da UNIFAP.<\/span><\/p>\n<p align=\"justify\"><span style=\"color: #000000\">\u00a0<\/span><span style=\"color: #000000\">Conforme se observa, os acad\u00eamicos que n\u00e3o integralizarem o curso n\u00e3o gozam do direito de participar da cola\u00e7\u00e3o de grau, ou seja, se o acad\u00eamico possuir disciplinas pendentes n\u00e3o poder\u00e1 colar grau.<\/span><\/p>\n<p align=\"justify\"><span style=\"color: #000000\">Diante do exposto, constata-se que a obrigatoriedade de ter o curso integralizado\u00a0<strong>refere<\/strong><strong>-se<\/strong><strong>\u00a0somente\u00a0<\/strong><strong>\u00e0<\/strong><strong>\u00a0participa\u00e7\u00e3o\u00a0<\/strong><strong>na<\/strong><strong>solenidade de cola\u00e7\u00e3o de grau, nada dispondo quanto \u00e0 participa\u00e7\u00e3o ou n\u00e3o na placa de formatura.<\/strong><\/span><\/p>\n<p align=\"justify\"><span style=\"color: #000000\">\u00a0<\/span><span style=\"color: #000000\">A Unifap n\u00e3o possui manual de cola\u00e7\u00e3o de grau que preveja as especifica\u00e7\u00f5es de padroniza\u00e7\u00e3o para confec\u00e7\u00e3o de placa. Essas especifica\u00e7\u00f5es, conforme se observa nos manuais de outras IES, referem-se \u00e0s dimens\u00f5es, moldura, os dados que devem constar, formato, fonte e etc.\u00a0No entanto, \u00e9 bom ressaltar que a Prefeitura exerce em algum grau, dentro de suas atribui\u00e7\u00f5es, controle t\u00e9cnico sobre o posicionamento das placas no que tange \u00e0 estrutura f\u00edsica da institui\u00e7\u00e3o,\u00a0a exemplo do que disp\u00f5e do Regimento Geral da UNIFAP em seu Art. 32, V.<\/span><\/p>\n<p align=\"justify\"><span style=\"color: #000000\">\u00a0<\/span><span style=\"color: #000000\"><em>Art. 32. \u00c0 Prefeitura do Campus compete:<\/em><\/span><\/p>\n<p align=\"justify\"><span style=\"color: #000000\"><em>(&#8230;)<\/em><\/span><\/p>\n<p align=\"justify\"><span style=\"color: #000000\"><em>V &#8211; responsabilizar-se pelo bom funcionamento das instala\u00e7\u00f5es da infra-estrutura do campus;<\/em><\/span><\/p>\n<p align=\"justify\"><span style=\"color: #000000\">\u00a0<\/span><span style=\"color: #000000\">A placa de formatura \u00e9 um registro p\u00fablico, sendo um elemento aleg\u00f3rico comemorativo e, usualmente, \u00e9 de responsabilidade da turma ou Comiss\u00e3o de formatura e n\u00e3o da institui\u00e7\u00e3o de ensino, n\u00e3o sendo um elemento obrigat\u00f3rio para conclus\u00e3o do curso, a n\u00e3o ser que a universidade exija em regulamentos e manuais pr\u00f3prios, o que n\u00e3o \u00e9 o caso da UNIFAP. Portanto,\u00a0reside na discricionariedade\u00a0da turma confeccionar a placa\u00a0ou n\u00e3o, bem como organizar quem constar\u00e1 na mesma, haja vista a pr\u00e1tica ser a participa\u00e7\u00e3o daqueles que colaboraram com\u00a0os custos da sua produ\u00e7\u00e3o<\/span><\/p>\n<p align=\"justify\"><span style=\"color: #000000\">Logo, se n\u00e3o h\u00e1 previs\u00e3o\u00a0normativa\u00a0de que s\u00f3 poder\u00e1 participar da placa de formatura aqueles que estiverem com os seus curr\u00edculos integralizados, n\u00e3o h\u00e1 raz\u00e3o para que as Coordena\u00e7\u00f5es de Curso adentrem nesse m\u00e9rito, impedindo que eventuais acad\u00eamicos com pend\u00eancias em disciplinas participem da placa de formatura, haja vista esta n\u00e3o caracterizar aptid\u00e3o para conclus\u00e3o do curso. Portanto, cabe \u00e0 turma deliberar sobre quem constar\u00e1 ou n\u00e3o na mesma.<\/span><\/p>\n<p align=\"left\"><span style=\"color: #000000\">\u00a0\u00a0Atenciosamente,<\/span><\/p>\n<p align=\"left\"><span style=\"color: #000000\">\u00a0<\/span><\/p>\n<p align=\"left\">_______________________________ ______________________________<\/p>\n<table cellspacing=\"0\" cellpadding=\"7\">\n<col width=\"274\" \/>\n<col width=\"274\" \/>\n<tbody>\n<tr valign=\"top\">\n<td width=\"274\"><\/td>\n<td width=\"274\">\n<p align=\"center\"><strong>N\u00e1riton Alberto Ferreira Soares<\/strong><\/p>\n<p align=\"center\">T\u00e9cnico em Assuntos Educacionais<\/p>\n<p align=\"center\">DLE\/COEG<\/p>\n<p align=\"center\">Siape: 2070039<\/p>\n<p align=\"center\">Portaria: 1.604\/2017<\/p>\n<\/td>\n<\/tr>\n<\/tbody>\n<\/table>\n<p align=\"left\">\n<\/div>\n<div id=\"j_id_jsp_260627555_2\">\n<table width=\"650px\" border=\"0\">\n<tbody>\n<tr>\n<td colspan=\"2\"><em>(Autenticado em 01\/02\/2018 09:28)\u00a0<\/em><br \/>\nNARITON ALBERTO FERREIRA SOARES<br \/>\n<i>CHEFE &#8211; TITULAR<br \/>\n<\/i><i>Matr\u00edcula: 2070039<br \/>\n<\/i><\/td>\n<\/tr>\n<\/tbody>\n<\/table>\n<\/div>\n<div><\/div>\n<div><\/div>\n<\/div>\n<div><\/div>\n<div id=\"relatorio-rodape\">\n<table width=\"100%\">\n<tbody>\n<tr>\n<td><a>Fechar<\/a><\/td>\n<td align=\"center\" width=\"70%\">Copyright 2007 &#8211; N\u00facleo de Tecnologia da Informa\u00e7\u00e3o (NTI-UNIFAP) &#8211; UNIFAP<\/td>\n<td align=\"right\"><a href=\"https:\/\/sipac.unifap.br\/sipac\/protocolo\/memorando_eletronico\/memorando_eletronico.jsf?idMemorandoEletronico=356335#\">Imprimir<\/a><\/td>\n<td align=\"right\"><a href=\"https:\/\/sipac.unifap.br\/sipac\/protocolo\/memorando_eletronico\/memorando_eletronico.jsf?idMemorandoEletronico=356335#\"><img decoding=\"async\" title=\"Imprimir\" alt=\"Imprimir\" src=\"https:\/\/sipac.unifap.br\/shared\/javascript\/ext-1.1\/docs\/resources\/print.gif\" \/><\/a><\/td>\n<\/tr>\n<\/tbody>\n<\/table>\n<\/div>\n","protected":false},"excerpt":{"rendered":"<p>Resposta formal \u00e0 Solicita\u00e7\u00e3o on-line n\u00ba 587\/2018 &#8211; CCEF de um Aluno XXX Demanda n\u00ba 587\/2018 \u2013 CCEF &#8211; Solicitamos PARECER da&#8230;<\/p>\n","protected":false},"author":205,"featured_media":0,"comment_status":"open","ping_status":"open","sticky":false,"template":"","format":"standard","meta":{"inline_featured_image":false,"ngg_post_thumbnail":0,"footnotes":""},"categories":[103],"tags":[],"class_list":["post-7798","post","type-post","status-publish","format-standard","hentry","category-ordem-de-servico"],"_links":{"self":[{"href":"http:\/\/www2.unifap.br\/edfisica\/wp-json\/wp\/v2\/posts\/7798","targetHints":{"allow":["GET"]}}],"collection":[{"href":"http:\/\/www2.unifap.br\/edfisica\/wp-json\/wp\/v2\/posts"}],"about":[{"href":"http:\/\/www2.unifap.br\/edfisica\/wp-json\/wp\/v2\/types\/post"}],"author":[{"embeddable":true,"href":"http:\/\/www2.unifap.br\/edfisica\/wp-json\/wp\/v2\/users\/205"}],"replies":[{"embeddable":true,"href":"http:\/\/www2.unifap.br\/edfisica\/wp-json\/wp\/v2\/comments?post=7798"}],"version-history":[{"count":3,"href":"http:\/\/www2.unifap.br\/edfisica\/wp-json\/wp\/v2\/posts\/7798\/revisions"}],"predecessor-version":[{"id":7801,"href":"http:\/\/www2.unifap.br\/edfisica\/wp-json\/wp\/v2\/posts\/7798\/revisions\/7801"}],"wp:attachment":[{"href":"http:\/\/www2.unifap.br\/edfisica\/wp-json\/wp\/v2\/media?parent=7798"}],"wp:term":[{"taxonomy":"category","embeddable":true,"href":"http:\/\/www2.unifap.br\/edfisica\/wp-json\/wp\/v2\/categories?post=7798"},{"taxonomy":"post_tag","embeddable":true,"href":"http:\/\/www2.unifap.br\/edfisica\/wp-json\/wp\/v2\/tags?post=7798"}],"curies":[{"name":"wp","href":"https:\/\/api.w.org\/{rel}","templated":true}]}}