{"id":9032,"date":"2018-06-05T20:01:51","date_gmt":"2018-06-05T20:01:51","guid":{"rendered":"http:\/\/www2.unifap.br\/edfisica\/?p=9032"},"modified":"2018-06-07T21:18:07","modified_gmt":"2018-06-07T21:18:07","slug":"aviso-14","status":"publish","type":"post","link":"http:\/\/www2.unifap.br\/edfisica\/2018\/06\/05\/aviso-14\/","title":{"rendered":"AVISO: n\u00e3o haver\u00e1 atendimento na Coordena\u00e7\u00e3o nos dias 06 e 07 de junho"},"content":{"rendered":"<p><!--more--><\/p>\n<p><span style=\"color: #000000\"><div class='w3eden'><!-- WPDM Link Template: Default Template -->\n\n<div class=\"link-template-default card mb-2\">\n    <div class=\"card-body\">\n        <div class=\"media\">\n            <div class=\"mr-3 img-48\"><img decoding=\"async\" class=\"wpdm_icon\" alt=\"\u00edcone\"   src=\"http:\/\/www2.unifap.br\/edfisica\/wp-content\/plugins\/download-manager\/assets\/file-type-icons\/pdf.png\" \/><\/div>\n            <div class=\"media-body\">\n                <h3 class=\"package-title\"><a href='http:\/\/www2.unifap.br\/edfisica\/download\/aviso_nao_havera_atendimento\/'>2018\/06\/05 - Fandamento Legal - (Colabora\u00e7\u00e3o nas Elei\u00e7\u00f5es para Reitoria 06\/06 e  paralisa\u00e7\u00e3o dos T\u00e9cnicos Administrativos 07\/06).pdf<\/a><\/h3>\n                <div class=\"text-muted text-small\"><i class=\"fas fa-copy\"><\/i> 1  arquivo(s) <i class=\"fas fa-hdd ml-3\"><\/i> 465.63 KB<\/div>\n            <\/div>\n            <div class=\"ml-3\">\n                <a class='wpdm-download-link download-on-click btn btn-primary ' rel='nofollow' href='#' data-downloadurl=\"http:\/\/www2.unifap.br\/edfisica\/download\/aviso_nao_havera_atendimento\/?wpdmdl=9031&refresh=69f419c1571d21777605057\">Download<\/a>\n            <\/div>\n        <\/div>\n    <\/div>\n<\/div>\n\n<\/div> <a href=\"http:\/\/www2.unifap.br\/edfisica\/files\/2014\/12\/novo.gif\"><span style=\"color: #000000\"><img decoding=\"async\" alt=\"novo\" src=\"http:\/\/www2.unifap.br\/edfisica\/files\/2014\/12\/novo.gif\" width=\"31\" height=\"12\" \/><\/span><\/a><\/span><\/p>\n<p><span style=\"color: #000000\"><!--more--><\/span><\/p>\n<p><span style=\"color: #000000\">UNIFAP<b>\/<\/b>PROGRAD<b>\/<\/b>COEG\/DED<b>\/CCEF<\/b> <b>\u2013 <\/b>DESPACHO.<b>\u00a0 <\/b><b>69\/2018.<\/b><\/span><\/p>\n<p align=\"right\"><span style=\"color: #000000\">Macap\u00e1 (AP), 05 de junho de 2018.<\/span><\/p>\n<p><span style=\"color: #000000\"><b>Assunto<\/b>: AVISO AO P\u00daBLICO EM GERAL.<\/span><\/p>\n<p><span style=\"color: #000000\"><b>\u00a0<\/b><\/span><\/p>\n<p><span style=\"color: #000000\">A Coordena\u00e7\u00e3o<b> <\/b>informa ao<b> P\u00fablico em Geral n\u00e3o haver\u00e1 atendimento no per\u00edodo de <span style=\"text-decoration: underline\">06 de junho<\/span>, <\/b>em raz\u00e3o do remanejamento dos Servidores T\u00e9cnicos Administrativos para o munic\u00edpio Mazag\u00e3o Zona Eleitoral, para Colabora\u00e7\u00e3o das Elei\u00e7\u00f5es para Reitoria.\u00a0 A medida tem por finalidade o cumprimento da Resolu\u00e7\u00e3o N. 10\/2017 \u2013 CONSU\/UNIFAP;<\/span><\/p>\n<p><span style=\"color: #000000\">\u00a0<\/span><\/p>\n<p><span style=\"color: #000000\">Informa ainda, que no <b><span style=\"text-decoration: underline\">per\u00edodo de 07 de junho<\/span> <\/b>ser\u00e1 paralisa\u00e7\u00e3o dos T\u00e9cnicos Administrativos Educacional, ato aprovado em Assembleia Geral da Categoria no dia 05\/06\/2018 \u00e0s 9h, no Centro de Vivencias.<\/span><\/p>\n<p><span style=\"color: #000000\">\u00a0<\/span><\/p>\n<p><span style=\"color: #000000\"><b>OBSERVA\u00c7\u00c3O<\/b>: <b>ATENDIMENTOS<\/b> s\u00e3o previamente agendados atrav\u00e9s da p\u00e1gina <a href=\"http:\/\/www2.unifap.br\/edfisica\/agendamento\/\"><span style=\"color: #000000\"><b>www2.unifap.br\/edfisica\/agendamento\/<\/b><\/span><\/a>, para que tenhamos um melhor desempenho e respaldo legal dos atendimentos geridos por este Colegiado.<\/span><\/p>\n<p><span style=\"color: #000000\">\u00a0<\/span><span style=\"color: #000000\">Pedimos Compreens\u00e3o de todos,<\/span><\/p>\n<p><span style=\"color: #000000\">\u00a0<\/span><span style=\"color: #000000\">Respeitosamente,<\/span><\/p>\n<p align=\"right\"><span style=\"color: #000000\">A Coordena\u00e7\u00e3o do Curso de Educa\u00e7\u00e3o F\u00edsica<\/span><\/p>\n","protected":false},"excerpt":{"rendered":"","protected":false},"author":205,"featured_media":0,"comment_status":"open","ping_status":"closed","sticky":false,"template":"","format":"standard","meta":{"inline_featured_image":false,"ngg_post_thumbnail":0,"footnotes":""},"categories":[3],"tags":[],"class_list":["post-9032","post","type-post","status-publish","format-standard","hentry","category-avisos"],"_links":{"self":[{"href":"http:\/\/www2.unifap.br\/edfisica\/wp-json\/wp\/v2\/posts\/9032","targetHints":{"allow":["GET"]}}],"collection":[{"href":"http:\/\/www2.unifap.br\/edfisica\/wp-json\/wp\/v2\/posts"}],"about":[{"href":"http:\/\/www2.unifap.br\/edfisica\/wp-json\/wp\/v2\/types\/post"}],"author":[{"embeddable":true,"href":"http:\/\/www2.unifap.br\/edfisica\/wp-json\/wp\/v2\/users\/205"}],"replies":[{"embeddable":true,"href":"http:\/\/www2.unifap.br\/edfisica\/wp-json\/wp\/v2\/comments?post=9032"}],"version-history":[{"count":2,"href":"http:\/\/www2.unifap.br\/edfisica\/wp-json\/wp\/v2\/posts\/9032\/revisions"}],"predecessor-version":[{"id":9049,"href":"http:\/\/www2.unifap.br\/edfisica\/wp-json\/wp\/v2\/posts\/9032\/revisions\/9049"}],"wp:attachment":[{"href":"http:\/\/www2.unifap.br\/edfisica\/wp-json\/wp\/v2\/media?parent=9032"}],"wp:term":[{"taxonomy":"category","embeddable":true,"href":"http:\/\/www2.unifap.br\/edfisica\/wp-json\/wp\/v2\/categories?post=9032"},{"taxonomy":"post_tag","embeddable":true,"href":"http:\/\/www2.unifap.br\/edfisica\/wp-json\/wp\/v2\/tags?post=9032"}],"curies":[{"name":"wp","href":"https:\/\/api.w.org\/{rel}","templated":true}]}}