{"id":5803,"date":"2026-04-30T10:39:19","date_gmt":"2026-04-30T13:39:19","guid":{"rendered":"https:\/\/www2.unifap.br\/educacaodocampo\/?p=5803"},"modified":"2026-04-30T10:39:19","modified_gmt":"2026-04-30T13:39:19","slug":"exposicao-potencialidades-das-frutiferas-da-amazonia","status":"publish","type":"post","link":"http:\/\/www2.unifap.br\/educacaodocampo\/2026\/04\/30\/exposicao-potencialidades-das-frutiferas-da-amazonia\/","title":{"rendered":"EXPOSI\u00c7\u00c3O POTENCIALIDADES DAS FRUT\u00cdFERAS DA AMAZ\u00d4NIA"},"content":{"rendered":"<p><a href=\"http:\/\/www2.unifap.br\/educacaodocampo\/files\/2026\/04\/WhatsApp-Image-2026-02-25-at-19.29.02.jpeg\"><img fetchpriority=\"high\" decoding=\"async\" class=\"alignnone  wp-image-5804\" src=\"http:\/\/www2.unifap.br\/educacaodocampo\/files\/2026\/04\/WhatsApp-Image-2026-02-25-at-19.29.02.jpeg\" alt=\"\" width=\"503\" height=\"503\" srcset=\"http:\/\/www2.unifap.br\/educacaodocampo\/files\/2026\/04\/WhatsApp-Image-2026-02-25-at-19.29.02.jpeg 1080w, http:\/\/www2.unifap.br\/educacaodocampo\/files\/2026\/04\/WhatsApp-Image-2026-02-25-at-19.29.02-300x300.jpeg 300w, http:\/\/www2.unifap.br\/educacaodocampo\/files\/2026\/04\/WhatsApp-Image-2026-02-25-at-19.29.02-1024x1024.jpeg 1024w, http:\/\/www2.unifap.br\/educacaodocampo\/files\/2026\/04\/WhatsApp-Image-2026-02-25-at-19.29.02-150x150.jpeg 150w, http:\/\/www2.unifap.br\/educacaodocampo\/files\/2026\/04\/WhatsApp-Image-2026-02-25-at-19.29.02-768x768.jpeg 768w, http:\/\/www2.unifap.br\/educacaodocampo\/files\/2026\/04\/WhatsApp-Image-2026-02-25-at-19.29.02-70x70.jpeg 70w\" sizes=\"(max-width: 503px) 100vw, 503px\" \/><\/a><\/p>\n<p>\ud83c\udf3f Vem a\u00ed a Exposi\u00e7\u00e3o \u2013 Potencialidades das Frut\u00edferas da Amaz\u00f4nia! \ud83c\udf47\ud83c\udf31<\/p>\n<p>No dia 26 de fevereiro de 2026, no Campus Mazag\u00e3o ter\u00e1 uma exposi\u00e7\u00e3o preparada pelos discentes e docente da disciplina de Fruticultura (Turma 2022) do Curso de Licenciatura em Educa\u00e7\u00e3o do Campo, UNIFAP.<\/p>\n<p>\u2728 Ser\u00e1 um espa\u00e7o para explorar sabores, aromas, cores e conhecimentos sobre as frut\u00edferas que fazem parte da riqueza amaz\u00f4nica \u2014 suas potencialidades, usos e import\u00e2ncia para a regi\u00e3o.<\/p>\n<p>\ud83d\udccd Local: Campus Mazag\u00e3o \u2013 UNIFAP<br \/>\n\ud83d\udcc5 Data: 26\/02\/2026<br \/>\n\ud83c\udf43Hor\u00e1rio: 08h30min \u00e0s 11h<\/p>\n<p>Voc\u00ea \u00e9 nosso convidado especial!<\/p>\n<p>Venha conhecer, aprender e se encantar com as maravilhas da Amaz\u00f4nia! \ud83c\udf33\ud83d\udc9a<\/p>\n<p>#Fruticultura<br \/>\n#Amaz\u00f4nia<br \/>\n#UNIFAP<br \/>\n#CampusMazag\u00e3o<br \/>\n#Ci\u00eanciasAgr\u00e1rias<br \/>\n#Educa\u00e7\u00e3odoCampo<br \/>\n#Exposi\u00e7\u00e3o<\/p>\n","protected":false},"excerpt":{"rendered":"<p>\ud83c\udf3f Vem a\u00ed a Exposi\u00e7\u00e3o \u2013 Potencialidades das Frut\u00edferas da Amaz\u00f4nia! \ud83c\udf47\ud83c\udf31 No dia 26 de fevereiro de 2026, no Campus Mazag\u00e3o ter\u00e1 uma exposi\u00e7\u00e3o preparada pelos discentes e docente da disciplina de Fruticultura (Turma 2022) do Curso de Licenciatura&hellip; <\/p>\n<p><a href=\"http:\/\/www2.unifap.br\/educacaodocampo\/2026\/04\/30\/exposicao-potencialidades-das-frutiferas-da-amazonia\/\" class=\"readmore-button\">Continue Reading<\/a><\/p>\n","protected":false},"author":3997,"featured_media":0,"comment_status":"open","ping_status":"open","sticky":false,"template":"","format":"standard","meta":{"inline_featured_image":false,"ngg_post_thumbnail":0,"footnotes":""},"categories":[1],"tags":[],"class_list":["post-5803","post","type-post","status-publish","format-standard","hentry","category-sem-categoria"],"_links":{"self":[{"href":"http:\/\/www2.unifap.br\/educacaodocampo\/wp-json\/wp\/v2\/posts\/5803","targetHints":{"allow":["GET"]}}],"collection":[{"href":"http:\/\/www2.unifap.br\/educacaodocampo\/wp-json\/wp\/v2\/posts"}],"about":[{"href":"http:\/\/www2.unifap.br\/educacaodocampo\/wp-json\/wp\/v2\/types\/post"}],"author":[{"embeddable":true,"href":"http:\/\/www2.unifap.br\/educacaodocampo\/wp-json\/wp\/v2\/users\/3997"}],"replies":[{"embeddable":true,"href":"http:\/\/www2.unifap.br\/educacaodocampo\/wp-json\/wp\/v2\/comments?post=5803"}],"version-history":[{"count":1,"href":"http:\/\/www2.unifap.br\/educacaodocampo\/wp-json\/wp\/v2\/posts\/5803\/revisions"}],"predecessor-version":[{"id":5805,"href":"http:\/\/www2.unifap.br\/educacaodocampo\/wp-json\/wp\/v2\/posts\/5803\/revisions\/5805"}],"wp:attachment":[{"href":"http:\/\/www2.unifap.br\/educacaodocampo\/wp-json\/wp\/v2\/media?parent=5803"}],"wp:term":[{"taxonomy":"category","embeddable":true,"href":"http:\/\/www2.unifap.br\/educacaodocampo\/wp-json\/wp\/v2\/categories?post=5803"},{"taxonomy":"post_tag","embeddable":true,"href":"http:\/\/www2.unifap.br\/educacaodocampo\/wp-json\/wp\/v2\/tags?post=5803"}],"curies":[{"name":"wp","href":"https:\/\/api.w.org\/{rel}","templated":true}]}}