{"id":5808,"date":"2026-04-30T10:46:17","date_gmt":"2026-04-30T13:46:17","guid":{"rendered":"https:\/\/www2.unifap.br\/educacaodocampo\/?p=5808"},"modified":"2026-04-30T10:46:17","modified_gmt":"2026-04-30T13:46:17","slug":"auxilio-viagem-competicoes-esportivas-2026","status":"publish","type":"post","link":"http:\/\/www2.unifap.br\/educacaodocampo\/2026\/04\/30\/auxilio-viagem-competicoes-esportivas-2026\/","title":{"rendered":"AUX\u00cdLIO VIAGEM &#8211; COMPETI\u00c7\u00d5ES ESPORTIVAS 2026"},"content":{"rendered":"<p><a href=\"http:\/\/www2.unifap.br\/educacaodocampo\/files\/2026\/04\/WhatsApp-Image-2026-02-26-at-10.07.50-1.jpeg\"><img fetchpriority=\"high\" decoding=\"async\" class=\"alignnone  wp-image-5809\" src=\"http:\/\/www2.unifap.br\/educacaodocampo\/files\/2026\/04\/WhatsApp-Image-2026-02-26-at-10.07.50-1.jpeg\" alt=\"\" width=\"365\" height=\"365\" srcset=\"http:\/\/www2.unifap.br\/educacaodocampo\/files\/2026\/04\/WhatsApp-Image-2026-02-26-at-10.07.50-1.jpeg 1080w, http:\/\/www2.unifap.br\/educacaodocampo\/files\/2026\/04\/WhatsApp-Image-2026-02-26-at-10.07.50-1-300x300.jpeg 300w, http:\/\/www2.unifap.br\/educacaodocampo\/files\/2026\/04\/WhatsApp-Image-2026-02-26-at-10.07.50-1-1024x1024.jpeg 1024w, http:\/\/www2.unifap.br\/educacaodocampo\/files\/2026\/04\/WhatsApp-Image-2026-02-26-at-10.07.50-1-150x150.jpeg 150w, http:\/\/www2.unifap.br\/educacaodocampo\/files\/2026\/04\/WhatsApp-Image-2026-02-26-at-10.07.50-1-768x768.jpeg 768w, http:\/\/www2.unifap.br\/educacaodocampo\/files\/2026\/04\/WhatsApp-Image-2026-02-26-at-10.07.50-1-70x70.jpeg 70w\" sizes=\"(max-width: 365px) 100vw, 365px\" \/><\/a><\/p>\n<p>\ud83d\udce2 <strong>AUX\u00cdLIO VIAGEM \u2013 COMPETI\u00c7\u00d5ES ESPORTIVAS 2026<\/strong> \ud83c\udfc6\u2708\ufe0f<\/p>\n<p>A Pr\u00f3-Reitoria de Extens\u00e3o e A\u00e7\u00f5es Comunit\u00e1rias (PROEAC), por meio do DACE e da Divis\u00e3o de Esporte e Lazer (DESPL), informa que est\u00e1 publicado o Edital n\u00ba 01\/2026 \u2013 Aux\u00edlio Viagem para Eventos Esportivos da Universidade Federal do Amap\u00e1 (UNIFAP).<\/p>\n<p>\ud83c\udfaf O aux\u00edlio \u00e9 destinado a estudantes de gradua\u00e7\u00e3o presencial que ir\u00e3o representar a UNIFAP em eventos esportivos nacionais e internacionais, como atletas, paratletas ou em fun\u00e7\u00f5es de apoio esportivo.<\/p>\n<p>\ud83d\udcb0 Valores de at\u00e9:<br \/>\n* R$ 1.900,00 (Nacional)<br \/>\n* R$ 2.300,00 (Internacional)<\/p>\n<p>\ud83d\udcc5 Vig\u00eancia: 02\/03\/2026 a 10\/12\/2026<br \/>\n\ud83d\udccc Fluxo cont\u00ednuo durante o per\u00edodo do edital.<\/p>\n<p>\ud83d\udd0e Confira todas as regras, crit\u00e9rios e documentos necess\u00e1rios no edital completo:<br \/>\n\ud83d\udc49 https:\/\/www2.unifap.br\/proeac\/post\/8476\/<\/p>\n<p>N\u00e3o deixe para a \u00faltima hora! Leia atentamente o edital e organize sua documenta\u00e7\u00e3o.<\/p>\n<p>PROEAC\/DACE\/DESPL\/UNIFAP<\/p>\n","protected":false},"excerpt":{"rendered":"<p>\ud83d\udce2 AUX\u00cdLIO VIAGEM \u2013 COMPETI\u00c7\u00d5ES ESPORTIVAS 2026 \ud83c\udfc6\u2708\ufe0f A Pr\u00f3-Reitoria de Extens\u00e3o e A\u00e7\u00f5es Comunit\u00e1rias (PROEAC), por meio do DACE e da Divis\u00e3o de Esporte e Lazer (DESPL), informa que est\u00e1 publicado o Edital n\u00ba 01\/2026 \u2013 Aux\u00edlio Viagem para&hellip; <\/p>\n<p><a href=\"http:\/\/www2.unifap.br\/educacaodocampo\/2026\/04\/30\/auxilio-viagem-competicoes-esportivas-2026\/\" class=\"readmore-button\">Continue Reading<\/a><\/p>\n","protected":false},"author":3997,"featured_media":0,"comment_status":"open","ping_status":"open","sticky":false,"template":"","format":"standard","meta":{"inline_featured_image":false,"ngg_post_thumbnail":0,"footnotes":""},"categories":[1],"tags":[],"class_list":["post-5808","post","type-post","status-publish","format-standard","hentry","category-sem-categoria"],"_links":{"self":[{"href":"http:\/\/www2.unifap.br\/educacaodocampo\/wp-json\/wp\/v2\/posts\/5808","targetHints":{"allow":["GET"]}}],"collection":[{"href":"http:\/\/www2.unifap.br\/educacaodocampo\/wp-json\/wp\/v2\/posts"}],"about":[{"href":"http:\/\/www2.unifap.br\/educacaodocampo\/wp-json\/wp\/v2\/types\/post"}],"author":[{"embeddable":true,"href":"http:\/\/www2.unifap.br\/educacaodocampo\/wp-json\/wp\/v2\/users\/3997"}],"replies":[{"embeddable":true,"href":"http:\/\/www2.unifap.br\/educacaodocampo\/wp-json\/wp\/v2\/comments?post=5808"}],"version-history":[{"count":1,"href":"http:\/\/www2.unifap.br\/educacaodocampo\/wp-json\/wp\/v2\/posts\/5808\/revisions"}],"predecessor-version":[{"id":5810,"href":"http:\/\/www2.unifap.br\/educacaodocampo\/wp-json\/wp\/v2\/posts\/5808\/revisions\/5810"}],"wp:attachment":[{"href":"http:\/\/www2.unifap.br\/educacaodocampo\/wp-json\/wp\/v2\/media?parent=5808"}],"wp:term":[{"taxonomy":"category","embeddable":true,"href":"http:\/\/www2.unifap.br\/educacaodocampo\/wp-json\/wp\/v2\/categories?post=5808"},{"taxonomy":"post_tag","embeddable":true,"href":"http:\/\/www2.unifap.br\/educacaodocampo\/wp-json\/wp\/v2\/tags?post=5808"}],"curies":[{"name":"wp","href":"https:\/\/api.w.org\/{rel}","templated":true}]}}