{"id":2534,"date":"2016-08-23T21:47:33","date_gmt":"2016-08-23T21:47:33","guid":{"rendered":"http:\/\/www2.unifap.br\/nai\/?p=2534"},"modified":"2016-08-24T22:24:42","modified_gmt":"2016-08-24T22:24:42","slug":"inscricoes-para-o-doutorado-da-reamec-ate-25082016","status":"publish","type":"post","link":"http:\/\/www2.unifap.br\/nai\/inscricoes-para-o-doutorado-da-reamec-ate-25082016\/","title":{"rendered":"Inscri\u00e7\u00f5es para o Doutorado da REAMEC at\u00e9 25\/08\/2016"},"content":{"rendered":"<p align=\"center\"><a href=\"http:\/\/www2.unifap.br\/nai\/files\/2016\/08\/Reamec.jpg\"><img decoding=\"async\" class=\"alignnone size-full wp-image-2535\" alt=\"Reamec\" src=\"http:\/\/www2.unifap.br\/nai\/files\/2016\/08\/Reamec.jpg\" width=\"128\" height=\"128\" srcset=\"http:\/\/www2.unifap.br\/nai\/files\/2016\/08\/Reamec.jpg 128w, http:\/\/www2.unifap.br\/nai\/files\/2016\/08\/Reamec-70x70.jpg 70w\" sizes=\"(max-width: 128px) 100vw, 128px\" \/><\/a><\/p>\n<p>O Programa de P\u00f3s-Gradua\u00e7\u00e3o em Educa\u00e7\u00e3o em Ci\u00eancias e Matem\u00e1tica \u2013 PPGECEM, da Rede Amaz\u00f4nica de Educa\u00e7\u00e3o em Ci\u00eancias e Matem\u00e1tica \u2013 REAMEC, torna p\u00fablica a abertura de inscri\u00e7\u00f5es e estabelece as normas para o processo de sele\u00e7\u00e3o de candidatos ao curso de doutorado, turma 2017, por meio do EDITAL DE ABERTURA N\u00ba 01\/2017, publicado em 24\/06\/2016.<\/p>\n<p>Em nome das Institui\u00e7\u00f5es Associadas, a Universidade Federal do Mato Grosso, IES Coordenadora Geral, a Universidade Federal do Par\u00e1 e a Universidade do Estado do Amazonas, Institui\u00e7\u00f5es Coordenadoras de Polos Acad\u00eamicos do PPGECEM\/REAMEC, tornam p\u00fablico o Edital para a sele\u00e7\u00e3o de candidatos ao Programa de P\u00f3s-Gradua\u00e7\u00e3o,\u00a0<strong>Doutorado em Educa\u00e7\u00e3o em Ci\u00eancias e Matem\u00e1tica<\/strong>, para um total de 30 (trinta) vagas.<\/p>\n<p>\u00c1REA DE CONCENTRA\u00c7\u00c3O:\u00a0Educa\u00e7\u00e3o em Ci\u00eancias e Matem\u00e1tica.<\/p>\n<p>LINHAS DE PESQUISA:<\/p>\n<p>&#8211; Forma\u00e7\u00e3o de Professores para a Educa\u00e7\u00e3o em Ci\u00eancias e Matem\u00e1tica.<br \/>\n&#8211; Fundamentos e Metodologias para a Educa\u00e7\u00e3o em Ci\u00eancias e Matem\u00e1tica.<\/p>\n<p>As inscri\u00e7\u00f5es iniciaram em <strong>25\/07 <\/strong>e encerram em<strong> 25\/08\/2016<\/strong>\u00a0nas Secretarias das IES Polos Acad\u00eamicos ou via correios (SEDEX).<\/p>\n<p>Para mais informa\u00e7\u00f5es, acesse:<span style=\"color: #0000ff\">\u00a0<a href=\"http:\/\/www2.unifap.br\/nai\/files\/2016\/07\/Edital-REAMEC-2016.pdf\"><span style=\"color: #0000ff\">http:\/\/www2.unifap.br\/nai\/files\/2016\/07\/Edital-REAMEC-2016.pdf<\/span><\/a><\/span><\/p>\n<p>&nbsp;<\/p>\n<p>&nbsp;<\/p>\n","protected":false},"excerpt":{"rendered":"<p>O Programa de P\u00f3s-Gradua\u00e7\u00e3o em Educa\u00e7\u00e3o em Ci\u00eancias e Matem\u00e1tica \u2013 PPGECEM, da Rede Amaz\u00f4nica de Educa\u00e7\u00e3o em Ci\u00eancias e Matem\u00e1tica \u2013 REAMEC,&#8230;<\/p>\n","protected":false},"author":548,"featured_media":0,"comment_status":"open","ping_status":"open","sticky":false,"template":"","format":"standard","meta":{"inline_featured_image":false,"ngg_post_thumbnail":0,"footnotes":""},"categories":[1],"tags":[],"class_list":["post-2534","post","type-post","status-publish","format-standard","hentry","category-sem-categoria"],"_links":{"self":[{"href":"http:\/\/www2.unifap.br\/nai\/wp-json\/wp\/v2\/posts\/2534","targetHints":{"allow":["GET"]}}],"collection":[{"href":"http:\/\/www2.unifap.br\/nai\/wp-json\/wp\/v2\/posts"}],"about":[{"href":"http:\/\/www2.unifap.br\/nai\/wp-json\/wp\/v2\/types\/post"}],"author":[{"embeddable":true,"href":"http:\/\/www2.unifap.br\/nai\/wp-json\/wp\/v2\/users\/548"}],"replies":[{"embeddable":true,"href":"http:\/\/www2.unifap.br\/nai\/wp-json\/wp\/v2\/comments?post=2534"}],"version-history":[{"count":5,"href":"http:\/\/www2.unifap.br\/nai\/wp-json\/wp\/v2\/posts\/2534\/revisions"}],"predecessor-version":[{"id":2537,"href":"http:\/\/www2.unifap.br\/nai\/wp-json\/wp\/v2\/posts\/2534\/revisions\/2537"}],"wp:attachment":[{"href":"http:\/\/www2.unifap.br\/nai\/wp-json\/wp\/v2\/media?parent=2534"}],"wp:term":[{"taxonomy":"category","embeddable":true,"href":"http:\/\/www2.unifap.br\/nai\/wp-json\/wp\/v2\/categories?post=2534"},{"taxonomy":"post_tag","embeddable":true,"href":"http:\/\/www2.unifap.br\/nai\/wp-json\/wp\/v2\/tags?post=2534"}],"curies":[{"name":"wp","href":"https:\/\/api.w.org\/{rel}","templated":true}]}}