{"id":2598,"date":"2016-09-21T19:53:36","date_gmt":"2016-09-21T19:53:36","guid":{"rendered":"http:\/\/www2.unifap.br\/nai\/?p=2598"},"modified":"2016-09-21T20:30:25","modified_gmt":"2016-09-21T20:30:25","slug":"naiproeac-recebe-novas-bolsistas","status":"publish","type":"post","link":"http:\/\/www2.unifap.br\/nai\/naiproeac-recebe-novas-bolsistas\/","title":{"rendered":"NAI\/PROEAC recebe novas bolsistas"},"content":{"rendered":"<p>O \u00a0N\u00facleo de Acessibilidade e Inclus\u00e3o, vinculado a Pr\u00f3-Reitoria de Extens\u00e3o e A\u00e7\u00f5es Comunit\u00e1rias recebeu em 21\/09\/2016, mais duas bolsistas, Ana Beatriz Veiga dos Santos (Curso de Rela\u00e7\u00f5es Internacionais) e Larissa Rocha Farias (Curso de Letras).<\/p>\n<p><a href=\"http:\/\/www2.unifap.br\/nai\/files\/2016\/09\/Equipe-Nai.jpg\"><img fetchpriority=\"high\" decoding=\"async\" class=\"size-medium wp-image-2599 aligncenter\" alt=\"Equipe Nai\" src=\"http:\/\/www2.unifap.br\/nai\/files\/2016\/09\/Equipe-Nai-300x168.jpg\" width=\"300\" height=\"168\" srcset=\"http:\/\/www2.unifap.br\/nai\/files\/2016\/09\/Equipe-Nai-300x168.jpg 300w, http:\/\/www2.unifap.br\/nai\/files\/2016\/09\/Equipe-Nai-1024x576.jpg 1024w, http:\/\/www2.unifap.br\/nai\/files\/2016\/09\/Equipe-Nai.jpg 1032w\" sizes=\"(max-width: 300px) 100vw, 300px\" \/><\/a><\/p>\n<p>As bolsistas foram recebidas nesta manh\u00e3 pelas servidoras lotadas no n\u00facleo, Eliane Leal Vasquez (Coordenadora), Myryam Sylvia Souza de Almeida (T\u00e9cnicas em Assuntos Educacionais), Marina Knaip Del\u00f4go (Psic\u00f3loga) e tamb\u00e9m pela bolsista Patricia Nunes Furtado (Curso de Letras). A cooordenadora do n\u00facleo destacou quanto a lota\u00e7\u00e3o das mesmas, que \u00a0contribuir\u00e3o para dar celeridade aos servi\u00e7os de acessibidade pedag\u00f3gica, em especial, quanto a adapta\u00e7\u00e3o de materiais did\u00e1ticos aos acad\u00eamicos com defici\u00eancia visual, assim como apoio no administrativo.<\/p>\n<p>&nbsp;<\/p>\n<p>Postagem: Equipe NAI\/PROEAC.<\/p>\n","protected":false},"excerpt":{"rendered":"<p>O \u00a0N\u00facleo de Acessibilidade e Inclus\u00e3o, vinculado a Pr\u00f3-Reitoria de Extens\u00e3o e A\u00e7\u00f5es Comunit\u00e1rias recebeu em 21\/09\/2016, mais duas bolsistas, Ana Beatriz Veiga&#8230;<\/p>\n","protected":false},"author":548,"featured_media":0,"comment_status":"open","ping_status":"open","sticky":false,"template":"","format":"standard","meta":{"inline_featured_image":false,"ngg_post_thumbnail":0,"footnotes":""},"categories":[1],"tags":[],"class_list":["post-2598","post","type-post","status-publish","format-standard","hentry","category-sem-categoria"],"_links":{"self":[{"href":"http:\/\/www2.unifap.br\/nai\/wp-json\/wp\/v2\/posts\/2598","targetHints":{"allow":["GET"]}}],"collection":[{"href":"http:\/\/www2.unifap.br\/nai\/wp-json\/wp\/v2\/posts"}],"about":[{"href":"http:\/\/www2.unifap.br\/nai\/wp-json\/wp\/v2\/types\/post"}],"author":[{"embeddable":true,"href":"http:\/\/www2.unifap.br\/nai\/wp-json\/wp\/v2\/users\/548"}],"replies":[{"embeddable":true,"href":"http:\/\/www2.unifap.br\/nai\/wp-json\/wp\/v2\/comments?post=2598"}],"version-history":[{"count":6,"href":"http:\/\/www2.unifap.br\/nai\/wp-json\/wp\/v2\/posts\/2598\/revisions"}],"predecessor-version":[{"id":2611,"href":"http:\/\/www2.unifap.br\/nai\/wp-json\/wp\/v2\/posts\/2598\/revisions\/2611"}],"wp:attachment":[{"href":"http:\/\/www2.unifap.br\/nai\/wp-json\/wp\/v2\/media?parent=2598"}],"wp:term":[{"taxonomy":"category","embeddable":true,"href":"http:\/\/www2.unifap.br\/nai\/wp-json\/wp\/v2\/categories?post=2598"},{"taxonomy":"post_tag","embeddable":true,"href":"http:\/\/www2.unifap.br\/nai\/wp-json\/wp\/v2\/tags?post=2598"}],"curies":[{"name":"wp","href":"https:\/\/api.w.org\/{rel}","templated":true}]}}