{"id":8354,"date":"2025-02-27T18:53:22","date_gmt":"2025-02-27T18:53:22","guid":{"rendered":"https:\/\/www2.unifap.br\/parfor\/?p=8354"},"modified":"2025-02-27T18:56:43","modified_gmt":"2025-02-27T18:56:43","slug":"roda-de-conversa","status":"publish","type":"post","link":"http:\/\/www2.unifap.br\/parfor\/2025\/02\/27\/roda-de-conversa\/","title":{"rendered":"Roda de Conversa"},"content":{"rendered":"<p>&nbsp;<\/p>\n<p>No dia 15 de fevereiro, o Professor Dr. Ronaldo Manasses, do curso de Letras-Libras da UNIFAP, promoveu uma roda de conversa marcante, reunindo alunos surdos do curso de Letras-Libras e os discentes Equidade das 9 etnias do curso de Licenciatura Intercultural Ind\u00edgena. A conversa foi fundamentada pela disciplina \u201cReflex\u00f5es sobre Grupos \u00c9tnicos-Raciais\u201d, que discute a import\u00e2ncia da Lei 10.639 de 2003, que tornou obrigat\u00f3rio o ensino sobre hist\u00f3ria e cultura afro-brasileira.<\/p>\n<p>Neste encontro, surgiu a oportunidade \u00fanica de trazer para o debate os povos origin\u00e1rios do Amap\u00e1 e Norte do Par\u00e1, criando uma troca intercultural rica, onde os participantes puderam compartilhar suas viv\u00eancias acad\u00eamicas, lutas, desafios e hist\u00f3rias.<\/p>\n<p>O debate tamb\u00e9m evidenciou as interse\u00e7\u00f5es entre as lutas dos povos origin\u00e1rios e a comunidade surda, refor\u00e7ando que a universidade deve ser um espa\u00e7o de acolhimento e respeito para todas as identidades.<\/p>\n<p>Foi um momento de reflex\u00e3o profunda e fortalecimento das lutas pela equidade, reafirmando que a educa\u00e7\u00e3o superior deve ser um local onde todos os saberes e culturas sejam reconhecidos e celebrados.<\/p>\n<p>Confira alguns registros desse encontro inspirador!<\/p>\n","protected":false},"excerpt":{"rendered":"<p>&nbsp; No dia 15 de fevereiro, o Professor Dr. Ronaldo Manasses, do curso de Letras-Libras da UNIFAP, promoveu uma roda de conversa marcante, reunindo alunos surdos do curso de Letras-Libras e os discentes Equidade das 9 etnias do curso de Licenciatura Intercultural Ind\u00edgena. A conversa foi fundamentada pela disciplina \u201cReflex\u00f5es sobre Grupos \u00c9tnicos-Raciais\u201d, que discute&#8230;<\/p>\n","protected":false},"author":3807,"featured_media":8355,"comment_status":"open","ping_status":"open","sticky":false,"template":"","format":"standard","meta":{"inline_featured_image":false,"ngg_post_thumbnail":0,"footnotes":""},"categories":[26,1],"tags":[],"class_list":["post-8354","post","type-post","status-publish","format-standard","has-post-thumbnail","hentry","category-equidade","category-sem-categoria","entry","has-media"],"_links":{"self":[{"href":"http:\/\/www2.unifap.br\/parfor\/wp-json\/wp\/v2\/posts\/8354","targetHints":{"allow":["GET"]}}],"collection":[{"href":"http:\/\/www2.unifap.br\/parfor\/wp-json\/wp\/v2\/posts"}],"about":[{"href":"http:\/\/www2.unifap.br\/parfor\/wp-json\/wp\/v2\/types\/post"}],"author":[{"embeddable":true,"href":"http:\/\/www2.unifap.br\/parfor\/wp-json\/wp\/v2\/users\/3807"}],"replies":[{"embeddable":true,"href":"http:\/\/www2.unifap.br\/parfor\/wp-json\/wp\/v2\/comments?post=8354"}],"version-history":[{"count":1,"href":"http:\/\/www2.unifap.br\/parfor\/wp-json\/wp\/v2\/posts\/8354\/revisions"}],"predecessor-version":[{"id":8356,"href":"http:\/\/www2.unifap.br\/parfor\/wp-json\/wp\/v2\/posts\/8354\/revisions\/8356"}],"wp:featuredmedia":[{"embeddable":true,"href":"http:\/\/www2.unifap.br\/parfor\/wp-json\/wp\/v2\/media\/8355"}],"wp:attachment":[{"href":"http:\/\/www2.unifap.br\/parfor\/wp-json\/wp\/v2\/media?parent=8354"}],"wp:term":[{"taxonomy":"category","embeddable":true,"href":"http:\/\/www2.unifap.br\/parfor\/wp-json\/wp\/v2\/categories?post=8354"},{"taxonomy":"post_tag","embeddable":true,"href":"http:\/\/www2.unifap.br\/parfor\/wp-json\/wp\/v2\/tags?post=8354"}],"curies":[{"name":"wp","href":"https:\/\/api.w.org\/{rel}","templated":true}]}}