{"id":1534,"date":"2014-06-02T14:48:46","date_gmt":"2014-06-02T14:48:46","guid":{"rendered":"http:\/\/www2.unifap.br\/procri\/?p=1534"},"modified":"2014-06-02T14:48:46","modified_gmt":"2014-06-02T14:48:46","slug":"reticacao-do-resultado-da-selecao-do-programa-ibero-americanas","status":"publish","type":"post","link":"http:\/\/www2.unifap.br\/procri\/2014\/06\/02\/reticacao-do-resultado-da-selecao-do-programa-ibero-americanas\/","title":{"rendered":"RETICA\u00c7\u00c3O DO RESULTADO DA SELE\u00c7\u00c3O DO PROGRAMA IBERO-AMERICANAS"},"content":{"rendered":"<p><span style=\"color: #0000ff\"><a href=\"http:\/\/www2.unifap.br\/procri\/files\/2014\/06\/Resultado-Defintivo-da-Sele\u00e7\u00e3o-do-Programa-Ibero-Amerina-edital-01-2014.pdf\"><span style=\"color: #0000ff\">Resultado Defintivo da Sele\u00e7\u00e3o do Programa Ibero-Amerina edital 01 2014<\/span><\/a><\/span><\/p>\n","protected":false},"excerpt":{"rendered":"<p>Resultado Defintivo da Sele\u00e7\u00e3o do Programa Ibero-Amerina edital 01 2014<\/p>\n","protected":false},"author":424,"featured_media":0,"comment_status":"open","ping_status":"open","sticky":false,"template":"","format":"standard","meta":{"inline_featured_image":false,"ngg_post_thumbnail":0,"footnotes":""},"categories":[1],"tags":[],"class_list":["post-1534","post","type-post","status-publish","format-standard","hentry","category-sem-categoria","entry"],"_links":{"self":[{"href":"http:\/\/www2.unifap.br\/procri\/wp-json\/wp\/v2\/posts\/1534","targetHints":{"allow":["GET"]}}],"collection":[{"href":"http:\/\/www2.unifap.br\/procri\/wp-json\/wp\/v2\/posts"}],"about":[{"href":"http:\/\/www2.unifap.br\/procri\/wp-json\/wp\/v2\/types\/post"}],"author":[{"embeddable":true,"href":"http:\/\/www2.unifap.br\/procri\/wp-json\/wp\/v2\/users\/424"}],"replies":[{"embeddable":true,"href":"http:\/\/www2.unifap.br\/procri\/wp-json\/wp\/v2\/comments?post=1534"}],"version-history":[{"count":1,"href":"http:\/\/www2.unifap.br\/procri\/wp-json\/wp\/v2\/posts\/1534\/revisions"}],"predecessor-version":[{"id":1536,"href":"http:\/\/www2.unifap.br\/procri\/wp-json\/wp\/v2\/posts\/1534\/revisions\/1536"}],"wp:attachment":[{"href":"http:\/\/www2.unifap.br\/procri\/wp-json\/wp\/v2\/media?parent=1534"}],"wp:term":[{"taxonomy":"category","embeddable":true,"href":"http:\/\/www2.unifap.br\/procri\/wp-json\/wp\/v2\/categories?post=1534"},{"taxonomy":"post_tag","embeddable":true,"href":"http:\/\/www2.unifap.br\/procri\/wp-json\/wp\/v2\/tags?post=1534"}],"curies":[{"name":"wp","href":"https:\/\/api.w.org\/{rel}","templated":true}]}}