{"id":2407,"date":"2015-10-14T12:31:23","date_gmt":"2015-10-14T12:31:23","guid":{"rendered":"http:\/\/www2.unifap.br\/procri\/?p=2407"},"modified":"2015-10-14T12:31:23","modified_gmt":"2015-10-14T12:31:23","slug":"antecipacao-de-prazos-edital-132015aux-mob-regioes-front-brasil","status":"publish","type":"post","link":"http:\/\/www2.unifap.br\/procri\/2015\/10\/14\/antecipacao-de-prazos-edital-132015aux-mob-regioes-front-brasil\/","title":{"rendered":"ANTECIPA\u00c7\u00c3O DE PRAZOS  EDITAL 13\/2015\/AUX. MOB Regi\u00f5es FRONT BRASIL"},"content":{"rendered":"<p align=\"center\"><b>ANTECIPA\u00c7\u00c3O DE PRAZOS\u00a0\u00a0\u00a0 <\/b>EDITAL 13\/2015\/PROCRI\/UNIFAP DE 28 DE AGOSTO DE 2015<\/p>\n<p align=\"center\">SELE\u00c7\u00c3O DE ALUNOS \u00c0 AUX\u00cdLIO MOB Regi\u00f5es de FRONTEIRA do BRASIL\u00a0\u00a0\u00a0 &#8211; Informamos aos estudantes que por motivo de redu\u00e7\u00e3o do prazo para pedido de pagamento de aux\u00edlio na UNIFAP, fica antecipado o prazo final para inscri\u00e7\u00f5es neste Edital 13\/2015\u00a0 at\u00e9 o dia 16\/10\/2015. Assim tamb\u00e9m a resposta da IES de destino ter\u00e1 que ser at\u00e9 o dia 26\/10\/2015. <a href=\"http:\/\/www2.unifap.br\/procri\/files\/2015\/10\/ANTECIPA\u00c7\u00c3O-DE-PRAZO-DO-EDITAL-13-2015-PROCRI_Bolsa-Aux_Alunos_Fronteira-Bras.pdf\">ANTECIPA\u00c7\u00c3O DE PRAZO DO EDITAL 13-2015-PROCRI_Bolsa-Aux_Alunos_Fronteira Bras<\/a><\/p>\n","protected":false},"excerpt":{"rendered":"<p>ANTECIPA\u00c7\u00c3O DE PRAZOS\u00a0\u00a0\u00a0 EDITAL 13\/2015\/PROCRI\/UNIFAP DE 28 DE AGOSTO DE 2015 SELE\u00c7\u00c3O DE ALUNOS \u00c0 AUX\u00cdLIO MOB Regi\u00f5es de FRONTEIRA do BRASIL\u00a0\u00a0\u00a0 &#8211; Informamos aos estudantes que por motivo de redu\u00e7\u00e3o do prazo para pedido de pagamento de aux\u00edlio na UNIFAP, fica antecipado o prazo final para inscri\u00e7\u00f5es neste Edital 13\/2015\u00a0 at\u00e9 o dia 16\/10\/2015&#8230;.<\/p>\n","protected":false},"author":189,"featured_media":0,"comment_status":"open","ping_status":"open","sticky":false,"template":"","format":"standard","meta":{"inline_featured_image":false,"ngg_post_thumbnail":0,"footnotes":""},"categories":[1],"tags":[],"class_list":["post-2407","post","type-post","status-publish","format-standard","hentry","category-sem-categoria","entry"],"_links":{"self":[{"href":"http:\/\/www2.unifap.br\/procri\/wp-json\/wp\/v2\/posts\/2407","targetHints":{"allow":["GET"]}}],"collection":[{"href":"http:\/\/www2.unifap.br\/procri\/wp-json\/wp\/v2\/posts"}],"about":[{"href":"http:\/\/www2.unifap.br\/procri\/wp-json\/wp\/v2\/types\/post"}],"author":[{"embeddable":true,"href":"http:\/\/www2.unifap.br\/procri\/wp-json\/wp\/v2\/users\/189"}],"replies":[{"embeddable":true,"href":"http:\/\/www2.unifap.br\/procri\/wp-json\/wp\/v2\/comments?post=2407"}],"version-history":[{"count":1,"href":"http:\/\/www2.unifap.br\/procri\/wp-json\/wp\/v2\/posts\/2407\/revisions"}],"predecessor-version":[{"id":2410,"href":"http:\/\/www2.unifap.br\/procri\/wp-json\/wp\/v2\/posts\/2407\/revisions\/2410"}],"wp:attachment":[{"href":"http:\/\/www2.unifap.br\/procri\/wp-json\/wp\/v2\/media?parent=2407"}],"wp:term":[{"taxonomy":"category","embeddable":true,"href":"http:\/\/www2.unifap.br\/procri\/wp-json\/wp\/v2\/categories?post=2407"},{"taxonomy":"post_tag","embeddable":true,"href":"http:\/\/www2.unifap.br\/procri\/wp-json\/wp\/v2\/tags?post=2407"}],"curies":[{"name":"wp","href":"https:\/\/api.w.org\/{rel}","templated":true}]}}