{"id":2484,"date":"2016-02-24T17:50:38","date_gmt":"2016-02-24T17:50:38","guid":{"rendered":"http:\/\/www2.unifap.br\/procri\/?p=2484"},"modified":"2016-03-22T20:53:38","modified_gmt":"2016-03-22T20:53:38","slug":"edital-012016procriunifap-de-24-de-fevereiro-de-2016_bolsa-santander","status":"publish","type":"post","link":"http:\/\/www2.unifap.br\/procri\/2016\/02\/24\/edital-012016procriunifap-de-24-de-fevereiro-de-2016_bolsa-santander\/","title":{"rendered":"EDITAL 01\/2016\/PROCRI\/UNIFAP DE 24 DE FEVEREIRO DE 2016_Bolsa Santander"},"content":{"rendered":"<p><b>SELE\u00c7\u00c3O DE ACAD\u00caMICOS \u00c0 BOLSA SANTANDER DE INCENTIVO \u00c0 MOBILIDADE NACIONAL <i>ANDIFES<\/i><\/b><\/p>\n<p><span style=\"color: #0000ff\">NOVO PRAZO DE INSCRI\u00c7\u00c3O: At\u00e9 o dia 28\/03\/2016 a entrega dos documentos, em virtude do feriado do dia 25\/03\/2016.<\/span><\/p>\n<p><b> <\/b>A Pr\u00f3-Reitoria de Coopera\u00e7\u00e3o e Rela\u00e7\u00f5es Interinstitucionais &#8211; PROCRI comunica aos alunos interessados em participar do Programa de Mobilidade Acad\u00eamica Nacional ANDIFES, que est\u00e3o abertas as inscri\u00e7\u00f5es para concorrer \u00e0 bolsa SANTANDER, para 2\u00ba per\u00edodo letivo de 2016, e \u00e9 extensivo a todos os C<i>ampi <\/i>da UNIFAP. (Leia primeiro todo o Edital!)<\/p>\n<p><a href=\"http:\/\/www2.unifap.br\/procri\/files\/2016\/02\/EDITAL-01-2016-PROCRI-UNIFAP_Bolsa-Santander_Mobilidade-Nacional-Andifes.pdf\">EDITAL 01-2016-PROCRI-UNIFAP-Bolsa Santander-Mobilidade Nacional Andifes<\/a><\/p>\n<p><a href=\"http:\/\/www2.unifap.br\/procri\/files\/2016\/02\/FICHA-DE-CADASTRO-DE-MOBILIDADE-ESTUDANTIL.docx\">FICHA DE CADASTRO DE MOBILIDADE ESTUDANTIL<\/a><\/p>\n<p><a href=\"http:\/\/www2.unifap.br\/procri\/files\/2016\/02\/PLANO-DE-DISCIPLINAS_formul\u00e1rio-padr\u00e3o.docx\">PLANO DE DISCIPLINAS-formul\u00e1rio padr\u00e3o<\/a><\/p>\n<p><a href=\"http:\/\/www2.unifap.br\/procri\/files\/2016\/02\/FORMUL\u00c1RIO-DE-RECURSO.docx\">FORMUL\u00c1RIO DE RECURSO \u00a0\u00a0<\/a><\/p>\n<p><a href=\"http:\/\/www2.unifap.br\/procri\/files\/2016\/02\/CONV\u00caNIO-ANDIFES.pdf\">CONV\u00caNIO ANDIFES<\/a><\/p>\n<p><span style=\"color: #800000\">INFORMA\u00c7\u00c3O PARA OS ALUNOS DO OIAPOQUE: os acad\u00eamicos de Oiapoque devem entregar suas inscri\u00e7\u00f5es\/documentos na COPEA\/DICRI aos cuidados da prof. Mariana Alves.<\/span><\/p>\n","protected":false},"excerpt":{"rendered":"<p>SELE\u00c7\u00c3O DE ACAD\u00caMICOS \u00c0 BOLSA SANTANDER DE INCENTIVO \u00c0 MOBILIDADE NACIONAL ANDIFES NOVO PRAZO DE INSCRI\u00c7\u00c3O: At\u00e9 o dia 28\/03\/2016 a entrega dos documentos, em virtude do feriado do dia 25\/03\/2016. A Pr\u00f3-Reitoria de Coopera\u00e7\u00e3o e Rela\u00e7\u00f5es Interinstitucionais &#8211; PROCRI comunica aos alunos interessados em participar do Programa de Mobilidade Acad\u00eamica Nacional ANDIFES, que est\u00e3o&#8230;<\/p>\n","protected":false},"author":189,"featured_media":0,"comment_status":"open","ping_status":"open","sticky":false,"template":"","format":"standard","meta":{"inline_featured_image":false,"ngg_post_thumbnail":0,"footnotes":""},"categories":[1],"tags":[],"class_list":["post-2484","post","type-post","status-publish","format-standard","hentry","category-sem-categoria","entry"],"_links":{"self":[{"href":"http:\/\/www2.unifap.br\/procri\/wp-json\/wp\/v2\/posts\/2484","targetHints":{"allow":["GET"]}}],"collection":[{"href":"http:\/\/www2.unifap.br\/procri\/wp-json\/wp\/v2\/posts"}],"about":[{"href":"http:\/\/www2.unifap.br\/procri\/wp-json\/wp\/v2\/types\/post"}],"author":[{"embeddable":true,"href":"http:\/\/www2.unifap.br\/procri\/wp-json\/wp\/v2\/users\/189"}],"replies":[{"embeddable":true,"href":"http:\/\/www2.unifap.br\/procri\/wp-json\/wp\/v2\/comments?post=2484"}],"version-history":[{"count":5,"href":"http:\/\/www2.unifap.br\/procri\/wp-json\/wp\/v2\/posts\/2484\/revisions"}],"predecessor-version":[{"id":2517,"href":"http:\/\/www2.unifap.br\/procri\/wp-json\/wp\/v2\/posts\/2484\/revisions\/2517"}],"wp:attachment":[{"href":"http:\/\/www2.unifap.br\/procri\/wp-json\/wp\/v2\/media?parent=2484"}],"wp:term":[{"taxonomy":"category","embeddable":true,"href":"http:\/\/www2.unifap.br\/procri\/wp-json\/wp\/v2\/categories?post=2484"},{"taxonomy":"post_tag","embeddable":true,"href":"http:\/\/www2.unifap.br\/procri\/wp-json\/wp\/v2\/tags?post=2484"}],"curies":[{"name":"wp","href":"https:\/\/api.w.org\/{rel}","templated":true}]}}